{"id":10348,"date":"2012-05-13T09:10:49","date_gmt":"2012-05-13T09:10:49","guid":{"rendered":"http:\/\/katinkaskitchen.com\/?p=10348"},"modified":"2022-12-05T23:37:58","modified_gmt":"2022-12-05T22:37:58","slug":"kokoskakor","status":"publish","type":"post","link":"https:\/\/katinkaskitchen.com\/?p=10348","title":{"rendered":"Kokoskakor"},"content":{"rendered":"<h3><a href=\"http:\/\/katinkaskitchen.com\/?attachment_id=10352\" rel=\"attachment wp-att-10352\"><img loading=\"lazy\" decoding=\"async\" class=\"alignright size-medium wp-image-10352\" src=\"http:\/\/files.katinkaskitchen.com\/2012\/05\/kokoskakor-4-Katinkas-Kitchen-300x225.jpg\" alt=\"\" width=\"300\" height=\"225\" srcset=\"https:\/\/files.katinkaskitchen.com\/2012\/05\/kokoskakor-4-Katinkas-Kitchen-300x225.jpg 300w, https:\/\/files.katinkaskitchen.com\/2012\/05\/kokoskakor-4-Katinkas-Kitchen-150x112.jpg 150w, https:\/\/files.katinkaskitchen.com\/2012\/05\/kokoskakor-4-Katinkas-Kitchen-1024x768.jpg 1024w\" sizes=\"auto, (max-width: 300px) 100vw, 300px\" \/><\/a><\/h3>\n<h3>De h\u00e4r kakorna gjorde jag n\u00e4r jag skulle g\u00f6ra dekonstruerad tropisk tarte med ananas och passionsfruktcr\u00e8me. Ananasen skivades och skivorna lades vackert p\u00e5 ett fat, fint r\u00e5socker \u00f6ver och sedan griljerades det med hj\u00e4lp av en br\u00e4nnare (som man anv\u00e4nder till cr\u00e8me br\u00fbl\u00e9e). Det blev v\u00e4ldigt gott och uppskattat.<a href=\"http:\/\/katinkaskitchen.com\/?attachment_id=10355\" rel=\"attachment wp-att-10355\"><img loading=\"lazy\" decoding=\"async\" class=\"alignright size-medium wp-image-10355\" src=\"http:\/\/files.katinkaskitchen.com\/2012\/05\/kokoskakor-2-Katinkas-Kitchen-300x225.jpg\" alt=\"\" width=\"300\" height=\"225\" srcset=\"https:\/\/files.katinkaskitchen.com\/2012\/05\/kokoskakor-2-Katinkas-Kitchen-300x225.jpg 300w, https:\/\/files.katinkaskitchen.com\/2012\/05\/kokoskakor-2-Katinkas-Kitchen-150x112.jpg 150w, https:\/\/files.katinkaskitchen.com\/2012\/05\/kokoskakor-2-Katinkas-Kitchen-1024x768.jpg 1024w\" sizes=\"auto, (max-width: 300px) 100vw, 300px\" \/><\/a><\/h3>\n<h3>Kakorna \u00e4r \u00e4ven supergoda som de \u00e4r.&nbsp;Jag tror jag ska baka en ny sats idag till barnen i kv\u00e4ll!<\/h3>\n<h3>Jag rekommenderar att g\u00f6ra dem lite tunnare \u00e4n min <a href=\"http:\/\/katinkaskitchen.com\/?attachment_id=10358\" rel=\"attachment wp-att-10358\"><img loading=\"lazy\" decoding=\"async\" class=\"alignright size-medium wp-image-10358\" src=\"http:\/\/files.katinkaskitchen.com\/2012\/05\/kokoskakor-1-Katinkas-Kitchen-300x225.jpg\" alt=\"\" width=\"300\" height=\"225\" srcset=\"https:\/\/files.katinkaskitchen.com\/2012\/05\/kokoskakor-1-Katinkas-Kitchen-300x225.jpg 300w, https:\/\/files.katinkaskitchen.com\/2012\/05\/kokoskakor-1-Katinkas-Kitchen-150x112.jpg 150w, https:\/\/files.katinkaskitchen.com\/2012\/05\/kokoskakor-1-Katinkas-Kitchen-1024x768.jpg 1024w\" sizes=\"auto, (max-width: 300px) 100vw, 300px\" \/><\/a>son skar de ni ser p\u00e5 bilden. Degen \u00e4r egentligen en klassisk fransk m\u00f6rdeg, f\u00f6rst\u00e4rkt med kokos. Den kan \u00e4ven anv\u00e4ndas f\u00f6r att g\u00f6ra en ljuvlig pajbotten som man sedan fyller, till exempel s\u00e5 det blir en tropisk tarte.<\/h3>\n<p><em><strong>Du beh\u00f6ver:<\/strong><\/em><\/p>\n<p>200 gram vetemj\u00f6l<\/p>\n<p>2\u00bd dl kokosflingor<\/p>\n<p>1 dl socker<\/p>\n<p>1 tsk vaniljsocker<\/p>\n<p>\u00bd tsk bakpulver<\/p>\n<p>120 gram kylt sm\u00f6r, skuret i kuber<\/p>\n<p>1 \u00e4gg uppvispat med 2 tsk vatten<\/p>\n<p><em><strong>G\u00f6r s\u00e5 h\u00e4r: <\/strong><\/em><\/p>\n<p>L\u00e4gg alla torra ingredienser i en matberedare. K\u00f6r helt snabbt s\u00e5 de blandar sig. L\u00e4gg i sm\u00f6rkuberna och k\u00f6r tills degen blir smulig och n\u00e4stan g\u00e5r ihop. Vispa upp \u00e4gget med vattnet och h\u00e4ll i det. L\u00e5t k\u00f6ra helt snabbt s\u00e5 degen precis g\u00e5r ihop. Du kanske beh\u00f6ver tills\u00e4tta lite mer mj\u00f6l eller kokosflingor om degen blir f\u00f6r l\u00f6s och kladdig. Den ska vara mer fast \u00e4n en smuldeg, men bara just ha bundits ihop s\u00e5 den inte heller blir f\u00f6r kletig.<\/p>\n<p>Var f\u00f6rsiktig med att arbeta degen f\u00f6r mycket, n\u00e4r det \u00e4r socker i blir den l\u00e4tt v\u00e4ldigt kladdig. Rulla degen till en rulle och l\u00e4gg den i plastfolie i kylen att mogna i minst 30 minuter.<\/p>\n<p>Tag fram degrullen och sk\u00e4r i ganska tunna skivor &#8211; knapp \u00bd cm. Alternativt kan du kavla ut degen med lite extra mj\u00f6l direkt p\u00e5 bakpl\u00e5tspappret. Jag anv\u00e4nde nu f\u00f6r f\u00f6rsta g\u00e5ngen mitt nya bakpl\u00e5tsskydd i silikon som fungerade alldeles utm\u00e4rkt, till min stora gl\u00e4dje.<\/p>\n<p>Kakorna kan g\u00f6ras i den storlek (och form) man vill, jag gjorde dem ca 5 cm i diameter.<\/p>\n<p>Gr\u00e4dda kakorna i ugnen som du v\u00e4rmt till 175-200 grader. Ugnen f\u00e5r inte vara f\u00f6r varm, eftersom kakorna l\u00e4tt br\u00e4nns p\u00e5 grund av sockerm\u00e4ngden. Gr\u00e4dda kakorna i ca 8-10 minuter. Titta p\u00e5 dem s\u00e5 de inte blir f\u00f6r m\u00f6rka och br\u00e4nda.<\/p>\n<p>L\u00e5t kakorna svalna och f\u00f6rvara dem sedan i en v\u00e4l f\u00f6rsluten burk s\u00e5 de inte mjuknar.<\/p>\n<p>Bon app\u00e9tit \u00f6nskas med v\u00e4nliga matglada h\u00e4lsningar fr\u00e5n Katinkas Kitchen!<\/p>\n<p>Katinka Hammarski\u00f6ld<\/p>\n<p>katinka.hammarskiold@hotmail.com<\/p>\n<p>www.katinkaskitchen.com<\/p>\n<p>&nbsp;<\/p>\n","protected":false},"excerpt":{"rendered":"<p>De h\u00e4r kakorna gjorde jag n\u00e4r jag skulle g\u00f6ra dekonstruerad tropisk tarte med ananas och passionsfruktcr\u00e8me. Ananasen skivades och skivorna lades vackert p\u00e5 ett fat, fint r\u00e5socker \u00f6ver och sedan griljerades det med hj\u00e4lp av en br\u00e4nnare (som man anv\u00e4nder till cr\u00e8me br\u00fbl\u00e9e). Det blev v\u00e4ldigt gott och uppskattat. Kakorna [&hellip;]<\/p>\n","protected":false},"author":5,"featured_media":10355,"comment_status":"open","ping_status":"open","sticky":false,"template":"","format":"standard","meta":{"footnotes":""},"categories":[103,11770,115,71,4006,45,55],"tags":[],"class_list":["post-10348","post","type-post","status-publish","format-standard","has-post-thumbnail","hentry","category-agg","category-smakakor","category-baka-sott-kakor-pajer-bullar","category-efterratter","category-jul","category-kokos","category-socker"],"_links":{"self":[{"href":"https:\/\/katinkaskitchen.com\/index.php?rest_route=\/wp\/v2\/posts\/10348","targetHints":{"allow":["GET"]}}],"collection":[{"href":"https:\/\/katinkaskitchen.com\/index.php?rest_route=\/wp\/v2\/posts"}],"about":[{"href":"https:\/\/katinkaskitchen.com\/index.php?rest_route=\/wp\/v2\/types\/post"}],"author":[{"embeddable":true,"href":"https:\/\/katinkaskitchen.com\/index.php?rest_route=\/wp\/v2\/users\/5"}],"replies":[{"embeddable":true,"href":"https:\/\/katinkaskitchen.com\/index.php?rest_route=%2Fwp%2Fv2%2Fcomments&post=10348"}],"version-history":[{"count":14,"href":"https:\/\/katinkaskitchen.com\/index.php?rest_route=\/wp\/v2\/posts\/10348\/revisions"}],"predecessor-version":[{"id":31067,"href":"https:\/\/katinkaskitchen.com\/index.php?rest_route=\/wp\/v2\/posts\/10348\/revisions\/31067"}],"wp:featuredmedia":[{"embeddable":true,"href":"https:\/\/katinkaskitchen.com\/index.php?rest_route=\/wp\/v2\/media\/10355"}],"wp:attachment":[{"href":"https:\/\/katinkaskitchen.com\/index.php?rest_route=%2Fwp%2Fv2%2Fmedia&parent=10348"}],"wp:term":[{"taxonomy":"category","embeddable":true,"href":"https:\/\/katinkaskitchen.com\/index.php?rest_route=%2Fwp%2Fv2%2Fcategories&post=10348"},{"taxonomy":"post_tag","embeddable":true,"href":"https:\/\/katinkaskitchen.com\/index.php?rest_route=%2Fwp%2Fv2%2Ftags&post=10348"}],"curies":[{"name":"wp","href":"https:\/\/api.w.org\/{rel}","templated":true}]}}