{"id":10811,"date":"2019-06-26T02:50:46","date_gmt":"2019-06-26T02:50:46","guid":{"rendered":"http:\/\/katinkaskitchen.com\/?p=10811"},"modified":"2022-12-13T11:29:18","modified_gmt":"2022-12-13T10:29:18","slug":"regnmys","status":"publish","type":"post","link":"https:\/\/katinkaskitchen.com\/?p=10811","title":{"rendered":"Regnmys med v\u00e5fflor"},"content":{"rendered":"<h3><a href=\"http:\/\/katinkaskitchen.com\/?attachment_id=10824\" rel=\"attachment wp-att-10824\"><img loading=\"lazy\" decoding=\"async\" class=\"alignright size-medium wp-image-10824\" src=\"http:\/\/files.katinkaskitchen.com\/2012\/06\/sommarregn-7-Katinkas-Kitchen-300x225.jpg\" alt=\"\" width=\"300\" height=\"225\" srcset=\"https:\/\/files.katinkaskitchen.com\/2012\/06\/sommarregn-7-Katinkas-Kitchen-300x225.jpg 300w, https:\/\/files.katinkaskitchen.com\/2012\/06\/sommarregn-7-Katinkas-Kitchen-150x112.jpg 150w, https:\/\/files.katinkaskitchen.com\/2012\/06\/sommarregn-7-Katinkas-Kitchen.jpg 320w\" sizes=\"auto, (max-width: 300px) 100vw, 300px\" \/><\/a><\/h3>\n<h3>Det h\u00e4r inl\u00e4gget skrev jag f\u00f6r n\u00e5gra \u00e5r sedan, och det passar n\u00e4stan lik bra nu (s\u00e4rskilt som jag har ena handen i bandage) &#8211; sommarregn f\u00e5r mig alltid att t\u00e4nka p\u00e5 v\u00e5fflor!<\/h3>\n<h3>I Stockholm regnar det, efter l\u00e5ngliga tider av sol, sol och \u00e5ter sol. Efter veckovis av Medelhavsklimat k\u00e4nns det n\u00e4stan sk\u00f6nt, och minnen v\u00e4cks till liv:<\/h3>\n<h3>N\u00e4r jag h\u00f6r ljudet av sommarregn mot lummigt l\u00f6vverk t\u00e4nker jag p\u00e5 &#8211; v\u00e5fflor! Det kommer sig av att n\u00e4r jag var liten och det regnade p\u00e5 sommaren brukade vi g\u00f6ra v\u00e5fflor, s\u00e5 jag har blivit pr\u00e4glad likt en Pavlovs hund. P\u00e5 landet b\u00f6rjade vi med att g\u00e5 ut och plocka f\u00e4rska b\u00e4r att r\u00e5r\u00f6ra till v\u00e5fflorna, smart s\u00e4tt att f\u00e5 ut oss barn trots v\u00e4dret.<a href=\"http:\/\/katinkaskitchen.com\/?attachment_id=10827\" rel=\"attachment wp-att-10827\"><img loading=\"lazy\" decoding=\"async\" class=\"alignright size-medium wp-image-10827\" src=\"http:\/\/files.katinkaskitchen.com\/2012\/06\/sommarregn-Katinkas-Kitchen-1-300x225.jpg\" alt=\"\" width=\"300\" height=\"225\" srcset=\"https:\/\/files.katinkaskitchen.com\/2012\/06\/sommarregn-Katinkas-Kitchen-1-300x225.jpg 300w, https:\/\/files.katinkaskitchen.com\/2012\/06\/sommarregn-Katinkas-Kitchen-1-150x112.jpg 150w, https:\/\/files.katinkaskitchen.com\/2012\/06\/sommarregn-Katinkas-Kitchen-1-1024x768.jpg 1024w\" sizes=\"auto, (max-width: 300px) 100vw, 300px\" \/><\/a><\/h3>\n<h3>En regnig dag som denna rekommenderar jag d\u00e4rf\u00f6r att ni tittar i frysen efter b\u00e4r, alternativt i kylen efter god sylt&nbsp;&#8211; s\u00e5vida ni inte har gl\u00e4djen av f\u00e4rska b\u00e4r runt knuten.&nbsp;Kanske en tur till aff\u00e4ren f\u00f6r f\u00e4rska b\u00e4r, gr\u00e4dde att vispa och andra ingredienser. Och s\u00e5 st\u00e4ller ni till en v\u00e5ffelfest medan ni lyssnar p\u00e5 regnets trummande.<\/h3>\n<h3>Vill man forts\u00e4tta samkv\u00e4met med h\u00f6gl\u00e4sning kan Tove Janssons f\u00f6rsta bok om Mumindalen &#8211; Sm\u00e5trollen och den stora \u00f6versv\u00e4mningen vara ett <img loading=\"lazy\" decoding=\"async\" class=\"alignright size-medium wp-image-11397\" src=\"http:\/\/files.katinkaskitchen.com\/2012\/06\/vafflor-2-Katinkas-Kitchen-300x225.jpg\" alt=\"vafflor 2 Katinkas Kitchen\" width=\"300\" height=\"225\" srcset=\"https:\/\/files.katinkaskitchen.com\/2012\/06\/vafflor-2-Katinkas-Kitchen-300x225.jpg 300w, https:\/\/files.katinkaskitchen.com\/2012\/06\/vafflor-2-Katinkas-Kitchen-150x112.jpg 150w, https:\/\/files.katinkaskitchen.com\/2012\/06\/vafflor-2-Katinkas-Kitchen.jpg 640w\" sizes=\"auto, (max-width: 300px) 100vw, 300px\" \/>passande alternativ. Ni kanske ocks\u00e5 kan drabbas av den underbara kopplingen att sommarregn inneb\u00e4r mys med v\u00e5fflor, r\u00e5r\u00f6rda b\u00e4r och h\u00f6gl\u00e4sning.<\/h3>\n<h3>Mycket regn- och v\u00e5ffelgl\u00e4dje \u00f6nskas med matglada v\u00e4nliga h\u00e4lsningar fr\u00e5n Katinkas Kitchen!<\/h3>\n<h3>L\u00e4nk till v\u00e5ffelreceptet som ocks\u00e5 l\u00e4ggs h\u00e4r bredvid:&nbsp;<a href=\"http:\/\/katinkaskitchen.com\/?p=1756\">http:\/\/katinkaskitchen.com\/?p=1756<\/a>&nbsp; Nu finns ocks\u00e5 ett utm\u00e4rkt glutenfritt recept h\u00e4r p\u00e5 Katinkas Kitchen &#8211; det publiceras i eget inl\u00e4gg h\u00e4r bredvid, eller s\u00f6k p\u00e5 v\u00e5fflor uppe i s\u00f6krutan till h\u00f6ger.<\/h3>\n<p>Bon app\u00e9tit \u00f6nskas med v\u00e4nliga matglada h\u00e4lsningar fr\u00e5n Katinkas Kitchen<\/p>\n<p>Katinka Hammarski\u00f6ld<\/p>\n<p>katinka.hammarskiold@hotmail.com<\/p>\n<p>www.katinkaskitchen.com<\/p>\n","protected":false},"excerpt":{"rendered":"<p>Det h\u00e4r inl\u00e4gget skrev jag f\u00f6r n\u00e5gra \u00e5r sedan, och det passar n\u00e4stan lik bra nu (s\u00e4rskilt som jag har ena handen i bandage) &#8211; sommarregn f\u00e5r mig alltid att t\u00e4nka p\u00e5 v\u00e5fflor! I Stockholm regnar det, efter l\u00e5ngliga tider av sol, sol och \u00e5ter sol. Efter veckovis av Medelhavsklimat [&hellip;]<\/p>\n","protected":false},"author":5,"featured_media":10827,"comment_status":"open","ping_status":"open","sticky":false,"template":"","format":"standard","meta":{"footnotes":""},"categories":[71,129,55,132,4038],"tags":[],"class_list":["post-10811","post","type-post","status-publish","format-standard","has-post-thumbnail","hentry","category-efterratter","category-jordgubbar","category-socker","category-sommarlata-luncher","category-vafflor"],"_links":{"self":[{"href":"https:\/\/katinkaskitchen.com\/index.php?rest_route=\/wp\/v2\/posts\/10811","targetHints":{"allow":["GET"]}}],"collection":[{"href":"https:\/\/katinkaskitchen.com\/index.php?rest_route=\/wp\/v2\/posts"}],"about":[{"href":"https:\/\/katinkaskitchen.com\/index.php?rest_route=\/wp\/v2\/types\/post"}],"author":[{"embeddable":true,"href":"https:\/\/katinkaskitchen.com\/index.php?rest_route=\/wp\/v2\/users\/5"}],"replies":[{"embeddable":true,"href":"https:\/\/katinkaskitchen.com\/index.php?rest_route=%2Fwp%2Fv2%2Fcomments&post=10811"}],"version-history":[{"count":16,"href":"https:\/\/katinkaskitchen.com\/index.php?rest_route=\/wp\/v2\/posts\/10811\/revisions"}],"predecessor-version":[{"id":35976,"href":"https:\/\/katinkaskitchen.com\/index.php?rest_route=\/wp\/v2\/posts\/10811\/revisions\/35976"}],"wp:featuredmedia":[{"embeddable":true,"href":"https:\/\/katinkaskitchen.com\/index.php?rest_route=\/wp\/v2\/media\/10827"}],"wp:attachment":[{"href":"https:\/\/katinkaskitchen.com\/index.php?rest_route=%2Fwp%2Fv2%2Fmedia&parent=10811"}],"wp:term":[{"taxonomy":"category","embeddable":true,"href":"https:\/\/katinkaskitchen.com\/index.php?rest_route=%2Fwp%2Fv2%2Fcategories&post=10811"},{"taxonomy":"post_tag","embeddable":true,"href":"https:\/\/katinkaskitchen.com\/index.php?rest_route=%2Fwp%2Fv2%2Ftags&post=10811"}],"curies":[{"name":"wp","href":"https:\/\/api.w.org\/{rel}","templated":true}]}}