{"id":11088,"date":"2012-06-10T03:00:11","date_gmt":"2012-06-10T03:00:11","guid":{"rendered":"http:\/\/katinkaskitchen.com\/?p=11088"},"modified":"2022-12-05T23:45:00","modified_gmt":"2022-12-05T22:45:00","slug":"stek-pa-notkott","status":"publish","type":"post","link":"https:\/\/katinkaskitchen.com\/?p=11088","title":{"rendered":"Stek p\u00e5 n\u00f6tk\u00f6tt"},"content":{"rendered":"<h3><a href=\"http:\/\/katinkaskitchen.com\/?attachment_id=11092\" rel=\"attachment wp-att-11092\"><img loading=\"lazy\" decoding=\"async\" class=\"alignright size-medium wp-image-11092\" src=\"http:\/\/files.katinkaskitchen.com\/2012\/06\/stek-2-Katinkas-Kitchen-300x225.jpg\" alt=\"\" width=\"300\" height=\"225\" srcset=\"https:\/\/files.katinkaskitchen.com\/2012\/06\/stek-2-Katinkas-Kitchen-300x225.jpg 300w, https:\/\/files.katinkaskitchen.com\/2012\/06\/stek-2-Katinkas-Kitchen-150x112.jpg 150w, https:\/\/files.katinkaskitchen.com\/2012\/06\/stek-2-Katinkas-Kitchen-1024x768.jpg 1024w\" sizes=\"auto, (max-width: 300px) 100vw, 300px\" \/><\/a><\/h3>\n<h3>N\u00e4r man ska ha m\u00e5nga g\u00e4ster \u00e4r det v\u00e4ldigt praktiskt &#8211; och gott &#8211; att servera stek av n\u00e5got slag och p\u00e5 n\u00e5got vis.<\/h3>\n<h3>Jag har tidigare skrivit om underbar dekonstruerad stek p\u00e5 kalv eller lamm som jag g\u00e4rna g\u00f6r vid en fin middag n\u00e4r det inte \u00e4r alltf\u00f6r m\u00e5nga g\u00e4ster, eftersom den kr\u00e4ver lite mer handgrepp och d\u00e4rmed tid. Du finner receptet p\u00e5 den h\u00e4r l\u00e4nken:&nbsp;<a href=\"http:\/\/katinkaskitchen.com\/?p=10635\">http:\/\/katinkaskitchen.com\/?p=10635<\/a><\/h3>\n<h3>Har jag m\u00e5nga g\u00e4ster g\u00f6r jag helt enkelt steken som den \u00e4r utan st\u00f6rre \u00e5th\u00e4vor. Det \u00e4r enkelt och g\u00e5r fort, i arbetsinsats. Sedan sk\u00f6ter sig steken i ugnen. Har jag gott om tid l\u00e5ter jag den steka p\u00e5 ganska l\u00e5g temperatur f\u00f6r att <a href=\"http:\/\/katinkaskitchen.com\/?attachment_id=11095\" rel=\"attachment wp-att-11095\"><img loading=\"lazy\" decoding=\"async\" class=\"alignright size-medium wp-image-11095\" src=\"http:\/\/files.katinkaskitchen.com\/2012\/06\/festbord-4-Katinkas-Kitchen-300x225.jpg\" alt=\"\" width=\"300\" height=\"225\" srcset=\"https:\/\/files.katinkaskitchen.com\/2012\/06\/festbord-4-Katinkas-Kitchen-300x225.jpg 300w, https:\/\/files.katinkaskitchen.com\/2012\/06\/festbord-4-Katinkas-Kitchen-150x112.jpg 150w, https:\/\/files.katinkaskitchen.com\/2012\/06\/festbord-4-Katinkas-Kitchen-1024x768.jpg 1024w\" sizes=\"auto, (max-width: 300px) 100vw, 300px\" \/><\/a>f\u00e5 k\u00f6ttet extra saftigt och fint.<\/h3>\n<h3>Tillbeh\u00f6ren varierar jag efter tillg\u00e5ng, \u00e5rstid, tycke, smak och tillf\u00e4lle. Sommartid kan det g\u00e4rna bli en enkel men god potatissallad &#8211; antingen den franska eller med ruccola, v\u00e5rl\u00f6k, citron och sumac. Du finner recepten p\u00e5 l\u00e4nkar nedanf\u00f6r B\u00e5de steken eller tillbeh\u00f6r kan d\u00e5 serveras \u00e4ven n\u00e5got avsvalnade p\u00e5 en buff\u00e9 eller g\u00e5ende bord. Ett gott citron- och\/eller \u00f6rtsm\u00f6r till, eller \u00e4nnu enklare: yoghurts\u00e5s p\u00e5 ugnsbakade citroner.<\/h3>\n<h3>L\u00e4nk till den busenkla och supergoda citrons\u00e5sen:&nbsp;<a href=\"http:\/\/katinkaskitchen.com\/?p=3325\">http:\/\/katinkaskitchen.com\/?p=3325<\/a><a href=\"http:\/\/katinkaskitchen.com\/?attachment_id=11098\" rel=\"attachment wp-att-11098\"><img loading=\"lazy\" decoding=\"async\" class=\"alignright size-medium wp-image-11098\" src=\"http:\/\/files.katinkaskitchen.com\/2012\/06\/citronsas-5-Katinkas-Kitchen-300x225.jpg\" alt=\"\" width=\"300\" height=\"225\" srcset=\"https:\/\/files.katinkaskitchen.com\/2012\/06\/citronsas-5-Katinkas-Kitchen-300x225.jpg 300w, https:\/\/files.katinkaskitchen.com\/2012\/06\/citronsas-5-Katinkas-Kitchen-150x112.jpg 150w, https:\/\/files.katinkaskitchen.com\/2012\/06\/citronsas-5-Katinkas-Kitchen-1024x768.jpg 1024w\" sizes=\"auto, (max-width: 300px) 100vw, 300px\" \/><\/a><\/h3>\n<h3>L\u00e4nk till sm\u00f6ret:&nbsp;<a href=\"http:\/\/katinkaskitchen.com\/?p=10334\">http:\/\/katinkaskitchen.com\/?p=10334<\/a><\/h3>\n<h3>L\u00e4nk till fransk potatissallad:<a href=\"http:\/\/katinkaskitchen.com\/?p=2798\">http:\/\/katinkaskitchen.com\/?p=2798<\/a><\/h3>\n<h3>L\u00e4nk till potatissallad med sumac:&nbsp;<a href=\"http:\/\/katinkaskitchen.com\/?p=11018\">http:\/\/katinkaskitchen.com\/?p=11018<\/a><\/h3>\n<h3>S\u00e5 till receptet p\u00e5 steken:<\/h3>\n<p>Ber\u00e4kna ca 200 gram k\u00f6tt per person<\/p>\n<p>olivolja, salt, peppar och \u00f6rtkryddor att knida in k\u00f6ttet med, n\u00f6tstek <a href=\"http:\/\/katinkaskitchen.com\/?attachment_id=11099\" rel=\"attachment wp-att-11099\"><img loading=\"lazy\" decoding=\"async\" class=\"alignright size-medium wp-image-11099\" src=\"http:\/\/files.katinkaskitchen.com\/2012\/06\/potatissallad-m-sumac-5-Katinkas-Kitchen1-300x225.jpg\" alt=\"\" width=\"300\" height=\"225\" srcset=\"https:\/\/files.katinkaskitchen.com\/2012\/06\/potatissallad-m-sumac-5-Katinkas-Kitchen1-300x225.jpg 300w, https:\/\/files.katinkaskitchen.com\/2012\/06\/potatissallad-m-sumac-5-Katinkas-Kitchen1-150x112.jpg 150w, https:\/\/files.katinkaskitchen.com\/2012\/06\/potatissallad-m-sumac-5-Katinkas-Kitchen1-1024x768.jpg 1024w\" sizes=\"auto, (max-width: 300px) 100vw, 300px\" \/><\/a>kan man g\u00e4rna krydda med lite starkare kryddor ocks\u00e5 som chili, paprikapulver och\/eller sumac<\/p>\n<p>Stek k\u00f6ttet i 100-150 grader om du har tid, f\u00f6r ett saftigare k\u00f6tt. Har du inte s\u00e5 gott om tid steker du k\u00f6ttet i 175 grader.<\/p>\n<p>G\u00f6r s\u00e5 h\u00e4r: Gnid in k\u00f6ttet med olja och kryddorna, l\u00e4gg k\u00f6ttet i en ugnsfast form eller p\u00e5 en pl\u00e5t, stick en k\u00f6ttermometer i k\u00f6ttet s\u00e5 spetsen hamnar i den tjockaste delen. St\u00e4ll in k\u00f6ttet i ugnen. Sedan st\u00e5r k\u00f6ttet d\u00e4r och steker sig sj\u00e4lv. Du beh\u00f6ver bara kolla temperaturen. Den som vill steker k\u00f6ttet hastigt i stekpanna p\u00e5 h\u00f6gsta v\u00e4rme f\u00f6r att ge k\u00f6ttet f\u00e4rg innan det st\u00e4lls in i ugnen, men det g\u00e5r att hoppa \u00f6ver. Det s\u00e4ger inte minst v\u00e5r n\u00e4sta satsning f\u00f6r det stora matlagningspriset Bocuse d&#8217;Or, Adam och Albin, som i och f\u00f6r sig g\u00e4rna snabbt bryner k\u00f6ttet f\u00f6r att ge det en fin yta eftersom de sedan steker k\u00f6ttet i l\u00e5ga temperaturer ner till 80 grader f\u00f6r fantastisk saftighet. Det viktiga \u00e4r alltid k\u00f6ttets&nbsp;innertemperatur. F\u00f6r kalv tycker jag att 58-60 \u00e4r en bra innertemperatur d\u00e5 k\u00f6ttet blir rosa och m\u00f6rt. Den som vill ha k\u00f6ttet mer v\u00e4lstekt l\u00e5ter det g\u00e5 upp till lite \u00f6ver 60.<\/p>\n<p>N\u00e4r termometern visar den r\u00e4tta temperaturen tar du ut k\u00f6ttet och l\u00e5ter det vila i tio minuter innan det sk\u00e4rs upp. Det \u00e4r s\u00e4rskilt viktigt om du l\u00e5tit k\u00f6ttet steka p\u00e5 lite h\u00f6gre temperatur i ugnen. T\u00e4nk p\u00e5 att innertemperaturen forts\u00e4tter \u00f6ka efter att du tagit ut k\u00f6ttet. Jag tar alltid ut kalvsteken n\u00e4r termometern visar 57 grader f\u00f6r att det inte ska blir f\u00f6r \u00f6verstekt. Linda in det i lite folie medan det vilar s\u00e5 svalnar det inte f\u00f6r snabbt.<\/p>\n<p>Sk\u00e4r sedan upp k\u00f6ttet i skivor &#8211; ibland vill man kanske ha tunna, ibland tjockare skivor. Servera med de tillbeh\u00f6r du valt och ha en riktigt trevlig festm\u00e5ltid!<\/p>\n<p>Med v\u00e4nliga matglada h\u00e4lsningar fr\u00e5n Katinkas Kitchen<\/p>\n<p>Katinka Hammarski\u00f6ld<\/p>\n<p>katinka.hammarskiold@hotmail.com<\/p>\n<p>www.katinkaskitchen.com<\/p>\n","protected":false},"excerpt":{"rendered":"<p>N\u00e4r man ska ha m\u00e5nga g\u00e4ster \u00e4r det v\u00e4ldigt praktiskt &#8211; och gott &#8211; att servera stek av n\u00e5got slag och p\u00e5 n\u00e5got vis. Jag har tidigare skrivit om underbar dekonstruerad stek p\u00e5 kalv eller lamm som jag g\u00e4rna g\u00f6r vid en fin middag n\u00e4r det inte \u00e4r alltf\u00f6r m\u00e5nga [&hellip;]<\/p>\n","protected":false},"author":2,"featured_media":11092,"comment_status":"open","ping_status":"open","sticky":false,"template":"","format":"standard","meta":{"footnotes":""},"categories":[4024,4008,4036],"tags":[],"class_list":["post-11088","post","type-post","status-publish","format-standard","has-post-thumbnail","hentry","category-festmiddagar","category-kott","category-notkott"],"_links":{"self":[{"href":"https:\/\/katinkaskitchen.com\/index.php?rest_route=\/wp\/v2\/posts\/11088","targetHints":{"allow":["GET"]}}],"collection":[{"href":"https:\/\/katinkaskitchen.com\/index.php?rest_route=\/wp\/v2\/posts"}],"about":[{"href":"https:\/\/katinkaskitchen.com\/index.php?rest_route=\/wp\/v2\/types\/post"}],"author":[{"embeddable":true,"href":"https:\/\/katinkaskitchen.com\/index.php?rest_route=\/wp\/v2\/users\/2"}],"replies":[{"embeddable":true,"href":"https:\/\/katinkaskitchen.com\/index.php?rest_route=%2Fwp%2Fv2%2Fcomments&post=11088"}],"version-history":[{"count":10,"href":"https:\/\/katinkaskitchen.com\/index.php?rest_route=\/wp\/v2\/posts\/11088\/revisions"}],"predecessor-version":[{"id":35647,"href":"https:\/\/katinkaskitchen.com\/index.php?rest_route=\/wp\/v2\/posts\/11088\/revisions\/35647"}],"wp:featuredmedia":[{"embeddable":true,"href":"https:\/\/katinkaskitchen.com\/index.php?rest_route=\/wp\/v2\/media\/11092"}],"wp:attachment":[{"href":"https:\/\/katinkaskitchen.com\/index.php?rest_route=%2Fwp%2Fv2%2Fmedia&parent=11088"}],"wp:term":[{"taxonomy":"category","embeddable":true,"href":"https:\/\/katinkaskitchen.com\/index.php?rest_route=%2Fwp%2Fv2%2Fcategories&post=11088"},{"taxonomy":"post_tag","embeddable":true,"href":"https:\/\/katinkaskitchen.com\/index.php?rest_route=%2Fwp%2Fv2%2Ftags&post=11088"}],"curies":[{"name":"wp","href":"https:\/\/api.w.org\/{rel}","templated":true}]}}