{"id":12261,"date":"2019-08-03T02:50:37","date_gmt":"2019-08-03T02:50:37","guid":{"rendered":"http:\/\/katinkaskitchen.com\/?p=12261"},"modified":"2022-12-13T11:17:43","modified_gmt":"2022-12-13T10:17:43","slug":"kryddsmor-cafe-de-paris-a-la-katinka","status":"publish","type":"post","link":"https:\/\/katinkaskitchen.com\/?p=12261","title":{"rendered":"Kryddsm\u00f6r Caf\u00e9 de Paris \u00e0 la Katinka"},"content":{"rendered":"<h3><a href=\"http:\/\/katinkaskitchen.com\/?attachment_id=12263\" rel=\"attachment wp-att-12263\"><img loading=\"lazy\" decoding=\"async\" class=\"alignright size-large wp-image-12263\" src=\"http:\/\/files.katinkaskitchen.com\/2012\/08\/entrecote-cafe-de-paris-Katinkas-Kitchen-0091-1024x768.jpg\" alt=\"\" width=\"1024\" height=\"768\" srcset=\"https:\/\/files.katinkaskitchen.com\/2012\/08\/entrecote-cafe-de-paris-Katinkas-Kitchen-0091-1024x768.jpg 1024w, https:\/\/files.katinkaskitchen.com\/2012\/08\/entrecote-cafe-de-paris-Katinkas-Kitchen-0091-150x112.jpg 150w, https:\/\/files.katinkaskitchen.com\/2012\/08\/entrecote-cafe-de-paris-Katinkas-Kitchen-0091-300x225.jpg 300w\" sizes=\"auto, (max-width: 1024px) 100vw, 1024px\" \/><\/a><\/h3>\n<h3>Kryddsmn\u00f6r Caf\u00e9 de Paris \u00e4r en klassiker, och ursprungsreceptet \u00e4r hemligt. Det serverades p\u00e5 en<a href=\"http:\/\/katinkaskitchen.com\/?attachment_id=12264\" rel=\"attachment wp-att-12264\"><img loading=\"lazy\" decoding=\"async\" class=\"alignright size-medium wp-image-12264\" src=\"http:\/\/files.katinkaskitchen.com\/2012\/08\/entrecote-cafe-de-paris-Katinkas-Kitchen-007-300x225.jpg\" alt=\"\" width=\"300\" height=\"225\" srcset=\"https:\/\/files.katinkaskitchen.com\/2012\/08\/entrecote-cafe-de-paris-Katinkas-Kitchen-007-300x225.jpg 300w, https:\/\/files.katinkaskitchen.com\/2012\/08\/entrecote-cafe-de-paris-Katinkas-Kitchen-007-150x112.jpg 150w, https:\/\/files.katinkaskitchen.com\/2012\/08\/entrecote-cafe-de-paris-Katinkas-Kitchen-007-1024x768.jpg 1024w\" sizes=\"auto, (max-width: 300px) 100vw, 300px\" \/><\/a> restaurang i G\u00e9n\u00e8ve som hade som aff\u00e4rsid\u00e9 att servera en r\u00e4tt &#8211; entrec\u00f4te stekt till perfektion med just Caf\u00e9 de Paris-sm\u00f6r.<\/h3>\n<p><strong>Jag har h\u00e4r f\u00f6rs\u00f6kt \u00e5terskapa receptet s\u00e5 gott jag kunnat och ger h\u00e4r min tolkning av det k\u00e4nda sm\u00f6ret. Det passar till allt grillat k\u00f6tt, kyckling och \u00e4ven till fisk samt gr\u00f6nsaker.&nbsp;<\/strong><\/p>\n<p><em><strong>Du beh\u00f6ver:<\/strong><\/em><\/p>\n<p>100 gram sm\u00f6r<\/p>\n<p>\u00bd tsk paprikapulver<\/p>\n<p>1\/4 tsk stark paprika, eller lite mindre m\u00e4ngd cayennepeppar eller <a href=\"http:\/\/katinkaskitchen.com\/?attachment_id=12265\" rel=\"attachment wp-att-12265\"><img loading=\"lazy\" decoding=\"async\" class=\"alignright size-medium wp-image-12265\" src=\"http:\/\/files.katinkaskitchen.com\/2012\/08\/entrecote-cafe-de-paris-Katinkas-Kitchen-0112-300x225.jpg\" alt=\"\" width=\"300\" height=\"225\" srcset=\"https:\/\/files.katinkaskitchen.com\/2012\/08\/entrecote-cafe-de-paris-Katinkas-Kitchen-0112-300x225.jpg 300w, https:\/\/files.katinkaskitchen.com\/2012\/08\/entrecote-cafe-de-paris-Katinkas-Kitchen-0112-150x112.jpg 150w, https:\/\/files.katinkaskitchen.com\/2012\/08\/entrecote-cafe-de-paris-Katinkas-Kitchen-0112-1024x768.jpg 1024w\" sizes=\"auto, (max-width: 300px) 100vw, 300px\" \/><\/a>chilipulver<\/p>\n<p>1\/4-\u00bd tsk curry (curryn \u00e4r viktig f\u00f6r att f\u00e5 Caf\u00e9 de Paris-smaken)<\/p>\n<p>1\/4 tsk franska \u00f6rtkryddor<\/p>\n<p>lite smulad torkad k\u00f6rvel, dragon, salvia, basilika &#8211; eller lite av de av dessa kryddor du har hemma<\/p>\n<p>g\u00e4rna lite persillade-krydda (finns p\u00e5 burk i de flesta aff\u00e4rer)<\/p>\n<p>svart- och vitpeppar, g\u00e4rna nymalen ett antal t<a href=\"http:\/\/katinkaskitchen.com\/?attachment_id=12266\" rel=\"attachment wp-att-12266\"><img loading=\"lazy\" decoding=\"async\" class=\"alignright size-medium wp-image-12266\" src=\"http:\/\/files.katinkaskitchen.com\/2012\/08\/entrecote-cafe-de-paris-Katinkas-Kitchen-0101-300x225.jpg\" alt=\"\" width=\"300\" height=\"225\" srcset=\"https:\/\/files.katinkaskitchen.com\/2012\/08\/entrecote-cafe-de-paris-Katinkas-Kitchen-0101-300x225.jpg 300w, https:\/\/files.katinkaskitchen.com\/2012\/08\/entrecote-cafe-de-paris-Katinkas-Kitchen-0101-150x112.jpg 150w, https:\/\/files.katinkaskitchen.com\/2012\/08\/entrecote-cafe-de-paris-Katinkas-Kitchen-0101-1024x768.jpg 1024w\" sizes=\"auto, (max-width: 300px) 100vw, 300px\" \/><\/a>ag p\u00e5 kvarnen och g\u00e4rna lite blandpeppar om du har det<\/p>\n<p>g\u00e4rna lite chili-limekryddblandning om du har det hemma &#8211; det \u00e4r en kryddblandning fr\u00e5n Santa Maria som jag varmt kan rekommendera (utan att f\u00e5 ett \u00f6re f\u00f6r det &#8211; inte ens prover!)<a href=\"http:\/\/katinkaskitchen.com\/?attachment_id=12268\" rel=\"attachment wp-att-12268\"><img loading=\"lazy\" decoding=\"async\" class=\"alignright size-medium wp-image-12268\" src=\"http:\/\/files.katinkaskitchen.com\/2012\/08\/entrecote-cafe-de-paris-Katinkas-Kitchen-0131-300x225.jpg\" alt=\"\" width=\"300\" height=\"225\" srcset=\"https:\/\/files.katinkaskitchen.com\/2012\/08\/entrecote-cafe-de-paris-Katinkas-Kitchen-0131-300x225.jpg 300w, https:\/\/files.katinkaskitchen.com\/2012\/08\/entrecote-cafe-de-paris-Katinkas-Kitchen-0131-150x112.jpg 150w, https:\/\/files.katinkaskitchen.com\/2012\/08\/entrecote-cafe-de-paris-Katinkas-Kitchen-0131-1024x768.jpg 1024w\" sizes=\"auto, (max-width: 300px) 100vw, 300px\" \/><\/a><\/p>\n<p>1\/4 tsk salt<\/p>\n<p><strong><em>G\u00f6r s\u00e5 h\u00e4r:<\/em><\/strong><\/p>\n<p>Ta fram sm\u00f6ret och l\u00e5t&nbsp;det mjukna lite i rumstemperatur. Blanda i kryddorna och pressa i vitl\u00f6ken. Om du \u00e4r os\u00e4ker p\u00e5 vitl\u00f6kens styrka \u00e4r det klokt att ta lite i taget, eftersom vitl\u00f6ken inte ska dominera f\u00f6r mycket utan bara vara med f\u00f6r att ge den fina kryddiga helheten till det h\u00e4r sm\u00f6ret. Saknar du n\u00e5gra \u00f6rtkryddor eller persillade kan du hoppa \u00f6ver det. R\u00f6r sm\u00f6ret mjukt och j\u00e4mnt och l\u00e4gg upp det i en serveringssk\u00e5l. St\u00e4ll sm\u00f6ret kallt tills det \u00e4r dags att servera det, men se till att det har f\u00e5tt st\u00e5 framme ett tag innan servering s\u00e5 att alla h\u00e4rliga smaker kommer fram.<\/p>\n<p>Bon app\u00e9tit \u00f6nskas med v\u00e4nliga matglada h\u00e4lsningar fr\u00e5n Katinkas <a href=\"http:\/\/katinkaskitchen.com\/?attachment_id=12270\" rel=\"attachment wp-att-12270\"><img loading=\"lazy\" decoding=\"async\" class=\"alignright size-medium wp-image-12270\" src=\"http:\/\/files.katinkaskitchen.com\/2012\/08\/entrecote-cafe-de-paris-Katinkas-Kitchen-0092-300x225.jpg\" alt=\"\" width=\"300\" height=\"225\" srcset=\"https:\/\/files.katinkaskitchen.com\/2012\/08\/entrecote-cafe-de-paris-Katinkas-Kitchen-0092-300x225.jpg 300w, https:\/\/files.katinkaskitchen.com\/2012\/08\/entrecote-cafe-de-paris-Katinkas-Kitchen-0092-150x112.jpg 150w, https:\/\/files.katinkaskitchen.com\/2012\/08\/entrecote-cafe-de-paris-Katinkas-Kitchen-0092-1024x768.jpg 1024w\" sizes=\"auto, (max-width: 300px) 100vw, 300px\" \/><\/a>Kitchen!<\/p>\n<p>Katinka Hammarski\u00f6ld<\/p>\n<p>katinka.hammarskiold@hotmail.com<\/p>\n<p>www.katinkaskitchen.com<\/p>\n","protected":false},"excerpt":{"rendered":"<p>Kryddsmn\u00f6r Caf\u00e9 de Paris \u00e4r en klassiker, och ursprungsreceptet \u00e4r hemligt. Det serverades p\u00e5 en restaurang i G\u00e9n\u00e8ve som hade som aff\u00e4rsid\u00e9 att servera en r\u00e4tt &#8211; entrec\u00f4te stekt till perfektion med just Caf\u00e9 de Paris-sm\u00f6r. Jag har h\u00e4r f\u00f6rs\u00f6kt \u00e5terskapa receptet s\u00e5 gott jag kunnat och ger h\u00e4r min [&hellip;]<\/p>\n","protected":false},"author":5,"featured_media":12265,"comment_status":"open","ping_status":"open","sticky":false,"template":"","format":"standard","meta":{"footnotes":""},"categories":[124,127],"tags":[],"class_list":["post-12261","post","type-post","status-publish","format-standard","has-post-thumbnail","hentry","category-grillat","category-saser-roror"],"_links":{"self":[{"href":"https:\/\/katinkaskitchen.com\/index.php?rest_route=\/wp\/v2\/posts\/12261","targetHints":{"allow":["GET"]}}],"collection":[{"href":"https:\/\/katinkaskitchen.com\/index.php?rest_route=\/wp\/v2\/posts"}],"about":[{"href":"https:\/\/katinkaskitchen.com\/index.php?rest_route=\/wp\/v2\/types\/post"}],"author":[{"embeddable":true,"href":"https:\/\/katinkaskitchen.com\/index.php?rest_route=\/wp\/v2\/users\/5"}],"replies":[{"embeddable":true,"href":"https:\/\/katinkaskitchen.com\/index.php?rest_route=%2Fwp%2Fv2%2Fcomments&post=12261"}],"version-history":[{"count":10,"href":"https:\/\/katinkaskitchen.com\/index.php?rest_route=\/wp\/v2\/posts\/12261\/revisions"}],"predecessor-version":[{"id":31436,"href":"https:\/\/katinkaskitchen.com\/index.php?rest_route=\/wp\/v2\/posts\/12261\/revisions\/31436"}],"wp:featuredmedia":[{"embeddable":true,"href":"https:\/\/katinkaskitchen.com\/index.php?rest_route=\/wp\/v2\/media\/12265"}],"wp:attachment":[{"href":"https:\/\/katinkaskitchen.com\/index.php?rest_route=%2Fwp%2Fv2%2Fmedia&parent=12261"}],"wp:term":[{"taxonomy":"category","embeddable":true,"href":"https:\/\/katinkaskitchen.com\/index.php?rest_route=%2Fwp%2Fv2%2Fcategories&post=12261"},{"taxonomy":"post_tag","embeddable":true,"href":"https:\/\/katinkaskitchen.com\/index.php?rest_route=%2Fwp%2Fv2%2Ftags&post=12261"}],"curies":[{"name":"wp","href":"https:\/\/api.w.org\/{rel}","templated":true}]}}