{"id":12315,"date":"2012-08-21T03:00:46","date_gmt":"2012-08-21T03:00:46","guid":{"rendered":"http:\/\/katinkaskitchen.com\/?p=12315"},"modified":"2022-12-06T09:24:12","modified_gmt":"2022-12-06T08:24:12","slug":"farska-fikon","status":"publish","type":"post","link":"https:\/\/katinkaskitchen.com\/?p=12315","title":{"rendered":"F\u00e4rska fikon"},"content":{"rendered":"<h3><a href=\"http:\/\/katinkaskitchen.com\/?attachment_id=12318\" rel=\"attachment wp-att-12318\"><img loading=\"lazy\" decoding=\"async\" class=\"alignright size-large wp-image-12318\" src=\"http:\/\/files.katinkaskitchen.com\/2012\/08\/fikon-2-Katinkas-Kitchen-1024x768.jpg\" alt=\"\" width=\"1024\" height=\"768\" srcset=\"https:\/\/files.katinkaskitchen.com\/2012\/08\/fikon-2-Katinkas-Kitchen-1024x768.jpg 1024w, https:\/\/files.katinkaskitchen.com\/2012\/08\/fikon-2-Katinkas-Kitchen-150x112.jpg 150w, https:\/\/files.katinkaskitchen.com\/2012\/08\/fikon-2-Katinkas-Kitchen-300x225.jpg 300w\" sizes=\"auto, (max-width: 1024px) 100vw, 1024px\" \/><\/a><\/h3>\n<h3>Jag \u00e4r barnsligt f\u00f6rtjust i f\u00e4rska fikon. P\u00e5 v\u00e5ra breddgrader \u00e4r de inte alltid s\u00e5 l\u00e4tta att f\u00e5 tag i, <a href=\"http:\/\/katinkaskitchen.com\/?attachment_id=12319\" rel=\"attachment wp-att-12319\"><img loading=\"lazy\" decoding=\"async\" class=\"alignright size-medium wp-image-12319\" src=\"http:\/\/files.katinkaskitchen.com\/2012\/08\/fikon-o-hallon-1-Katinkas-Kitchen2-225x300.jpg\" alt=\"\" width=\"225\" height=\"300\" srcset=\"https:\/\/files.katinkaskitchen.com\/2012\/08\/fikon-o-hallon-1-Katinkas-Kitchen2-225x300.jpg 225w, https:\/\/files.katinkaskitchen.com\/2012\/08\/fikon-o-hallon-1-Katinkas-Kitchen2-112x150.jpg 112w, https:\/\/files.katinkaskitchen.com\/2012\/08\/fikon-o-hallon-1-Katinkas-Kitchen2-768x1024.jpg 768w\" sizes=\"auto, (max-width: 225px) 100vw, 225px\" \/><\/a>s\u00e4rskilt inte om man vill ha fina fikon fulla av solmogen smak. Men ibland s\u00e5 h\u00e4r i augusti-september kan de dyka upp i aff\u00e4ren och d\u00e5 passar jag g\u00e4rna p\u00e5.<\/h3>\n<h3>Jag serverar dem f\u00e4rska, som de \u00e4r, till efterr\u00e4tt. Kanske tillsammans med f\u00e4rska hallon &#8211; smakerna passar f\u00f6rv\u00e5nansv\u00e4rt bra ihop. Det blir en enkel men raffinerat god efterr\u00e4tt i sann Medelhavsanda. Den som vill serverar fler frukter till.<\/h3>\n<h3>Eller s\u00e5 g\u00f6r jag en f\u00f6rr\u00e4tt som jag sett Jamie Oliver g\u00f6ra &#8211; man sk\u00e4r fikonen i klyftor fast de f\u00e5r h\u00e4nga ihop l\u00e4ngst ner (se bilden). De uppskurna fikonen l\u00e4ggs i en ugnsfast form som gnidits in med olivolja. Ovanp\u00e5 de \u00f6ppnade fikonen smular man lite ch\u00e8vre och ringlar olivolja \u00f6ver. D\u00e4rp\u00e5 \u00e5ker de in i ugnen p\u00e5 225 grader helt kort f\u00f6r att gratineras. N\u00e4r de tas ur ugnen arrangerar man italiensk skinka, prosciutto, \u00f6ver dem. Det g\u00e5r ocks\u00e5 utm\u00e4rkt att ta spansk jam\u00f3n serrano. N\u00e5gra tag med pepparkvarnen, flingsalt och <a href=\"http:\/\/katinkaskitchen.com\/?attachment_id=12320\" rel=\"attachment wp-att-12320\"><img loading=\"lazy\" decoding=\"async\" class=\"alignright size-medium wp-image-12320\" src=\"http:\/\/files.katinkaskitchen.com\/2012\/08\/fikon-3-Katinkas-Kitchen-300x225.jpg\" alt=\"\" width=\"300\" height=\"225\" srcset=\"https:\/\/files.katinkaskitchen.com\/2012\/08\/fikon-3-Katinkas-Kitchen-300x225.jpg 300w, https:\/\/files.katinkaskitchen.com\/2012\/08\/fikon-3-Katinkas-Kitchen-150x112.jpg 150w, https:\/\/files.katinkaskitchen.com\/2012\/08\/fikon-3-Katinkas-Kitchen-1024x768.jpg 1024w\" sizes=\"auto, (max-width: 300px) 100vw, 300px\" \/><\/a>ringla olivolja \u00f6ver. Dekorera g\u00e4rna med blad av f\u00e4rsk basilika och det \u00e4r klart att servera f\u00f6r g\u00e4sterna att njuta denna vackra och oerh\u00f6rt goda f\u00f6rr\u00e4tt med alla ljuvliga smaker fr\u00e5n Medelhavet.<\/h3>\n<p>Mycket medelhavsgl\u00e4dje i k\u00f6ket \u00f6nskas med v\u00e4nliga matglada h\u00e4lsningar fr\u00e5n Katinkas Kitchen<\/p>\n<p>Katinka Hammarski\u00f6ld<\/p>\n<p>katinka.hammarskiold@hotmail.com<\/p>\n<p>www.katinkaskitchen.com<a href=\"http:\/\/katinkaskitchen.com\/?attachment_id=12323\" rel=\"attachment wp-att-12323\"><img loading=\"lazy\" decoding=\"async\" class=\"alignright size-large wp-image-12323\" src=\"http:\/\/files.katinkaskitchen.com\/2012\/08\/fikontrad-1-Katinkas-Kitchen-1024x768.jpg\" alt=\"\" width=\"1024\" height=\"768\" srcset=\"https:\/\/files.katinkaskitchen.com\/2012\/08\/fikontrad-1-Katinkas-Kitchen-1024x768.jpg 1024w, https:\/\/files.katinkaskitchen.com\/2012\/08\/fikontrad-1-Katinkas-Kitchen-150x112.jpg 150w, https:\/\/files.katinkaskitchen.com\/2012\/08\/fikontrad-1-Katinkas-Kitchen-300x225.jpg 300w\" sizes=\"auto, (max-width: 1024px) 100vw, 1024px\" \/><\/a><a href=\"http:\/\/katinkaskitchen.com\/?attachment_id=12322\" rel=\"attachment wp-att-12322\"><img loading=\"lazy\" decoding=\"async\" class=\"alignright size-medium wp-image-12322\" src=\"http:\/\/files.katinkaskitchen.com\/2012\/08\/fikon-o-hallon-2-Katinkas-Kitchen-300x225.jpg\" alt=\"\" width=\"300\" height=\"225\" srcset=\"https:\/\/files.katinkaskitchen.com\/2012\/08\/fikon-o-hallon-2-Katinkas-Kitchen-300x225.jpg 300w, https:\/\/files.katinkaskitchen.com\/2012\/08\/fikon-o-hallon-2-Katinkas-Kitchen-150x112.jpg 150w, https:\/\/files.katinkaskitchen.com\/2012\/08\/fikon-o-hallon-2-Katinkas-Kitchen-1024x768.jpg 1024w\" sizes=\"auto, (max-width: 300px) 100vw, 300px\" \/><\/a><\/p>\n","protected":false},"excerpt":{"rendered":"<p>Jag \u00e4r barnsligt f\u00f6rtjust i f\u00e4rska fikon. P\u00e5 v\u00e5ra breddgrader \u00e4r de inte alltid s\u00e5 l\u00e4tta att f\u00e5 tag i, s\u00e4rskilt inte om man vill ha fina fikon fulla av solmogen smak. Men ibland s\u00e5 h\u00e4r i augusti-september kan de dyka upp i aff\u00e4ren och d\u00e5 passar jag g\u00e4rna p\u00e5. [&hellip;]<\/p>\n","protected":false},"author":5,"featured_media":12318,"comment_status":"open","ping_status":"open","sticky":false,"template":"","format":"standard","meta":{"footnotes":""},"categories":[71,94,110,11782],"tags":[],"class_list":["post-12315","post","type-post","status-publish","format-standard","has-post-thumbnail","hentry","category-efterratter","category-forratter","category-lattlagat-efterratter","category-nyttig-mat"],"_links":{"self":[{"href":"https:\/\/katinkaskitchen.com\/index.php?rest_route=\/wp\/v2\/posts\/12315","targetHints":{"allow":["GET"]}}],"collection":[{"href":"https:\/\/katinkaskitchen.com\/index.php?rest_route=\/wp\/v2\/posts"}],"about":[{"href":"https:\/\/katinkaskitchen.com\/index.php?rest_route=\/wp\/v2\/types\/post"}],"author":[{"embeddable":true,"href":"https:\/\/katinkaskitchen.com\/index.php?rest_route=\/wp\/v2\/users\/5"}],"replies":[{"embeddable":true,"href":"https:\/\/katinkaskitchen.com\/index.php?rest_route=%2Fwp%2Fv2%2Fcomments&post=12315"}],"version-history":[{"count":6,"href":"https:\/\/katinkaskitchen.com\/index.php?rest_route=\/wp\/v2\/posts\/12315\/revisions"}],"predecessor-version":[{"id":35698,"href":"https:\/\/katinkaskitchen.com\/index.php?rest_route=\/wp\/v2\/posts\/12315\/revisions\/35698"}],"wp:featuredmedia":[{"embeddable":true,"href":"https:\/\/katinkaskitchen.com\/index.php?rest_route=\/wp\/v2\/media\/12318"}],"wp:attachment":[{"href":"https:\/\/katinkaskitchen.com\/index.php?rest_route=%2Fwp%2Fv2%2Fmedia&parent=12315"}],"wp:term":[{"taxonomy":"category","embeddable":true,"href":"https:\/\/katinkaskitchen.com\/index.php?rest_route=%2Fwp%2Fv2%2Fcategories&post=12315"},{"taxonomy":"post_tag","embeddable":true,"href":"https:\/\/katinkaskitchen.com\/index.php?rest_route=%2Fwp%2Fv2%2Ftags&post=12315"}],"curies":[{"name":"wp","href":"https:\/\/api.w.org\/{rel}","templated":true}]}}