{"id":13229,"date":"2019-10-03T03:00:08","date_gmt":"2019-10-03T03:00:08","guid":{"rendered":"http:\/\/katinkaskitchen.com\/?p=13229"},"modified":"2022-12-13T11:11:51","modified_gmt":"2022-12-13T10:11:51","slug":"gronsaker-ger-inspiration","status":"publish","type":"post","link":"https:\/\/katinkaskitchen.com\/?p=13229","title":{"rendered":"H\u00f6stgr\u00f6nsaker ger inspiration!"},"content":{"rendered":"<h3><\/h3>\n<h3><\/h3>\n<h3>N\u00e4r jag fick en l\u00e5da full av nysk\u00f6rdade ekologiska gr\u00f6nsaker <a href=\"http:\/\/katinkaskitchen.com\/?attachment_id=13239\" rel=\"attachment wp-att-13239\"><img loading=\"lazy\" decoding=\"async\" class=\"alignright size-medium wp-image-13239\" src=\"http:\/\/files.katinkaskitchen.com\/2012\/09\/arstiderna-skordekorg-1-Katinkas-Kitchen-300x225.jpg\" alt=\"\" width=\"300\" height=\"225\" srcset=\"https:\/\/files.katinkaskitchen.com\/2012\/09\/arstiderna-skordekorg-1-Katinkas-Kitchen-300x225.jpg 300w, https:\/\/files.katinkaskitchen.com\/2012\/09\/arstiderna-skordekorg-1-Katinkas-Kitchen-150x112.jpg 150w, https:\/\/files.katinkaskitchen.com\/2012\/09\/arstiderna-skordekorg-1-Katinkas-Kitchen-1024x768.jpg 1024w\" sizes=\"auto, (max-width: 300px) 100vw, 300px\" \/><\/a>b\u00f6rjade jag genast fundera ut vad jag <a href=\"http:\/\/katinkaskitchen.com\/?attachment_id=13245\" rel=\"attachment wp-att-13245\"><img loading=\"lazy\" decoding=\"async\" class=\"alignright size-medium wp-image-13245\" src=\"http:\/\/files.katinkaskitchen.com\/2012\/09\/flerfargade-morotter-5-Katinkas-Kitchen-300x225.jpg\" alt=\"\" width=\"300\" height=\"225\" srcset=\"https:\/\/files.katinkaskitchen.com\/2012\/09\/flerfargade-morotter-5-Katinkas-Kitchen-300x225.jpg 300w, https:\/\/files.katinkaskitchen.com\/2012\/09\/flerfargade-morotter-5-Katinkas-Kitchen-150x112.jpg 150w, https:\/\/files.katinkaskitchen.com\/2012\/09\/flerfargade-morotter-5-Katinkas-Kitchen-1024x768.jpg 1024w\" sizes=\"auto, (max-width: 300px) 100vw, 300px\" \/><\/a>kunde g\u00f6ra av alla h\u00e4rliga godsaker.<\/h3>\n<h3>Jag stod inf\u00f6r f\u00f6ljande l\u00e4ckerheter:<\/h3>\n<h3>Mor\u00f6tter i en vacker varierad f\u00e4rgpalett som gick fr\u00e5n blekgul, n\u00e4stan vit \u00f6ver gul, orange till m\u00f6rklila, n\u00e4stan svart.<\/h3>\n<h3>S\u00f6ta krispsaftiga majskolvar<\/h3>\n<h3>Champinjoner, fasta och fina med angen\u00e4m fyllig smak<\/h3>\n<h3>Zucchinis &#8211; gr\u00f6na, krispiga och fr\u00e4scha<a href=\"http:\/\/katinkaskitchen.com\/?attachment_id=13240\" rel=\"attachment wp-att-13240\"><img loading=\"lazy\" decoding=\"async\" class=\"alignright size-medium wp-image-13240\" src=\"http:\/\/files.katinkaskitchen.com\/2012\/09\/hamburgare-4-Katinkas-Kitchen-300x225.jpg\" alt=\"\" width=\"300\" height=\"225\" srcset=\"https:\/\/files.katinkaskitchen.com\/2012\/09\/hamburgare-4-Katinkas-Kitchen-300x225.jpg 300w, https:\/\/files.katinkaskitchen.com\/2012\/09\/hamburgare-4-Katinkas-Kitchen-150x112.jpg 150w, https:\/\/files.katinkaskitchen.com\/2012\/09\/hamburgare-4-Katinkas-Kitchen-1024x768.jpg 1024w\" sizes=\"auto, (max-width: 300px) 100vw, 300px\" \/><\/a><\/h3>\n<h3>Potatisar, sm\u00e5 s\u00f6ta och smakrika<\/h3>\n<h3>R\u00f6d lagom het men \u00e4nd\u00e5 aromatisk chili<\/h3>\n<h3>Tomater som smakade s\u00f6tsyrligt solmoget<\/h3>\n<h3>Ett knippe sl\u00e4tbladig persilja, med mildare delikatare smak \u00e4n sin krusbladiga sl\u00e4kting<\/h3>\n<h3>Och ett huvud m\u00f6rkr\u00f6d frasig ekbladssallad med en fyllig n\u00e5got n\u00f6tig smak.<a href=\"http:\/\/katinkaskitchen.com\/?attachment_id=13241\" rel=\"attachment wp-att-13241\"><img loading=\"lazy\" decoding=\"async\" class=\"alignright size-medium wp-image-13241\" src=\"http:\/\/files.katinkaskitchen.com\/2012\/09\/hamburgare-tillbehor-2-Katinkas-Kitchen-300x225.jpg\" alt=\"\" width=\"300\" height=\"225\" srcset=\"https:\/\/files.katinkaskitchen.com\/2012\/09\/hamburgare-tillbehor-2-Katinkas-Kitchen-300x225.jpg 300w, https:\/\/files.katinkaskitchen.com\/2012\/09\/hamburgare-tillbehor-2-Katinkas-Kitchen-150x112.jpg 150w, https:\/\/files.katinkaskitchen.com\/2012\/09\/hamburgare-tillbehor-2-Katinkas-Kitchen-1024x768.jpg 1024w\" sizes=\"auto, (max-width: 300px) 100vw, 300px\" \/><\/a><\/h3>\n<h3>Av detta blev det:<\/h3>\n<h3>Potatisen, majskolvarna, en del av mor\u00f6tterna, champinjonerna, chilin, persiljan, n\u00e5gra av tomaterna och salladen blev i mer eller mindre f\u00f6r\u00e4dlad form utm\u00e4rkta tillbeh\u00f6r till hemgjorda hamburgare i form av bland annat klyftpotatis, flerf\u00e4rgade mor\u00f6tter kokta i stavar serverade med sm\u00f6r, chili- och persiljestekta <a href=\"http:\/\/katinkaskitchen.com\/?attachment_id=13242\" rel=\"attachment wp-att-13242\"><img loading=\"lazy\" decoding=\"async\" class=\"alignright size-medium wp-image-13242\" src=\"http:\/\/files.katinkaskitchen.com\/2012\/09\/chilipersilja-champinjoner-4-Katinkas-Kitchen-300x225.jpg\" alt=\"\" width=\"300\" height=\"225\" srcset=\"https:\/\/files.katinkaskitchen.com\/2012\/09\/chilipersilja-champinjoner-4-Katinkas-Kitchen-300x225.jpg 300w, https:\/\/files.katinkaskitchen.com\/2012\/09\/chilipersilja-champinjoner-4-Katinkas-Kitchen-150x112.jpg 150w, https:\/\/files.katinkaskitchen.com\/2012\/09\/chilipersilja-champinjoner-4-Katinkas-Kitchen-1024x768.jpg 1024w\" sizes=\"auto, (max-width: 300px) 100vw, 300px\" \/><\/a>champinjoner.<\/h3>\n<h3>Resten av de flerf\u00e4rgade mor\u00f6tterna blev en h\u00e4rlig morotssallad smaksatt med citron, olivolja och basilika som serverades till ugnsstekt lax med wasabi- och <a href=\"http:\/\/katinkaskitchen.com\/?attachment_id=13243\" rel=\"attachment wp-att-13243\"><img loading=\"lazy\" decoding=\"async\" class=\"alignright size-medium wp-image-13243\" src=\"http:\/\/files.katinkaskitchen.com\/2012\/09\/flerfargade-morotter-13-Katinkas-Kitchen-300x225.jpg\" alt=\"\" width=\"300\" height=\"225\" srcset=\"https:\/\/files.katinkaskitchen.com\/2012\/09\/flerfargade-morotter-13-Katinkas-Kitchen-300x225.jpg 300w, https:\/\/files.katinkaskitchen.com\/2012\/09\/flerfargade-morotter-13-Katinkas-Kitchen-150x112.jpg 150w, https:\/\/files.katinkaskitchen.com\/2012\/09\/flerfargade-morotter-13-Katinkas-Kitchen-1024x768.jpg 1024w\" sizes=\"auto, (max-width: 300px) 100vw, 300px\" \/><\/a>sesamkrydda med resten av klyftpotatisen.<\/h3>\n<h3>Resten av tomaterna fick ackompanjera zucchinin i en mustig italiensksmakande r\u00f6ra smaksatt med vitl\u00f6k och lite persilja som serverades till salviastekt kycklingfil\u00e9 med en kr\u00e4mig guldgul saffransrisotto.<\/h3>\n<h3>L\u00e4nkar till recepten finner du h\u00e4r nedan.<\/h3>\n<h3>H\u00e4rlig gr\u00f6nsaksinspiration \u00f6nskas s\u00e5 h\u00e4r i sk\u00f6rdetider med v\u00e4nliga matglada h\u00e4lsningar fr\u00e5n Katinkas Kitchen!<\/h3>\n<p>L\u00e4nk till klyftpotatis:&nbsp;<a href=\"http:\/\/katinkaskitchen.com\/?p=8615\">http:\/\/katinkaskitchen.com\/?p=8615<\/a><a href=\"http:\/\/katinkaskitchen.com\/?attachment_id=13246\" rel=\"attachment wp-att-13246\"><img loading=\"lazy\" decoding=\"async\" class=\"alignright size-medium wp-image-13246\" src=\"http:\/\/files.katinkaskitchen.com\/2012\/09\/risotto-kyckling-o-gronsaker-3-Katinkas-Kitchen-300x225.jpg\" alt=\"\" width=\"300\" height=\"225\" srcset=\"https:\/\/files.katinkaskitchen.com\/2012\/09\/risotto-kyckling-o-gronsaker-3-Katinkas-Kitchen-300x225.jpg 300w, https:\/\/files.katinkaskitchen.com\/2012\/09\/risotto-kyckling-o-gronsaker-3-Katinkas-Kitchen-150x112.jpg 150w, https:\/\/files.katinkaskitchen.com\/2012\/09\/risotto-kyckling-o-gronsaker-3-Katinkas-Kitchen-1024x768.jpg 1024w\" sizes=\"auto, (max-width: 300px) 100vw, 300px\" \/><\/a><\/p>\n<p>L\u00e4nk till kryddiga champinjoner:&nbsp;<a href=\"http:\/\/katinkaskitchen.com\/?p=13077\">http:\/\/katinkaskitchen.com\/?p=13077<\/a><\/p>\n<p>L\u00e4nk till flerf\u00e4rgade mor\u00f6tter:&nbsp;<a href=\"http:\/\/katinkaskitchen.com\/?p=12959\">http:\/\/katinkaskitchen.com\/?p=12959<\/a><\/p>\n<p>L\u00e4nk till zucchini med tomat och vitl\u00f6k:&nbsp;<a href=\"http:\/\/katinkaskitchen.com\/?p=13006\">http:\/\/katinkaskitchen.com\/?p=13006<\/a><br \/>\n<a href=\"http:\/\/katinkaskitchen.com\/?attachment_id=13247\" rel=\"attachment wp-att-13247\"><img loading=\"lazy\" decoding=\"async\" class=\"alignright size-medium wp-image-13247\" src=\"http:\/\/files.katinkaskitchen.com\/2012\/09\/zucchini-tomat-3-Katinkas-Kitchen-300x225.jpg\" alt=\"\" width=\"300\" height=\"225\" srcset=\"https:\/\/files.katinkaskitchen.com\/2012\/09\/zucchini-tomat-3-Katinkas-Kitchen-300x225.jpg 300w, https:\/\/files.katinkaskitchen.com\/2012\/09\/zucchini-tomat-3-Katinkas-Kitchen-150x112.jpg 150w, https:\/\/files.katinkaskitchen.com\/2012\/09\/zucchini-tomat-3-Katinkas-Kitchen-1024x768.jpg 1024w\" sizes=\"auto, (max-width: 300px) 100vw, 300px\" \/><\/a><\/p>\n<p>&nbsp;<\/p>\n<p>L\u00e4nk till kr\u00e4mig saffransrisotto:&nbsp;<a href=\"http:\/\/katinkaskitchen.com\/?p=318\">http:\/\/katinkaskitchen.com\/?p=318<\/a><\/p>\n<p>Och n\u00e5gra l\u00e4nkar till andra goda gr\u00f6nsaksr\u00e4tter i sk\u00f6rdetider:<\/p>\n<p>R\u00f6dbetssallad med fetaost:&nbsp;<a href=\"http:\/\/katinkaskitchen.com\/?p=11499\">http:\/\/katinkaskitchen.com\/?p=11499<\/a><\/p>\n<p>Den sp\u00e4nnande &amp; nyttiga gr\u00f6nsaken okra i indisk curry:&nbsp;<a href=\"http:\/\/katinkaskitchen.com\/?p=13057\">http:\/\/katinkaskitchen.com\/?p=13057<\/a><\/p>\n<p>Asieninspirerd sojastekt pak choi (en slags asiatisk mangold):&nbsp;<a href=\"http:\/\/katinkaskitchen.com\/?p=13149\">http:\/\/katinkaskitchen.com\/?p=13149<\/a><a href=\"http:\/\/katinkaskitchen.com\/?attachment_id=13248\" rel=\"attachment wp-att-13248\"><img loading=\"lazy\" decoding=\"async\" class=\"alignright size-medium wp-image-13248\" src=\"http:\/\/files.katinkaskitchen.com\/2012\/09\/rodbetssallad-feta-1-Katinkas-Kitchen-300x225.jpg\" alt=\"\" width=\"300\" height=\"225\" srcset=\"https:\/\/files.katinkaskitchen.com\/2012\/09\/rodbetssallad-feta-1-Katinkas-Kitchen-300x225.jpg 300w, https:\/\/files.katinkaskitchen.com\/2012\/09\/rodbetssallad-feta-1-Katinkas-Kitchen-150x112.jpg 150w, https:\/\/files.katinkaskitchen.com\/2012\/09\/rodbetssallad-feta-1-Katinkas-Kitchen-1024x768.jpg 1024w\" sizes=\"auto, (max-width: 300px) 100vw, 300px\" \/><\/a><\/p>\n<p>Fr\u00e4sch sk\u00f6rdepasta p\u00e5 zucchini, l\u00f6k och tomater:&nbsp;<a href=\"http:\/\/katinkaskitchen.com\/?p=12616\">http:\/\/katinkaskitchen.com\/?p=12616<\/a><\/p>\n<p>H\u00e4rlig papardellepasta med zucchini och aubergine:&nbsp;<a href=\"http:\/\/katinkaskitchen.com\/?p=12504\">http:\/\/katinkaskitchen.com\/?p=12504<\/a><\/p>\n<h3>Katinka Hammarski\u00f6ld<\/h3>\n<h3>katinka.hammarskiold@hotmail.com<\/h3>\n<h3>www.katinkaskitchen.com<\/h3>\n<p><a href=\"http:\/\/katinkaskitchen.com\/?attachment_id=13239\" rel=\"attachment wp-att-13239\"><img loading=\"lazy\" decoding=\"async\" class=\"alignleft size-medium wp-image-13239\" src=\"http:\/\/files.katinkaskitchen.com\/2012\/09\/arstiderna-skordekorg-1-Katinkas-Kitchen-300x225.jpg\" alt=\"\" width=\"300\" height=\"225\" srcset=\"https:\/\/files.katinkaskitchen.com\/2012\/09\/arstiderna-skordekorg-1-Katinkas-Kitchen-300x225.jpg 300w, https:\/\/files.katinkaskitchen.com\/2012\/09\/arstiderna-skordekorg-1-Katinkas-Kitchen-150x112.jpg 150w, https:\/\/files.katinkaskitchen.com\/2012\/09\/arstiderna-skordekorg-1-Katinkas-Kitchen-1024x768.jpg 1024w\" sizes=\"auto, (max-width: 300px) 100vw, 300px\" \/><\/a><\/p>\n<p><a href=\"http:\/\/katinkaskitchen.com\/?attachment_id=13249\" rel=\"attachment wp-att-13249\"><img loading=\"lazy\" decoding=\"async\" class=\"alignright size-medium wp-image-13249\" src=\"http:\/\/files.katinkaskitchen.com\/2012\/09\/skordepasta-11-Katinkas-Kitchen-300x225.jpg\" alt=\"\" width=\"300\" height=\"225\" srcset=\"https:\/\/files.katinkaskitchen.com\/2012\/09\/skordepasta-11-Katinkas-Kitchen-300x225.jpg 300w, https:\/\/files.katinkaskitchen.com\/2012\/09\/skordepasta-11-Katinkas-Kitchen-150x112.jpg 150w, https:\/\/files.katinkaskitchen.com\/2012\/09\/skordepasta-11-Katinkas-Kitchen-1024x768.jpg 1024w\" sizes=\"auto, (max-width: 300px) 100vw, 300px\" \/><\/a><\/p>\n","protected":false},"excerpt":{"rendered":"<p>N\u00e4r jag fick en l\u00e5da full av nysk\u00f6rdade ekologiska gr\u00f6nsaker b\u00f6rjade jag genast fundera ut vad jag kunde g\u00f6ra av alla h\u00e4rliga godsaker. Jag stod inf\u00f6r f\u00f6ljande l\u00e4ckerheter: Mor\u00f6tter i en vacker varierad f\u00e4rgpalett som gick fr\u00e5n blekgul, n\u00e4stan vit \u00f6ver gul, orange till m\u00f6rklila, n\u00e4stan svart. S\u00f6ta krispsaftiga majskolvar [&hellip;]<\/p>\n","protected":false},"author":5,"featured_media":13239,"comment_status":"open","ping_status":"closed","sticky":false,"template":"","format":"standard","meta":{"footnotes":""},"categories":[28,95,11782,125,11743,11747],"tags":[],"class_list":["post-13229","post","type-post","status-publish","format-standard","has-post-thumbnail","hentry","category-chili","category-gronsaksratter","category-nyttig-mat","category-tillbehor-saser","category-vegan","category-vegetariskt"],"_links":{"self":[{"href":"https:\/\/katinkaskitchen.com\/index.php?rest_route=\/wp\/v2\/posts\/13229","targetHints":{"allow":["GET"]}}],"collection":[{"href":"https:\/\/katinkaskitchen.com\/index.php?rest_route=\/wp\/v2\/posts"}],"about":[{"href":"https:\/\/katinkaskitchen.com\/index.php?rest_route=\/wp\/v2\/types\/post"}],"author":[{"embeddable":true,"href":"https:\/\/katinkaskitchen.com\/index.php?rest_route=\/wp\/v2\/users\/5"}],"replies":[{"embeddable":true,"href":"https:\/\/katinkaskitchen.com\/index.php?rest_route=%2Fwp%2Fv2%2Fcomments&post=13229"}],"version-history":[{"count":15,"href":"https:\/\/katinkaskitchen.com\/index.php?rest_route=\/wp\/v2\/posts\/13229\/revisions"}],"predecessor-version":[{"id":31642,"href":"https:\/\/katinkaskitchen.com\/index.php?rest_route=\/wp\/v2\/posts\/13229\/revisions\/31642"}],"wp:featuredmedia":[{"embeddable":true,"href":"https:\/\/katinkaskitchen.com\/index.php?rest_route=\/wp\/v2\/media\/13239"}],"wp:attachment":[{"href":"https:\/\/katinkaskitchen.com\/index.php?rest_route=%2Fwp%2Fv2%2Fmedia&parent=13229"}],"wp:term":[{"taxonomy":"category","embeddable":true,"href":"https:\/\/katinkaskitchen.com\/index.php?rest_route=%2Fwp%2Fv2%2Fcategories&post=13229"},{"taxonomy":"post_tag","embeddable":true,"href":"https:\/\/katinkaskitchen.com\/index.php?rest_route=%2Fwp%2Fv2%2Ftags&post=13229"}],"curies":[{"name":"wp","href":"https:\/\/api.w.org\/{rel}","templated":true}]}}