{"id":13573,"date":"2012-09-20T02:50:23","date_gmt":"2012-09-20T02:50:23","guid":{"rendered":"http:\/\/katinkaskitchen.com\/?p=13573"},"modified":"2022-12-06T09:31:04","modified_gmt":"2022-12-06T08:31:04","slug":"13573","status":"publish","type":"post","link":"https:\/\/katinkaskitchen.com\/?p=13573","title":{"rendered":"Vin fr\u00e5n Chile"},"content":{"rendered":"<h3><a href=\"http:\/\/katinkaskitchen.com\/?attachment_id=13591\" rel=\"attachment wp-att-13591\"><img loading=\"lazy\" decoding=\"async\" class=\"alignright size-large wp-image-13591\" src=\"http:\/\/files.katinkaskitchen.com\/2012\/09\/Vi\u00f1a-San-Pedro-Katinkas-Kitchen-2-1024x768.jpg\" alt=\"\" width=\"1024\" height=\"768\" srcset=\"https:\/\/files.katinkaskitchen.com\/2012\/09\/Vi\u00f1a-San-Pedro-Katinkas-Kitchen-2-1024x768.jpg 1024w, https:\/\/files.katinkaskitchen.com\/2012\/09\/Vi\u00f1a-San-Pedro-Katinkas-Kitchen-2-150x112.jpg 150w, https:\/\/files.katinkaskitchen.com\/2012\/09\/Vi\u00f1a-San-Pedro-Katinkas-Kitchen-2-300x225.jpg 300w\" sizes=\"auto, (max-width: 1024px) 100vw, 1024px\" \/><\/a><\/h3>\n<h3>Det borde st\u00e5 klart f\u00f6r alla att jag \u00e4lskar mat, att laga mat, att \u00e4ta den och att t\u00e4nka p\u00e5 mat. Jag <a href=\"http:\/\/katinkaskitchen.com\/?attachment_id=13588\" rel=\"attachment wp-att-13588\"><img loading=\"lazy\" decoding=\"async\" class=\"alignright size-medium wp-image-13588\" src=\"http:\/\/files.katinkaskitchen.com\/2012\/09\/kramiga-rakor-3-Katinkas-Kitchen1-300x225.jpg\" alt=\"\" width=\"300\" height=\"225\" srcset=\"https:\/\/files.katinkaskitchen.com\/2012\/09\/kramiga-rakor-3-Katinkas-Kitchen1-300x225.jpg 300w, https:\/\/files.katinkaskitchen.com\/2012\/09\/kramiga-rakor-3-Katinkas-Kitchen1-150x112.jpg 150w, https:\/\/files.katinkaskitchen.com\/2012\/09\/kramiga-rakor-3-Katinkas-Kitchen1-1024x768.jpg 1024w\" sizes=\"auto, (max-width: 300px) 100vw, 300px\" \/><\/a>tycker ocks\u00e5 mycket om viner och att kombinera viner med mat. Vad g\u00e4ller mat \u00e4r jag nog mest rotad vid mitt k\u00e4ra Medelhav, men g\u00f6r g\u00e4rna utflykter inte bara runt Medelhavet utan \u00e4ven l\u00e4ngre bort i v\u00e4rlden, som Indien, Thailand, Malaysia och Mexiko.<\/h3>\n<h3>Vad g\u00e4ller vin \u00e4r jag v\u00e4ldigt mycket inne p\u00e5 Gamla V\u00e4rlden, d\u00e4r jag \u00e4r svag f\u00f6r b\u00e5de franska och italienska viner. Numera finns det gott om goda bra viner fr\u00e5n Nya V\u00e4rlden ocks\u00e5. Och just i Chile som jag t\u00e4nkt skriva lite om idag finns Nya V\u00e4rldens viner som intressant nog kommer fr\u00e5n Gamla V\u00e4rldens vinrankor. Det kommer sig av att <a href=\"http:\/\/katinkaskitchen.com\/?attachment_id=13392\" rel=\"attachment wp-att-13392\"><img loading=\"lazy\" decoding=\"async\" class=\"alignright size-medium wp-image-13392\" src=\"http:\/\/files.katinkaskitchen.com\/2012\/09\/moules-marni\u00e8res-Katinkas-Kitchen-2-300x225.jpg\" alt=\"\" width=\"300\" height=\"225\" srcset=\"https:\/\/files.katinkaskitchen.com\/2012\/09\/moules-marni\u00e8res-Katinkas-Kitchen-2-300x225.jpg 300w, https:\/\/files.katinkaskitchen.com\/2012\/09\/moules-marni\u00e8res-Katinkas-Kitchen-2-150x112.jpg 150w, https:\/\/files.katinkaskitchen.com\/2012\/09\/moules-marni\u00e8res-Katinkas-Kitchen-2-1024x768.jpg 1024w\" sizes=\"auto, (max-width: 300px) 100vw, 300px\" \/><\/a>medan de europeiska vinrankorna f\u00f6rst\u00f6rdes av vinlusen p\u00e5 1860-talet drabbades deras avkomma i Chile inte av detta \u00f6de.<\/h3>\n<h3>Ett av vinhusen i Chile, Vi\u00f1a San Pedro, har f\u00e5tt <a href=\"http:\/\/katinkaskitchen.com\/?attachment_id=13594\" rel=\"attachment wp-att-13594\"><img loading=\"lazy\" decoding=\"async\" class=\"alignright size-medium wp-image-13594\" src=\"http:\/\/files.katinkaskitchen.com\/2012\/09\/kycklinggryta-m-svamp-Katinkas-Kitchen-5-300x225.jpg\" alt=\"\" width=\"300\" height=\"225\" srcset=\"https:\/\/files.katinkaskitchen.com\/2012\/09\/kycklinggryta-m-svamp-Katinkas-Kitchen-5-300x225.jpg 300w, https:\/\/files.katinkaskitchen.com\/2012\/09\/kycklinggryta-m-svamp-Katinkas-Kitchen-5-150x112.jpg 150w, https:\/\/files.katinkaskitchen.com\/2012\/09\/kycklinggryta-m-svamp-Katinkas-Kitchen-5-1024x768.jpg 1024w\" sizes=\"auto, (max-width: 300px) 100vw, 300px\" \/><\/a>pris av ett internationellt vinmagasin som &#8221;New World Winery of the Year 2011&#8221;. Ett samtal med den trevlige vinmakaren sj\u00e4lv, Marco Puyo, bekr\u00e4ftar att detta \u00e4r resultatet av en medveten satsning som gjorts f\u00f6r att lyfta vinet och kvaliteten.<\/h3>\n<h3>Med en gedigen utbildning och tr\u00e4ning i bland annat Frankrike hos stora producenter har Marco en kunskap<a href=\"http:\/\/katinkaskitchen.com\/?attachment_id=8771\" rel=\"attachment wp-att-8771\"><img loading=\"lazy\" decoding=\"async\" class=\"alignright size-medium wp-image-8771\" src=\"http:\/\/files.katinkaskitchen.com\/2012\/04\/fisksoppa-2-Katinkas-Kitchen-300x225.jpg\" alt=\"\" width=\"300\" height=\"225\" srcset=\"https:\/\/files.katinkaskitchen.com\/2012\/04\/fisksoppa-2-Katinkas-Kitchen-300x225.jpg 300w, https:\/\/files.katinkaskitchen.com\/2012\/04\/fisksoppa-2-Katinkas-Kitchen-150x112.jpg 150w, https:\/\/files.katinkaskitchen.com\/2012\/04\/fisksoppa-2-Katinkas-Kitchen.jpg 640w\" sizes=\"auto, (max-width: 300px) 100vw, 300px\" \/><\/a> och k\u00e4nsla f\u00f6r vin som ligger v\u00e4l i min frankofila smak. Det intressanta \u00e4r att han lyckas kombinera detta med att vara trogen det traditionellt chilenska.<\/h3>\n<h3>I sortimentet finns <a href=\"http:\/\/katinkaskitchen.com\/?attachment_id=7428\" rel=\"attachment wp-att-7428\"><img loading=\"lazy\" decoding=\"async\" class=\"alignright size-medium wp-image-7428\" src=\"http:\/\/files.katinkaskitchen.com\/2012\/02\/tapas-i-Torekov-Katinkas-Kitchen-300x225.jpg\" alt=\"\" width=\"300\" height=\"225\" srcset=\"https:\/\/files.katinkaskitchen.com\/2012\/02\/tapas-i-Torekov-Katinkas-Kitchen-300x225.jpg 300w, https:\/\/files.katinkaskitchen.com\/2012\/02\/tapas-i-Torekov-Katinkas-Kitchen-150x112.jpg 150w, https:\/\/files.katinkaskitchen.com\/2012\/02\/tapas-i-Torekov-Katinkas-Kitchen.jpg 320w\" sizes=\"auto, (max-width: 300px) 100vw, 300px\" \/><\/a><a href=\"http:\/\/katinkaskitchen.com\/?attachment_id=10653\" rel=\"attachment wp-att-10653\"><img loading=\"lazy\" decoding=\"async\" class=\"alignright size-medium wp-image-10653\" src=\"http:\/\/files.katinkaskitchen.com\/2012\/05\/antipasti-Katinkas-Kitchen-114-300x225.jpg\" alt=\"\" width=\"300\" height=\"225\" srcset=\"https:\/\/files.katinkaskitchen.com\/2012\/05\/antipasti-Katinkas-Kitchen-114-300x225.jpg 300w, https:\/\/files.katinkaskitchen.com\/2012\/05\/antipasti-Katinkas-Kitchen-114-150x112.jpg 150w, https:\/\/files.katinkaskitchen.com\/2012\/05\/antipasti-Katinkas-Kitchen-114-1024x768.jpg 1024w\" sizes=\"auto, (max-width: 300px) 100vw, 300px\" \/><\/a>bland annat en Sauvignon Blanc fr\u00e5n Elqui Valley d\u00e4r det svala klimatet ger ett fr\u00e4scht vin med h\u00f6g angen\u00e4m syra som smakfullt nog inte \u00e4r ekat p\u00e5 samma vis som annars sker i Nya V\u00e4rlden med <a href=\"http:\/\/katinkaskitchen.com\/?attachment_id=13299\" rel=\"attachment wp-att-13299\"><img loading=\"lazy\" decoding=\"async\" class=\"alignright size-medium wp-image-13299\" src=\"http:\/\/files.katinkaskitchen.com\/2010\/05\/flaskfile-marinerad-9-Katinkas-Kitchen-300x225.jpg\" alt=\"\" width=\"300\" height=\"225\" srcset=\"https:\/\/files.katinkaskitchen.com\/2010\/05\/flaskfile-marinerad-9-Katinkas-Kitchen-300x225.jpg 300w, https:\/\/files.katinkaskitchen.com\/2010\/05\/flaskfile-marinerad-9-Katinkas-Kitchen-150x112.jpg 150w, https:\/\/files.katinkaskitchen.com\/2010\/05\/flaskfile-marinerad-9-Katinkas-Kitchen-1024x768.jpg 1024w\" sizes=\"auto, (max-width: 300px) 100vw, 300px\" \/><\/a>denna min favorit bland vita druvor. Det h\u00e4r vinet \u00e4r ett prisv\u00e4rt alternativ att servera till mina vinkokta musslor, skaldjur och fisk som t.ex. mina pestofyllda fiskfil\u00e9er &#8211; eller att bara njuta som ap\u00e9r\u00e9tif f\u00f6re maten till n\u00e5got trevligt plock. En krispig torr och fr\u00e4sch Sauvignon Blanc som denna \u00e4r ocks\u00e5 det perfekta vinet till ch\u00e8vre.&nbsp;89 kr, Art.nr. 6540. Tips p\u00e5 tapas och plock finner du p\u00e5 den h\u00e4r l\u00e4nken:&nbsp;<a href=\"http:\/\/katinkaskitchen.com\/?cat=72\">http:\/\/katinkaskitchen.com\/?cat=72<\/a><\/h3>\n<h3>F\u00f6r den som f\u00f6redrar Chardonnay har San Pedro en prisv\u00e4rd s\u00e5dan med typisk fatkarakt\u00e4r, kr\u00e4mighet och fruktighet som passar bra till b\u00e5de fisk med mer sm\u00f6riga kr\u00e4miga s\u00e5ser s\u00e5som till exempel en beurre blanc, till kyckling eller fl\u00e4skk\u00f6tt &#8211; till exempel marinerad fl\u00e4skfil\u00e9, <a href=\"http:\/\/katinkaskitchen.com\/?attachment_id=12254\" rel=\"attachment wp-att-12254\"><img loading=\"lazy\" decoding=\"async\" class=\"alignright size-medium wp-image-12254\" src=\"http:\/\/files.katinkaskitchen.com\/2012\/08\/entrecote-cafe-de-paris-Katinkas-Kitchen-012-300x225.jpg\" alt=\"\" width=\"300\" height=\"225\" srcset=\"https:\/\/files.katinkaskitchen.com\/2012\/08\/entrecote-cafe-de-paris-Katinkas-Kitchen-012-300x225.jpg 300w, https:\/\/files.katinkaskitchen.com\/2012\/08\/entrecote-cafe-de-paris-Katinkas-Kitchen-012-150x112.jpg 150w, https:\/\/files.katinkaskitchen.com\/2012\/08\/entrecote-cafe-de-paris-Katinkas-Kitchen-012-1024x768.jpg 1024w\" sizes=\"auto, (max-width: 300px) 100vw, 300px\" \/><\/a>som du finner p\u00e5 den h\u00e4r l\u00e4nken <a href=\"http:\/\/katinkaskitchen.com\/?p=3170\">http:\/\/katinkaskitchen.com\/?p=3170<\/a>, fungerar bra till. Eller en smakrik fisksoppa <a href=\"http:\/\/katinkaskitchen.com\/?p=1001\">http:\/\/katinkaskitchen.com\/?p=1001<\/a>. Den passar ocks\u00e5 bra till mina kramiga r\u00e4kor som du ser p\u00e5 bilden h\u00f6gst upp till h\u00f6ger och finner p\u00e5 den h\u00e4r l\u00e4nken: <a href=\"http:\/\/katinkaskitchen.com\/?p=13582\">http:\/\/katinkaskitchen.com\/?p=13582<\/a>&nbsp;Det h\u00e4r vinet kostar bara 89 kr och finns i Systembolagets best\u00e4llningssortiment, Art. nr. 85437. Vinet kommer fr\u00e5n regionen med det underbara namnet Casablanca Valley.<\/h3>\n<h3>P\u00e5 r\u00f6dvinssidan finns ytterligare en druvtypisk prisv\u00e4rd produkt i Castillo de Molina Reserva Cabernet Sauvignon <a href=\"http:\/\/katinkaskitchen.com\/?attachment_id=11957\" rel=\"attachment wp-att-11957\"><img loading=\"lazy\" decoding=\"async\" class=\"alignright size-medium wp-image-11957\" src=\"http:\/\/files.katinkaskitchen.com\/2012\/07\/entrecote-grillad-hel-6-Katinkas-Kitchen1-300x225.jpg\" alt=\"\" width=\"300\" height=\"225\" srcset=\"https:\/\/files.katinkaskitchen.com\/2012\/07\/entrecote-grillad-hel-6-Katinkas-Kitchen1-300x225.jpg 300w, https:\/\/files.katinkaskitchen.com\/2012\/07\/entrecote-grillad-hel-6-Katinkas-Kitchen1-150x112.jpg 150w, https:\/\/files.katinkaskitchen.com\/2012\/07\/entrecote-grillad-hel-6-Katinkas-Kitchen1-1024x768.jpg 1024w\" sizes=\"auto, (max-width: 300px) 100vw, 300px\" \/><\/a>fr\u00e5n regionen Rapel. Det \u00e4r ett relativt fylligt, angen\u00e4mt fruktigt vin med kryddighet och fatkarakt\u00e4r med en l\u00e5ng eftersmak av svarta vinb\u00e4r och plommon. Detta vin passar till k\u00f6ttr\u00e4tter, s\u00e5som en skiva stekt entrec\u00f4te med schalottenl\u00f6kssm\u00f6r <a href=\"http:\/\/katinkaskitchen.com\/?p=10117\">http:\/\/katinkaskitchen.com\/?p=10117<\/a>, caf\u00e9 de Paris-sm\u00f6r eller&nbsp;varf\u00f6r inte helstekt entrec\u00f4te eller annan stek. Recepttips finner du p\u00e5 den h\u00e4r l\u00e4nken: <a href=\"http:\/\/katinkaskitchen.com\/?cat=4008\">http:\/\/katinkaskitchen.com\/?cat=4008<\/a>&nbsp;Det h\u00e4r vinet \u00e4r \u00e4ven gott till charkuterier och tapas f\u00f6re maten samt till lamm, som den sydfranska lammgrytan du finner p\u00e5 den h\u00e4r l\u00e4nken:<a href=\"http:\/\/katinkaskitchen.com\/?p=4093\">http:\/\/katinkaskitchen.com\/?p=4093<\/a><\/h3>\n<h3>Fr\u00e5n den kanske mer v\u00e4lbekanta regionen Maipo kommer San Pedros 1865 Cabernet Sauvignon som f\u00e5tt sitt namn fr\u00e5n n\u00e4r vinhuset grundades. Det h\u00e4r vinet \u00e4r \u00e4nnu <a href=\"http:\/\/katinkaskitchen.com\/?attachment_id=10129\" rel=\"attachment wp-att-10129\"><img loading=\"lazy\" decoding=\"async\" class=\"alignright size-medium wp-image-10129\" src=\"http:\/\/files.katinkaskitchen.com\/2012\/05\/entrecote-m-schalottenlokssmor-closeup-Katinkas-Kitchen-300x225.jpg\" alt=\"\" width=\"300\" height=\"225\" srcset=\"https:\/\/files.katinkaskitchen.com\/2012\/05\/entrecote-m-schalottenlokssmor-closeup-Katinkas-Kitchen-300x225.jpg 300w, https:\/\/files.katinkaskitchen.com\/2012\/05\/entrecote-m-schalottenlokssmor-closeup-Katinkas-Kitchen-150x112.jpg 150w, https:\/\/files.katinkaskitchen.com\/2012\/05\/entrecote-m-schalottenlokssmor-closeup-Katinkas-Kitchen.jpg 640w\" sizes=\"auto, (max-width: 300px) 100vw, 300px\" \/><\/a>mustigare med mer fatkarakt\u00e4r som ekvanilj och m\u00f6rk choklad, och jag skulle vilja s\u00e4ga att det mer \u00e4r gjort i det som vi k\u00e4nner som chilensk stil och kanske lite mindre fransk stil och passar med sin <a href=\"http:\/\/katinkaskitchen.com\/?attachment_id=7222\" rel=\"attachment wp-att-7222\"><img loading=\"lazy\" decoding=\"async\" class=\"alignright size-medium wp-image-7222\" src=\"http:\/\/files.katinkaskitchen.com\/2012\/02\/sydfransk-lammgryta-7-Katinkas-Kitchen-300x225.jpg\" alt=\"\" width=\"300\" height=\"225\" srcset=\"https:\/\/files.katinkaskitchen.com\/2012\/02\/sydfransk-lammgryta-7-Katinkas-Kitchen-300x225.jpg 300w, https:\/\/files.katinkaskitchen.com\/2012\/02\/sydfransk-lammgryta-7-Katinkas-Kitchen-150x112.jpg 150w, https:\/\/files.katinkaskitchen.com\/2012\/02\/sydfransk-lammgryta-7-Katinkas-Kitchen.jpg 640w\" sizes=\"auto, (max-width: 300px) 100vw, 300px\" \/><\/a>fyllighet och smakrikedom&nbsp;bra till mustiga grytor och smakrika k\u00f6ttr\u00e4tter. 119 kr, Art. nr 16672. T.ex. en h\u00f6stgryta p\u00e5 kyckling eller k\u00f6tt med trattkantareller, karl johansvamp och r\u00f6tt vin som du kommer kunna l\u00e4sa mer om i helgen.<\/h3>\n<h3>Marco h\u00e5ller just nu p\u00e5 att utveckla en Pinot Noir i det \u00f6vre segmentet som verkar lovande. Det ska bli sp\u00e4nnande att se vad som kommer fram\u00f6ver fr\u00e5n det h\u00e4r vinhuset. Under tiden njuter vi av de viner som finns som passar s\u00e5 bra till h\u00f6stens h\u00e4rliga mat att samlas och v\u00e4rmas kring. Du finner mer tips och inspiration i de olika kategorierna i kolumnen till h\u00f6ger.<\/h3>\n<h3>Mycket gl\u00e4dje i k\u00f6ket och vid glasen \u00f6nskas med v\u00e4nliga matglada h\u00e4lsningar fr\u00e5n Katinkas Kitchen!<\/h3>\n<p>Katinka Hammarski\u00f6ld<\/p>\n<p>katinka.hammarskiold@hotmail.com<\/p>\n<p>www.katinkaskitchen.com<\/p>\n","protected":false},"excerpt":{"rendered":"<p>Det borde st\u00e5 klart f\u00f6r alla att jag \u00e4lskar mat, att laga mat, att \u00e4ta den och att t\u00e4nka p\u00e5 mat. Jag tycker ocks\u00e5 mycket om viner och att kombinera viner med mat. Vad g\u00e4ller mat \u00e4r jag nog mest rotad vid mitt k\u00e4ra Medelhav, men g\u00f6r g\u00e4rna utflykter inte [&hellip;]<\/p>\n","protected":false},"author":2,"featured_media":13591,"comment_status":"open","ping_status":"closed","sticky":false,"template":"","format":"standard","meta":{"footnotes":""},"categories":[4035,124,4028,4008,4009,11736],"tags":[],"class_list":["post-13573","post","type-post","status-publish","format-standard","has-post-thumbnail","hentry","category-flaskkott","category-grillat","category-grytor","category-kott","category-lamm","category-vintips"],"_links":{"self":[{"href":"https:\/\/katinkaskitchen.com\/index.php?rest_route=\/wp\/v2\/posts\/13573","targetHints":{"allow":["GET"]}}],"collection":[{"href":"https:\/\/katinkaskitchen.com\/index.php?rest_route=\/wp\/v2\/posts"}],"about":[{"href":"https:\/\/katinkaskitchen.com\/index.php?rest_route=\/wp\/v2\/types\/post"}],"author":[{"embeddable":true,"href":"https:\/\/katinkaskitchen.com\/index.php?rest_route=\/wp\/v2\/users\/2"}],"replies":[{"embeddable":true,"href":"https:\/\/katinkaskitchen.com\/index.php?rest_route=%2Fwp%2Fv2%2Fcomments&post=13573"}],"version-history":[{"count":26,"href":"https:\/\/katinkaskitchen.com\/index.php?rest_route=\/wp\/v2\/posts\/13573\/revisions"}],"predecessor-version":[{"id":35713,"href":"https:\/\/katinkaskitchen.com\/index.php?rest_route=\/wp\/v2\/posts\/13573\/revisions\/35713"}],"wp:featuredmedia":[{"embeddable":true,"href":"https:\/\/katinkaskitchen.com\/index.php?rest_route=\/wp\/v2\/media\/13591"}],"wp:attachment":[{"href":"https:\/\/katinkaskitchen.com\/index.php?rest_route=%2Fwp%2Fv2%2Fmedia&parent=13573"}],"wp:term":[{"taxonomy":"category","embeddable":true,"href":"https:\/\/katinkaskitchen.com\/index.php?rest_route=%2Fwp%2Fv2%2Fcategories&post=13573"},{"taxonomy":"post_tag","embeddable":true,"href":"https:\/\/katinkaskitchen.com\/index.php?rest_route=%2Fwp%2Fv2%2Ftags&post=13573"}],"curies":[{"name":"wp","href":"https:\/\/api.w.org\/{rel}","templated":true}]}}