{"id":13990,"date":"2012-10-12T03:00:33","date_gmt":"2012-10-12T03:00:33","guid":{"rendered":"http:\/\/katinkaskitchen.com\/?p=13990"},"modified":"2022-12-06T09:37:51","modified_gmt":"2022-12-06T08:37:51","slug":"goda-prisvarda-viner","status":"publish","type":"post","link":"https:\/\/katinkaskitchen.com\/?p=13990","title":{"rendered":"Goda prisv\u00e4rda viner &amp; mattips"},"content":{"rendered":"<h3><a href=\"http:\/\/katinkaskitchen.com\/?attachment_id=14086\" rel=\"attachment wp-att-14086\"><img loading=\"lazy\" decoding=\"async\" class=\"alignright size-large wp-image-14086\" src=\"http:\/\/files.katinkaskitchen.com\/2012\/10\/viner-cave-de-tain-montgo-Katinkas-Kitchen-5-1024x768.jpg\" alt=\"\" width=\"1024\" height=\"768\" srcset=\"https:\/\/files.katinkaskitchen.com\/2012\/10\/viner-cave-de-tain-montgo-Katinkas-Kitchen-5-1024x768.jpg 1024w, https:\/\/files.katinkaskitchen.com\/2012\/10\/viner-cave-de-tain-montgo-Katinkas-Kitchen-5-150x112.jpg 150w, https:\/\/files.katinkaskitchen.com\/2012\/10\/viner-cave-de-tain-montgo-Katinkas-Kitchen-5-300x225.jpg 300w\" sizes=\"auto, (max-width: 1024px) 100vw, 1024px\" \/><\/a><\/h3>\n<h3>Jag har haft f\u00f6rm\u00e5nen att f\u00e5 pr\u00f6va n\u00e5gra viner innan de kom ut p\u00e5 Systembolaget. En del av dem <a href=\"http:\/\/katinkaskitchen.com\/?attachment_id=13854\" rel=\"attachment wp-att-13854\"><img loading=\"lazy\" decoding=\"async\" class=\"alignright size-medium wp-image-13854\" src=\"http:\/\/files.katinkaskitchen.com\/2012\/10\/pasta-m-bacon-zucchini-tomater-Katinkas-Kitchen-3-300x225.jpg\" alt=\"\" width=\"300\" height=\"225\" srcset=\"https:\/\/files.katinkaskitchen.com\/2012\/10\/pasta-m-bacon-zucchini-tomater-Katinkas-Kitchen-3-300x225.jpg 300w, https:\/\/files.katinkaskitchen.com\/2012\/10\/pasta-m-bacon-zucchini-tomater-Katinkas-Kitchen-3-150x112.jpg 150w, https:\/\/files.katinkaskitchen.com\/2012\/10\/pasta-m-bacon-zucchini-tomater-Katinkas-Kitchen-3-1024x768.jpg 1024w\" sizes=\"auto, (max-width: 300px) 100vw, 300px\" \/><\/a>har redan blivit omn\u00e4mnda i tidigare inl\u00e4gg. Jag vill s\u00e5 h\u00e4r inf\u00f6r helgen passa p\u00e5 att rekommendera de h\u00e4r vinerna som jag tycker \u00e4r v\u00e4ldigt prisv\u00e4rda och goda med fin balans mellan fyllighet, rundhet och syra.<\/h3>\n<h3>Det \u00e4r dels en italienare fr\u00e5n regionen Marche p\u00e5 \u00f6stra sidan av Italien, vid Adriatiska havet, Villa Marina Rosso Conero 2009, Artnr. 2143. Det h\u00e4r \u00e4r ett vin gjort helt av Montepulciano-druvan, med&nbsp;med fruktighet och smak av b\u00e4r, angen\u00e4m fyllighet och syra. Ett mycket prisv\u00e4rt vin f\u00f6r 79 kronor som passar v\u00e4ldigt bra till pastar\u00e4tter och ljusare k\u00f6tt som kyckling.<a href=\"http:\/\/katinkaskitchen.com\/?attachment_id=12594\" rel=\"attachment wp-att-12594\"><img loading=\"lazy\" decoding=\"async\" class=\"alignright size-medium wp-image-12594\" src=\"http:\/\/files.katinkaskitchen.com\/2010\/02\/medelhavskyckling-8-Katinkas-Kitchen-300x225.jpg\" alt=\"\" width=\"300\" height=\"225\" srcset=\"https:\/\/files.katinkaskitchen.com\/2010\/02\/medelhavskyckling-8-Katinkas-Kitchen-300x225.jpg 300w, https:\/\/files.katinkaskitchen.com\/2010\/02\/medelhavskyckling-8-Katinkas-Kitchen-150x112.jpg 150w, https:\/\/files.katinkaskitchen.com\/2010\/02\/medelhavskyckling-8-Katinkas-Kitchen-1024x768.jpg 1024w\" sizes=\"auto, (max-width: 300px) 100vw, 300px\" \/><\/a><\/h3>\n<h3>L\u00e4nk till en massa pastarecept:&nbsp;<a href=\"http:\/\/katinkaskitchen.com\/?cat=4017\">http:\/\/katinkaskitchen.com\/?cat=4017<\/a><a href=\"http:\/\/katinkaskitchen.com\/?attachment_id=10129\" rel=\"attachment wp-att-10129\"><img loading=\"lazy\" decoding=\"async\" class=\"alignright size-medium wp-image-10129\" src=\"http:\/\/files.katinkaskitchen.com\/2012\/05\/entrecote-m-schalottenlokssmor-closeup-Katinkas-Kitchen-300x225.jpg\" alt=\"\" width=\"300\" height=\"225\" srcset=\"https:\/\/files.katinkaskitchen.com\/2012\/05\/entrecote-m-schalottenlokssmor-closeup-Katinkas-Kitchen-300x225.jpg 300w, https:\/\/files.katinkaskitchen.com\/2012\/05\/entrecote-m-schalottenlokssmor-closeup-Katinkas-Kitchen-150x112.jpg 150w, https:\/\/files.katinkaskitchen.com\/2012\/05\/entrecote-m-schalottenlokssmor-closeup-Katinkas-Kitchen.jpg 640w\" sizes=\"auto, (max-width: 300px) 100vw, 300px\" \/><\/a><\/h3>\n<h3>Vidare har vi ett spanskt vin med mer fyllighet och fatkarakt\u00e4r, Montg\u00f3 Garnacha Old Vines 2010, fr\u00e5n Cari\u00f1ena, som \u00e4r ett v\u00e4ldigt gammalt vindistrikt d\u00e4r Garnacha \u00e4r den vanligaste druvan. Det h\u00e4r \u00e4r ett vin med smaker av m\u00f6rka b\u00e4r och en not av choklad, 89 kronor, Artnr 2189. Det passar bra till en bit stekt k\u00f6tt, kycklinggrytor som t.ex. min medelhavskyckling men \u00e4ven till andra grytor och r\u00e4tter.<\/h3>\n<h3>L\u00e4nk till en m\u00e4ngd h\u00e4rliga k\u00f6ttrecept:&nbsp;<a href=\"http:\/\/katinkaskitchen.com\/?cat=4008\">http:\/\/katinkaskitchen.com\/?cat=4008<\/a><a href=\"http:\/\/katinkaskitchen.com\/?attachment_id=12591\" rel=\"attachment wp-att-12591\"><img loading=\"lazy\" decoding=\"async\" class=\"alignright size-medium wp-image-12591\" src=\"http:\/\/files.katinkaskitchen.com\/2011\/12\/oxfile-marinerad-Katinkas-Kitchen1-300x225.jpg\" alt=\"\" width=\"300\" height=\"225\" srcset=\"https:\/\/files.katinkaskitchen.com\/2011\/12\/oxfile-marinerad-Katinkas-Kitchen1-300x225.jpg 300w, https:\/\/files.katinkaskitchen.com\/2011\/12\/oxfile-marinerad-Katinkas-Kitchen1-150x112.jpg 150w, https:\/\/files.katinkaskitchen.com\/2011\/12\/oxfile-marinerad-Katinkas-Kitchen1.jpg 320w\" sizes=\"auto, (max-width: 300px) 100vw, 300px\" \/><\/a><a href=\"http:\/\/katinkaskitchen.com\/?attachment_id=10638\" rel=\"attachment wp-att-10638\"><img loading=\"lazy\" decoding=\"async\" class=\"alignright size-medium wp-image-10638\" src=\"http:\/\/files.katinkaskitchen.com\/2012\/05\/kalvstek-sparris-rostpot-tryffelcreme-Katinkas-Kitchen1-300x225.jpg\" alt=\"\" width=\"300\" height=\"225\"><\/a><\/h3>\n<h3>Och sist men inte minst ett franskt vin, Crozes Hermitage Cave de Tain 2009, Artnr 2815, 99 kronor, fr\u00e5n Rh\u00f4nedalen, gjort p\u00e5 Syrahdruvan. Det h\u00e4r \u00e4r ett h\u00e4rligt vin till h\u00f6stens mustiga grytor, ett vin i min smak, typiskt gamla v\u00e4rlden med alla nyanser med <a href=\"http:\/\/katinkaskitchen.com\/?attachment_id=13720\" rel=\"attachment wp-att-13720\"><img loading=\"lazy\" decoding=\"async\" class=\"alignright size-medium wp-image-13720\" src=\"http:\/\/files.katinkaskitchen.com\/2012\/09\/kycklinggryta-m-svamp-Katinkas-Kitchen-51-300x225.jpg\" alt=\"\" width=\"300\" height=\"225\" srcset=\"https:\/\/files.katinkaskitchen.com\/2012\/09\/kycklinggryta-m-svamp-Katinkas-Kitchen-51-300x225.jpg 300w, https:\/\/files.katinkaskitchen.com\/2012\/09\/kycklinggryta-m-svamp-Katinkas-Kitchen-51-150x112.jpg 150w, https:\/\/files.katinkaskitchen.com\/2012\/09\/kycklinggryta-m-svamp-Katinkas-Kitchen-51-1024x768.jpg 1024w\" sizes=\"auto, (max-width: 300px) 100vw, 300px\" \/><\/a>frukt och kryddighet.<\/h3>\n<h3>L\u00e4nk till recept p\u00e5 grytor, som t.ex. kycklinggrytan med svamp som du ser p\u00e5 bilden, som jag kallar h\u00f6stgryta, boeuf bourgignon och mycket annat:&nbsp;<a href=\"http:\/\/katinkaskitchen.com\/?cat=4028\">http:\/\/katinkaskitchen.com\/?cat=4028<\/a><a href=\"http:\/\/katinkaskitchen.com\/?attachment_id=11514\" rel=\"attachment wp-att-11514\"><img loading=\"lazy\" decoding=\"async\" class=\"alignright size-medium wp-image-11514\" src=\"http:\/\/files.katinkaskitchen.com\/2012\/07\/majskycklingbrost-jordartskocksgratin-rodbetssallad-1-Katinkas-Kitchen-300x225.jpg\" alt=\"\" width=\"300\" height=\"225\" srcset=\"https:\/\/files.katinkaskitchen.com\/2012\/07\/majskycklingbrost-jordartskocksgratin-rodbetssallad-1-Katinkas-Kitchen-300x225.jpg 300w, https:\/\/files.katinkaskitchen.com\/2012\/07\/majskycklingbrost-jordartskocksgratin-rodbetssallad-1-Katinkas-Kitchen-150x112.jpg 150w, https:\/\/files.katinkaskitchen.com\/2012\/07\/majskycklingbrost-jordartskocksgratin-rodbetssallad-1-Katinkas-Kitchen-1024x768.jpg 1024w\" sizes=\"auto, (max-width: 300px) 100vw, 300px\" \/><\/a><\/h3>\n<h3>Du kan ocks\u00e5 med f\u00f6rdel g\u00e5 in i kategorierna i kolumnen till h\u00f6ger &#8211; kyckling, lamm, n\u00f6tk\u00f6tt, grytor, tillbeh\u00f6r, s\u00e5ser r\u00f6ror &amp; kryddsm\u00f6r etc. &#8211; eller s\u00f6ka i rutan uppe till h\u00f6ger p\u00e5 de saker du har hemma s\u00e5 f\u00e5r du upp alla recept som inneh\u00e5ller dina s\u00f6kord.<\/h3>\n<h3>Mycket vin- och matgl\u00e4dje och trevlig helg \u00f6nskas fr\u00e5n Katinkas Kitchen!<\/h3>\n<h3>Scrolla ner\u00e5t f\u00f6r att se alla bilder:)<\/h3>\n<p>Katinka Hammarski\u00f6ld<a href=\"http:\/\/katinkaskitchen.com\/?attachment_id=14086\" rel=\"attachment wp-att-14086\"><img loading=\"lazy\" decoding=\"async\" class=\"alignright size-medium wp-image-14086\" src=\"http:\/\/files.katinkaskitchen.com\/2012\/10\/viner-cave-de-tain-montgo-Katinkas-Kitchen-5-300x225.jpg\" alt=\"\" width=\"300\" height=\"225\" srcset=\"https:\/\/files.katinkaskitchen.com\/2012\/10\/viner-cave-de-tain-montgo-Katinkas-Kitchen-5-300x225.jpg 300w, https:\/\/files.katinkaskitchen.com\/2012\/10\/viner-cave-de-tain-montgo-Katinkas-Kitchen-5-150x112.jpg 150w, https:\/\/files.katinkaskitchen.com\/2012\/10\/viner-cave-de-tain-montgo-Katinkas-Kitchen-5-1024x768.jpg 1024w\" sizes=\"auto, (max-width: 300px) 100vw, 300px\" \/><\/a><\/p>\n<p>katinka.hammarskiold@hotmail.com<\/p>\n<p>www.katinkaskitchen.com<\/p>\n<p>&nbsp;<\/p>\n","protected":false},"excerpt":{"rendered":"<p>Jag har haft f\u00f6rm\u00e5nen att f\u00e5 pr\u00f6va n\u00e5gra viner innan de kom ut p\u00e5 Systembolaget. En del av dem har redan blivit omn\u00e4mnda i tidigare inl\u00e4gg. Jag vill s\u00e5 h\u00e4r inf\u00f6r helgen passa p\u00e5 att rekommendera de h\u00e4r vinerna som jag tycker \u00e4r v\u00e4ldigt prisv\u00e4rda och goda med fin balans [&hellip;]<\/p>\n","protected":false},"author":2,"featured_media":14086,"comment_status":"open","ping_status":"closed","sticky":false,"template":"","format":"standard","meta":{"footnotes":""},"categories":[4024,11736],"tags":[],"class_list":["post-13990","post","type-post","status-publish","format-standard","has-post-thumbnail","hentry","category-festmiddagar","category-vintips"],"_links":{"self":[{"href":"https:\/\/katinkaskitchen.com\/index.php?rest_route=\/wp\/v2\/posts\/13990","targetHints":{"allow":["GET"]}}],"collection":[{"href":"https:\/\/katinkaskitchen.com\/index.php?rest_route=\/wp\/v2\/posts"}],"about":[{"href":"https:\/\/katinkaskitchen.com\/index.php?rest_route=\/wp\/v2\/types\/post"}],"author":[{"embeddable":true,"href":"https:\/\/katinkaskitchen.com\/index.php?rest_route=\/wp\/v2\/users\/2"}],"replies":[{"embeddable":true,"href":"https:\/\/katinkaskitchen.com\/index.php?rest_route=%2Fwp%2Fv2%2Fcomments&post=13990"}],"version-history":[{"count":20,"href":"https:\/\/katinkaskitchen.com\/index.php?rest_route=\/wp\/v2\/posts\/13990\/revisions"}],"predecessor-version":[{"id":35727,"href":"https:\/\/katinkaskitchen.com\/index.php?rest_route=\/wp\/v2\/posts\/13990\/revisions\/35727"}],"wp:featuredmedia":[{"embeddable":true,"href":"https:\/\/katinkaskitchen.com\/index.php?rest_route=\/wp\/v2\/media\/14086"}],"wp:attachment":[{"href":"https:\/\/katinkaskitchen.com\/index.php?rest_route=%2Fwp%2Fv2%2Fmedia&parent=13990"}],"wp:term":[{"taxonomy":"category","embeddable":true,"href":"https:\/\/katinkaskitchen.com\/index.php?rest_route=%2Fwp%2Fv2%2Fcategories&post=13990"},{"taxonomy":"post_tag","embeddable":true,"href":"https:\/\/katinkaskitchen.com\/index.php?rest_route=%2Fwp%2Fv2%2Ftags&post=13990"}],"curies":[{"name":"wp","href":"https:\/\/api.w.org\/{rel}","templated":true}]}}