{"id":14263,"date":"2012-10-18T03:00:58","date_gmt":"2012-10-18T03:00:58","guid":{"rendered":"http:\/\/katinkaskitchen.com\/?p=14263"},"modified":"2022-12-06T09:36:04","modified_gmt":"2022-12-06T08:36:04","slug":"arets-smorbagare-appelmangd-i-final","status":"publish","type":"post","link":"https:\/\/katinkaskitchen.com\/?p=14263","title":{"rendered":"\u00c5rets sm\u00f6rbagare &#8211; \u00e4ppelm\u00e4ngd i final!"},"content":{"rendered":"<h3><a href=\"http:\/\/katinkaskitchen.com\/?attachment_id=14274\" rel=\"attachment wp-att-14274\"><img loading=\"lazy\" decoding=\"async\" class=\"alignright size-medium wp-image-14274\" src=\"http:\/\/files.katinkaskitchen.com\/2012\/10\/appelmangd-1-Katinkas-Kitchen-095-300x225.jpg\" alt=\"\" width=\"300\" height=\"225\" srcset=\"https:\/\/files.katinkaskitchen.com\/2012\/10\/appelmangd-1-Katinkas-Kitchen-095-300x225.jpg 300w, https:\/\/files.katinkaskitchen.com\/2012\/10\/appelmangd-1-Katinkas-Kitchen-095-150x112.jpg 150w, https:\/\/files.katinkaskitchen.com\/2012\/10\/appelmangd-1-Katinkas-Kitchen-095-1024x768.jpg 1024w\" sizes=\"auto, (max-width: 300px) 100vw, 300px\" \/><\/a><\/h3>\n<h3>&#8221;Bli \u00e5rets sm\u00f6rbagare!&#8221; s\u00e5g jag i en tidning f\u00f6r ett tag sedan.<\/h3>\n<h3>Jag gick in p\u00e5 den angivna webadressen och fyllde i mitt recept p\u00e5 \u00e4ppelm\u00e4ngd. Eller \u00e4ppell\u00e4ngd som det egentligen heter, fast sonens ben\u00e4mning gillar jag mer:) Man skulle ocks\u00e5 kunna kalla den f\u00f6r en desserpizza.<\/h3>\n<h3>Sedan gl\u00f6mde jag bort det hela &#8211; \u00e4nda tills jag fick ett mail fr\u00e5n Arla som l\u00f6d: &#8221;Grattis! Du \u00e4r en av vinnarna i \u00c5rets Sm\u00f6rbagare!&#8221; \u00c4ppelm\u00e4ngden hade kommit till final och hamnat p\u00e5 2:a plats. Det \u00e4r i vart fall min glada tolkning n\u00e4r den n\u00e4mndes f\u00f6rst av de fyra finalisterna efter <a href=\"http:\/\/katinkaskitchen.com\/?attachment_id=14274\" rel=\"attachment wp-att-14274\"><img loading=\"lazy\" decoding=\"async\" class=\"alignright size-medium wp-image-14274\" src=\"http:\/\/files.katinkaskitchen.com\/2012\/10\/appelmangd-1-Katinkas-Kitchen-095-300x225.jpg\" alt=\"\" width=\"300\" height=\"225\" srcset=\"https:\/\/files.katinkaskitchen.com\/2012\/10\/appelmangd-1-Katinkas-Kitchen-095-300x225.jpg 300w, https:\/\/files.katinkaskitchen.com\/2012\/10\/appelmangd-1-Katinkas-Kitchen-095-150x112.jpg 150w, https:\/\/files.katinkaskitchen.com\/2012\/10\/appelmangd-1-Katinkas-Kitchen-095-1024x768.jpg 1024w\" sizes=\"auto, (max-width: 300px) 100vw, 300px\" \/><\/a>vinnaren i kategorin bullar.<\/h3>\n<h3>\u00c4ppelm\u00e4ngden best\u00e5r av en extra god bulldeg med \u00e4gg och mycket kardemumma. Den kavlas ut till en tunn botten, liknande en pizza. Ovanp\u00e5 den brer jag sm\u00f6r som r\u00f6rts med vaniljsocker. D\u00e4rp\u00e5 l\u00e4ggs ett g\u00e4ng \u00e4ppelskivor i vackra rader som bestr\u00f6s med kanel. Doften av bullar, sm\u00f6r och de ljuvliga kryddorna sprider sig i k\u00f6ket n\u00e4r \u00e4ppelm\u00e4ngderna gr\u00e4ddas. G\u00f6r mycket &#8211; de har en strykande \u00e5tg\u00e5ng! Receptet finner du h\u00e4r:&nbsp;<a href=\"http:\/\/katinkaskitchen.com\/?p=3753\">http:\/\/katinkaskitchen.com\/?p=3753<\/a><\/h3>\n<h3>L\u00e4nk till lista med alla vinnare, finalister m.fl:&nbsp;<a href=\"https:\/\/www.facebook.com\/arlasverige\/app_320664321335999\">https:\/\/www.facebook.com\/arlasverige\/app_320664321335999<\/a><a href=\"http:\/\/katinkaskitchen.com\/?attachment_id=12292\" rel=\"attachment wp-att-12292\"><img loading=\"lazy\" decoding=\"async\" class=\"alignright size-medium wp-image-12292\" src=\"http:\/\/files.katinkaskitchen.com\/2010\/02\/appelmangd-3-Katinkas-Kitchen-112-300x225.jpg\" alt=\"\" width=\"300\" height=\"225\" srcset=\"https:\/\/files.katinkaskitchen.com\/2010\/02\/appelmangd-3-Katinkas-Kitchen-112-300x225.jpg 300w, https:\/\/files.katinkaskitchen.com\/2010\/02\/appelmangd-3-Katinkas-Kitchen-112-150x112.jpg 150w, https:\/\/files.katinkaskitchen.com\/2010\/02\/appelmangd-3-Katinkas-Kitchen-112-1024x768.jpg 1024w\" sizes=\"auto, (max-width: 300px) 100vw, 300px\" \/><\/a><\/h3>\n<h3>Med v\u00e4nliga mat- bull- och sm\u00f6rglada h\u00e4lsningar fr\u00e5n Katinkas Kitchen!<\/h3>\n<p>Katinka Hammarski\u00f6ld<\/p>\n<p>katinka.hammarskiold@hotmail.com<\/p>\n<p>www.katinkaskitchen.com<\/p>\n","protected":false},"excerpt":{"rendered":"<p>&#8221;Bli \u00e5rets sm\u00f6rbagare!&#8221; s\u00e5g jag i en tidning f\u00f6r ett tag sedan. Jag gick in p\u00e5 den angivna webadressen och fyllde i mitt recept p\u00e5 \u00e4ppelm\u00e4ngd. Eller \u00e4ppell\u00e4ngd som det egentligen heter, fast sonens ben\u00e4mning gillar jag mer:) Man skulle ocks\u00e5 kunna kalla den f\u00f6r en desserpizza. Sedan gl\u00f6mde jag [&hellip;]<\/p>\n","protected":false},"author":5,"featured_media":14274,"comment_status":"open","ping_status":"closed","sticky":false,"template":"","format":"standard","meta":{"footnotes":""},"categories":[4004,11807,115],"tags":[],"class_list":["post-14263","post","type-post","status-publish","format-standard","has-post-thumbnail","hentry","category-apple","category-baka-vetedeg","category-baka-sott-kakor-pajer-bullar"],"_links":{"self":[{"href":"https:\/\/katinkaskitchen.com\/index.php?rest_route=\/wp\/v2\/posts\/14263","targetHints":{"allow":["GET"]}}],"collection":[{"href":"https:\/\/katinkaskitchen.com\/index.php?rest_route=\/wp\/v2\/posts"}],"about":[{"href":"https:\/\/katinkaskitchen.com\/index.php?rest_route=\/wp\/v2\/types\/post"}],"author":[{"embeddable":true,"href":"https:\/\/katinkaskitchen.com\/index.php?rest_route=\/wp\/v2\/users\/5"}],"replies":[{"embeddable":true,"href":"https:\/\/katinkaskitchen.com\/index.php?rest_route=%2Fwp%2Fv2%2Fcomments&post=14263"}],"version-history":[{"count":12,"href":"https:\/\/katinkaskitchen.com\/index.php?rest_route=\/wp\/v2\/posts\/14263\/revisions"}],"predecessor-version":[{"id":32334,"href":"https:\/\/katinkaskitchen.com\/index.php?rest_route=\/wp\/v2\/posts\/14263\/revisions\/32334"}],"wp:featuredmedia":[{"embeddable":true,"href":"https:\/\/katinkaskitchen.com\/index.php?rest_route=\/wp\/v2\/media\/14274"}],"wp:attachment":[{"href":"https:\/\/katinkaskitchen.com\/index.php?rest_route=%2Fwp%2Fv2%2Fmedia&parent=14263"}],"wp:term":[{"taxonomy":"category","embeddable":true,"href":"https:\/\/katinkaskitchen.com\/index.php?rest_route=%2Fwp%2Fv2%2Fcategories&post=14263"},{"taxonomy":"post_tag","embeddable":true,"href":"https:\/\/katinkaskitchen.com\/index.php?rest_route=%2Fwp%2Fv2%2Ftags&post=14263"}],"curies":[{"name":"wp","href":"https:\/\/api.w.org\/{rel}","templated":true}]}}