{"id":14359,"date":"2012-10-24T03:00:37","date_gmt":"2012-10-24T03:00:37","guid":{"rendered":"http:\/\/katinkaskitchen.com\/?p=14359"},"modified":"2022-12-06T09:48:33","modified_gmt":"2022-12-06T08:48:33","slug":"tomatsallad-med-fetaost-sumac","status":"publish","type":"post","link":"https:\/\/katinkaskitchen.com\/?p=14359","title":{"rendered":"Tomatsallad med fetaost &amp; sumac"},"content":{"rendered":"<h3><a href=\"http:\/\/katinkaskitchen.com\/?attachment_id=14362\" rel=\"attachment wp-att-14362\"><img loading=\"lazy\" decoding=\"async\" class=\"alignright size-large wp-image-14362\" src=\"http:\/\/files.katinkaskitchen.com\/2012\/10\/tomatsallad-feta-sumac-1-Katinkas-Kitchen1-1024x768.jpg\" alt=\"\" width=\"1024\" height=\"768\" srcset=\"https:\/\/files.katinkaskitchen.com\/2012\/10\/tomatsallad-feta-sumac-1-Katinkas-Kitchen1-1024x768.jpg 1024w, https:\/\/files.katinkaskitchen.com\/2012\/10\/tomatsallad-feta-sumac-1-Katinkas-Kitchen1-150x112.jpg 150w, https:\/\/files.katinkaskitchen.com\/2012\/10\/tomatsallad-feta-sumac-1-Katinkas-Kitchen1-300x225.jpg 300w\" sizes=\"auto, (max-width: 1024px) 100vw, 1024px\" \/><\/a><\/h3>\n<h3>Tomatsallad med fetaost \u00e4r en god kombination. Med den sp\u00e4nnande kryddan sumac str\u00f6dd \u00f6ver fetaosten blir det en h\u00e4rlig sallad med Mellan\u00f6sternsmaker. Den \u00e4r v\u00e4ldigt vacker och l\u00e4ttlagad.<\/h3>\n<p>Du beh\u00f6ver:<\/p>\n<p>ca 4-6 fina f\u00e4rska tomater skurna i skivor. P\u00e5 vintern tar jag g\u00e4rna coctailtomater som jag delar i halvor.<\/p>\n<p>1 paket fetaost<\/p>\n<p>sumac<\/p>\n<p>olivolja<\/p>\n<p>G\u00f6r s\u00e5 h\u00e4r:<a href=\"http:\/\/katinkaskitchen.com\/?attachment_id=14362\" rel=\"attachment wp-att-14362\"><img loading=\"lazy\" decoding=\"async\" class=\"alignright size-medium wp-image-14362\" src=\"http:\/\/files.katinkaskitchen.com\/2012\/10\/tomatsallad-feta-sumac-1-Katinkas-Kitchen1-300x225.jpg\" alt=\"\" width=\"300\" height=\"225\" srcset=\"https:\/\/files.katinkaskitchen.com\/2012\/10\/tomatsallad-feta-sumac-1-Katinkas-Kitchen1-300x225.jpg 300w, https:\/\/files.katinkaskitchen.com\/2012\/10\/tomatsallad-feta-sumac-1-Katinkas-Kitchen1-150x112.jpg 150w, https:\/\/files.katinkaskitchen.com\/2012\/10\/tomatsallad-feta-sumac-1-Katinkas-Kitchen1-1024x768.jpg 1024w\" sizes=\"auto, (max-width: 300px) 100vw, 300px\" \/><\/a><\/p>\n<p>Sk\u00e4r tomaterna i skivor eller coctailtomaterna i halvor och l\u00e4gg dem i en sk\u00e5l eller p\u00e5 ett fat. Smula fetaosten \u00f6ver. Krydda med sumac. Ringla olivolja \u00f6ver. &nbsp;Servera till stekt k\u00f6tt, kanske libanesisk mixed grill! Det kommer en massa sp\u00e4nnande libanesiska recept h\u00e4r p\u00e5 Katinkas Kitchen p\u00e5 fredag.<\/p>\n<p>Du kan l\u00e4sa mer om sumac h\u00e4r:&nbsp;<a href=\"http:\/\/katinkaskitchen.com\/?p=14112\">http:\/\/katinkaskitchen.com\/?p=14112<\/a><\/p>\n<p>Med v\u00e4nliga matglada h\u00e4lsningar fr\u00e5n Katinkas Kitchen<\/p>\n<p>Katinka Hammarski\u00f6ld<\/p>\n<p>katinka.hammarskiold@hotmail.com<\/p>\n<p>www.katinkaskitchen.com<\/p>\n","protected":false},"excerpt":{"rendered":"<p>Tomatsallad med fetaost \u00e4r en god kombination. Med den sp\u00e4nnande kryddan sumac str\u00f6dd \u00f6ver fetaosten blir det en h\u00e4rlig sallad med Mellan\u00f6sternsmaker. Den \u00e4r v\u00e4ldigt vacker och l\u00e4ttlagad. Du beh\u00f6ver: ca 4-6 fina f\u00e4rska tomater skurna i skivor. P\u00e5 vintern tar jag g\u00e4rna coctailtomater som jag delar i halvor. 1 [&hellip;]<\/p>\n","protected":false},"author":5,"featured_media":14362,"comment_status":"open","ping_status":"closed","sticky":false,"template":"","format":"standard","meta":{"footnotes":""},"categories":[98,109,11738,11782,11737,4037,125],"tags":[],"class_list":["post-14359","post","type-post","status-publish","format-standard","has-post-thumbnail","hentry","category-farostfetaost","category-lattlagat-forratter-tilltugg","category-mellanostern","category-nyttig-mat","category-sallader","category-sumac","category-tillbehor-saser"],"_links":{"self":[{"href":"https:\/\/katinkaskitchen.com\/index.php?rest_route=\/wp\/v2\/posts\/14359","targetHints":{"allow":["GET"]}}],"collection":[{"href":"https:\/\/katinkaskitchen.com\/index.php?rest_route=\/wp\/v2\/posts"}],"about":[{"href":"https:\/\/katinkaskitchen.com\/index.php?rest_route=\/wp\/v2\/types\/post"}],"author":[{"embeddable":true,"href":"https:\/\/katinkaskitchen.com\/index.php?rest_route=\/wp\/v2\/users\/5"}],"replies":[{"embeddable":true,"href":"https:\/\/katinkaskitchen.com\/index.php?rest_route=%2Fwp%2Fv2%2Fcomments&post=14359"}],"version-history":[{"count":7,"href":"https:\/\/katinkaskitchen.com\/index.php?rest_route=\/wp\/v2\/posts\/14359\/revisions"}],"predecessor-version":[{"id":30931,"href":"https:\/\/katinkaskitchen.com\/index.php?rest_route=\/wp\/v2\/posts\/14359\/revisions\/30931"}],"wp:featuredmedia":[{"embeddable":true,"href":"https:\/\/katinkaskitchen.com\/index.php?rest_route=\/wp\/v2\/media\/14362"}],"wp:attachment":[{"href":"https:\/\/katinkaskitchen.com\/index.php?rest_route=%2Fwp%2Fv2%2Fmedia&parent=14359"}],"wp:term":[{"taxonomy":"category","embeddable":true,"href":"https:\/\/katinkaskitchen.com\/index.php?rest_route=%2Fwp%2Fv2%2Fcategories&post=14359"},{"taxonomy":"post_tag","embeddable":true,"href":"https:\/\/katinkaskitchen.com\/index.php?rest_route=%2Fwp%2Fv2%2Ftags&post=14359"}],"curies":[{"name":"wp","href":"https:\/\/api.w.org\/{rel}","templated":true}]}}