{"id":14558,"date":"2012-11-05T02:49:27","date_gmt":"2012-11-05T02:49:27","guid":{"rendered":"http:\/\/katinkaskitchen.com\/?p=14558"},"modified":"2022-12-06T09:44:24","modified_gmt":"2022-12-06T08:44:24","slug":"vitlok-fransk-eller-spansk","status":"publish","type":"post","link":"https:\/\/katinkaskitchen.com\/?p=14558","title":{"rendered":"Vitl\u00f6k fransk eller spansk"},"content":{"rendered":"<h3><a href=\"http:\/\/katinkaskitchen.com\/?attachment_id=14560\" rel=\"attachment wp-att-14560\"><img loading=\"lazy\" decoding=\"async\" class=\"alignright size-large wp-image-14560\" src=\"http:\/\/files.katinkaskitchen.com\/2012\/11\/fransk-vitlok-Katinkas-Kitchen-2-1024x768.jpg\" alt=\"\" width=\"1024\" height=\"768\" srcset=\"https:\/\/files.katinkaskitchen.com\/2012\/11\/fransk-vitlok-Katinkas-Kitchen-2-1024x768.jpg 1024w, https:\/\/files.katinkaskitchen.com\/2012\/11\/fransk-vitlok-Katinkas-Kitchen-2-150x112.jpg 150w, https:\/\/files.katinkaskitchen.com\/2012\/11\/fransk-vitlok-Katinkas-Kitchen-2-300x225.jpg 300w\" sizes=\"auto, (max-width: 1024px) 100vw, 1024px\" \/><\/a><\/h3>\n<h3>Vitl\u00f6k anv\u00e4nds ofta i Katinkas Kitchen. Jag har f\u00e5tt i mig vitl\u00f6k sedan barnsben och \u00e4lskar smaken.<\/h3>\n<h3>Vitl\u00f6k smakar helt annorlunda r\u00e5 mot n\u00e4r den \u00e4r kokt eller &#8221;confit-stek&#8221; i olja s\u00e5 den n\u00e4stan kokas i oljan, eller n\u00e4r man rostar den i ugnen. D\u00e5 f\u00e5r den mildare, n\u00f6tiga noter som \u00e4r helt underbara och kan f\u00f6rgylla m\u00e5nga r\u00e4tter eller kryddsm\u00f6r.<\/h3>\n<h3>N\u00e4r vitl\u00f6ken pressas f\u00e5r den en fr\u00e4nare smak \u00e4n n\u00e4r den hackas eller mosas i mortel eller med ett knivblad. Det senare s\u00e4ttet anv\u00e4nder jag ofta &#8211; d\u00e5 tillsammans med salt som hj\u00e4lper till att mosa vitl\u00f6ken till en h\u00e4rlig pur\u00e9 att<a href=\"http:\/\/katinkaskitchen.com\/?attachment_id=14541\" rel=\"attachment wp-att-14541\"><img loading=\"lazy\" decoding=\"async\" class=\"alignright size-medium wp-image-14541\" src=\"http:\/\/files.katinkaskitchen.com\/2012\/11\/rostat-vitlokssmor-Katinkas-Kitchen-1-300x225.jpg\" alt=\"\" width=\"300\" height=\"225\" srcset=\"https:\/\/files.katinkaskitchen.com\/2012\/11\/rostat-vitlokssmor-Katinkas-Kitchen-1-300x225.jpg 300w, https:\/\/files.katinkaskitchen.com\/2012\/11\/rostat-vitlokssmor-Katinkas-Kitchen-1-150x112.jpg 150w, https:\/\/files.katinkaskitchen.com\/2012\/11\/rostat-vitlokssmor-Katinkas-Kitchen-1-1024x768.jpg 1024w\" sizes=\"auto, (max-width: 300px) 100vw, 300px\" \/><\/a> smaks\u00e4tta maten med.<\/h3>\n<h3>Vitl\u00f6ken smakar ocks\u00e5 annorlunda beroende p\u00e5 varifr\u00e5n den kommer och vilken sort den \u00e4r. Jag kan inget om de olika sorterna men kan <a href=\"http:\/\/katinkaskitchen.com\/?attachment_id=2664\" rel=\"attachment wp-att-2664\"><img loading=\"lazy\" decoding=\"async\" class=\"alignright size-medium wp-image-2664\" src=\"http:\/\/files.katinkaskitchen.com\/2010\/04\/ugsnbakad-vitlok-1-Katinkas-Kitchen-300x225.jpg\" alt=\"\" width=\"300\" height=\"225\" srcset=\"https:\/\/files.katinkaskitchen.com\/2010\/04\/ugsnbakad-vitlok-1-Katinkas-Kitchen-300x225.jpg 300w, https:\/\/files.katinkaskitchen.com\/2010\/04\/ugsnbakad-vitlok-1-Katinkas-Kitchen-150x112.jpg 150w, https:\/\/files.katinkaskitchen.com\/2010\/04\/ugsnbakad-vitlok-1-Katinkas-Kitchen.jpg 640w\" sizes=\"auto, (max-width: 300px) 100vw, 300px\" \/><\/a>konstatera att den franska eller spanska vitl\u00f6ken har en mildare angen\u00e4mare smak \u00e4n den kinesiska som jag numera undviker helt, \u00e4ven om de sm\u00e5 &#8221;solovitl\u00f6karna&#8221;, som \u00e4r sm\u00e5 vitl\u00f6kar utan klyftor, \u00e4r mycket praktiska. De anv\u00e4nder jag i asiatisk matlagning men annars letar jag g\u00e4rna r\u00e4tt p\u00e5 den franska med rosa skal och stora klyftor som jag tycker har s\u00e4rskilt fin smak.<\/h3>\n<h3>L\u00e4s mer om den nyttiga vitl\u00f6ken i artikeln jag skrev f\u00f6r Helsingborgs Dagblad f\u00f6r n\u00e5gra \u00e5r sedan i min kolumn under vinjetten I Skafferiet:&nbsp;<a href=\"http:\/\/katinkaskitchen.com\/?p=2671\">http:\/\/katinkaskitchen.com\/?p=2671<\/a><a href=\"http:\/\/katinkaskitchen.com\/?attachment_id=2780\" rel=\"attachment wp-att-2780\"><img loading=\"lazy\" decoding=\"async\" class=\"alignright size-medium wp-image-2780\" src=\"http:\/\/files.katinkaskitchen.com\/2010\/04\/mashing-garlic-1-Katinkas-Kitchen1-300x225.jpg\" alt=\"\" width=\"300\" height=\"225\"><\/a><\/h3>\n<p>Idag kommer \u00e4ven ett recept p\u00e5 en broccolisoppa special med just den franska milda vitl\u00f6ken i. L\u00e4nk till det:<\/p>\n<p>L\u00e4nkar till n\u00e5gra andra goda recept med vitl\u00f6k:<\/p>\n<p>Rostat vitl\u00f6kssm\u00f6r:&nbsp;<a href=\"http:\/\/katinkaskitchen.com\/?p=14537\">http:\/\/katinkaskitchen.com\/?p=14537<\/a><a href=\"http:\/\/katinkaskitchen.com\/?attachment_id=7757\" rel=\"attachment wp-att-7757\"><img loading=\"lazy\" decoding=\"async\" class=\"alignright size-medium wp-image-7757\" src=\"http:\/\/files.katinkaskitchen.com\/2012\/01\/herb-butter-1-Katinkas-Kitchen-059-300x225.jpg\" alt=\"\" width=\"300\" height=\"225\" srcset=\"https:\/\/files.katinkaskitchen.com\/2012\/01\/herb-butter-1-Katinkas-Kitchen-059-300x225.jpg 300w, https:\/\/files.katinkaskitchen.com\/2012\/01\/herb-butter-1-Katinkas-Kitchen-059-150x112.jpg 150w, https:\/\/files.katinkaskitchen.com\/2012\/01\/herb-butter-1-Katinkas-Kitchen-059-1024x768.jpg 1024w\" sizes=\"auto, (max-width: 300px) 100vw, 300px\" \/><\/a><\/p>\n<p>Vanligt vitl\u00f6kssm\u00f6r:&nbsp;<a href=\"http:\/\/katinkaskitchen.com\/?p=7755\">http:\/\/katinkaskitchen.com\/?p=7755<\/a><\/p>\n<p>Soppa p\u00e5 rostade tomater och rostad vitl\u00f6k:&nbsp;<a href=\"http:\/\/katinkaskitchen.com\/?p=3016\">http:\/\/katinkaskitchen.com\/?p=3016<\/a><\/p>\n<p>Spansk vitl\u00f6kssoppa:&nbsp;<a href=\"http:\/\/katinkaskitchen.com\/?p=2648\">http:\/\/katinkaskitchen.com\/?p=<\/a><\/p>\n<p>Libanesisk underbar vitl\u00f6kss\u00e5s:&nbsp;<a href=\"http:\/\/katinkaskitchen.com\/?p=14129\">http:\/\/katinkaskitchen.com\/?p=14129<\/a><\/p>\n<p>Ugnsbakad f\u00e4rsk vitl\u00f6k:&nbsp;<a href=\"http:\/\/katinkaskitchen.com\/?p=2661\">http:\/\/katinkaskitchen.com\/?p=2661<\/a><\/p>\n<p>Spaghetti med coctailtomater och vitl\u00f6k:&nbsp;<a href=\"http:\/\/katinkaskitchen.com\/?p=8349\">http:\/\/katinkaskitchen.com\/?<\/a><a href=\"http:\/\/katinkaskitchen.com\/?attachment_id=14391\" rel=\"attachment wp-att-14391\"><img loading=\"lazy\" decoding=\"async\" class=\"alignright size-medium wp-image-14391\" src=\"http:\/\/files.katinkaskitchen.com\/2012\/10\/toum-vitlokssas-Katinkas-Kitchen-1-300x225.jpg\" alt=\"\" width=\"300\" height=\"225\" srcset=\"https:\/\/files.katinkaskitchen.com\/2012\/10\/toum-vitlokssas-Katinkas-Kitchen-1-300x225.jpg 300w, https:\/\/files.katinkaskitchen.com\/2012\/10\/toum-vitlokssas-Katinkas-Kitchen-1-150x112.jpg 150w, https:\/\/files.katinkaskitchen.com\/2012\/10\/toum-vitlokssas-Katinkas-Kitchen-1-1024x768.jpg 1024w\" sizes=\"auto, (max-width: 300px) 100vw, 300px\" \/><\/a><a href=\"http:\/\/katinkaskitchen.com\/?p=8349\">p=8349<\/a><\/p>\n<p>Saffransa\u00efoli:&nbsp;<a href=\"http:\/\/katinkaskitchen.com\/?p=334\">http:\/\/katinkaskitchen.com\/?p=334<\/a><\/p>\n<p>Romersk kyckling:&nbsp;<a href=\"http:\/\/katinkaskitchen.com\/?p=2668\">http:\/\/katinkaskitchen.com\/?p=2668<\/a><\/p>\n<p>B\u00f6nr\u00f6ra p\u00e5 italienskt vis:&nbsp;<a href=\"http:\/\/katinkaskitchen.com\/?p=449\">http:\/\/katinkaskitchen.com\/?p=449<\/a><\/p>\n<p>Lammstek provencal:&nbsp;<a href=\"http:\/\/katinkaskitchen.com\/?p=4262\">http:\/\/katinkaskitchen.com\/?p=4262<\/a><\/p>\n<p>Mycket gl\u00e4dje i vitl\u00f6ksk\u00f6ket \u00f6nskas med v\u00e4nliga matglada h\u00e4lsningar fr\u00e5n Katinkas Kitchen!<a href=\"http:\/\/katinkaskitchen.com\/?attachment_id=10771\" rel=\"attachment wp-att-10771\"><img loading=\"lazy\" decoding=\"async\" class=\"alignright size-medium wp-image-10771\" src=\"http:\/\/files.katinkaskitchen.com\/2012\/05\/romersk-kyckling-4-Katinkas-Kitchen-300x225.jpg\" alt=\"\" width=\"300\" height=\"225\"><\/a><\/p>\n<p>Katinka Hammarski\u00f6ld<a href=\"http:\/\/katinkaskitchen.com\/?attachment_id=11528\" rel=\"attachment wp-att-11528\"><img loading=\"lazy\" decoding=\"async\" class=\"alignleft size-medium wp-image-11528\" src=\"http:\/\/files.katinkaskitchen.com\/2012\/07\/salsa-fresca-Katinkas-Kitchen-300x225.jpg\" alt=\"\" width=\"300\" height=\"225\" srcset=\"https:\/\/files.katinkaskitchen.com\/2012\/07\/salsa-fresca-Katinkas-Kitchen-300x225.jpg 300w, https:\/\/files.katinkaskitchen.com\/2012\/07\/salsa-fresca-Katinkas-Kitchen-150x112.jpg 150w, https:\/\/files.katinkaskitchen.com\/2012\/07\/salsa-fresca-Katinkas-Kitchen-1024x768.jpg 1024w\" sizes=\"auto, (max-width: 300px) 100vw, 300px\" \/><\/a><\/p>\n<p>katinka.hammarskiold@hotmail.com<a href=\"http:\/\/katinkaskitchen.com\/?attachment_id=10086\" rel=\"attachment wp-att-10086\"><img loading=\"lazy\" decoding=\"async\" class=\"alignright size-medium wp-image-10086\" src=\"http:\/\/files.katinkaskitchen.com\/2012\/05\/spaghetti-snabbt-snabbt-Katinkas-Kitchen-5-300x225.jpg\" alt=\"\" width=\"300\" height=\"225\" srcset=\"https:\/\/files.katinkaskitchen.com\/2012\/05\/spaghetti-snabbt-snabbt-Katinkas-Kitchen-5-300x225.jpg 300w, https:\/\/files.katinkaskitchen.com\/2012\/05\/spaghetti-snabbt-snabbt-Katinkas-Kitchen-5-150x112.jpg 150w, https:\/\/files.katinkaskitchen.com\/2012\/05\/spaghetti-snabbt-snabbt-Katinkas-Kitchen-5-1024x768.jpg 1024w\" sizes=\"auto, (max-width: 300px) 100vw, 300px\" \/><\/a><\/p>\n<p>www.katinkaskitchen.com<a href=\"http:\/\/katinkaskitchen.com\/?attachment_id=12220\" rel=\"attachment wp-att-12220\"><img loading=\"lazy\" decoding=\"async\" class=\"alignright size-medium wp-image-12220\" src=\"http:\/\/files.katinkaskitchen.com\/2012\/08\/grillad-lammstek-1-Katinkas-Kitchen-300x225.jpg\" alt=\"\" width=\"300\" height=\"225\" srcset=\"https:\/\/files.katinkaskitchen.com\/2012\/08\/grillad-lammstek-1-Katinkas-Kitchen-300x225.jpg 300w, https:\/\/files.katinkaskitchen.com\/2012\/08\/grillad-lammstek-1-Katinkas-Kitchen-150x112.jpg 150w, https:\/\/files.katinkaskitchen.com\/2012\/08\/grillad-lammstek-1-Katinkas-Kitchen-1024x768.jpg 1024w\" sizes=\"auto, (max-width: 300px) 100vw, 300px\" \/><\/a><a href=\"http:\/\/katinkaskitchen.com\/?attachment_id=9311\" rel=\"attachment wp-att-9311\"><img loading=\"lazy\" decoding=\"async\" class=\"alignright size-medium wp-image-9311\" src=\"http:\/\/files.katinkaskitchen.com\/2011\/04\/lammstek-2-Katinkas-Kitchen-300x225.jpg\" alt=\"\" width=\"300\" height=\"225\" srcset=\"https:\/\/files.katinkaskitchen.com\/2011\/04\/lammstek-2-Katinkas-Kitchen-300x225.jpg 300w, https:\/\/files.katinkaskitchen.com\/2011\/04\/lammstek-2-Katinkas-Kitchen-150x112.jpg 150w, https:\/\/files.katinkaskitchen.com\/2011\/04\/lammstek-2-Katinkas-Kitchen-1024x768.jpg 1024w\" sizes=\"auto, (max-width: 300px) 100vw, 300px\" \/><\/a><a href=\"http:\/\/katinkaskitchen.com\/?attachment_id=9602\" rel=\"attachment wp-att-9602\"><img loading=\"lazy\" decoding=\"async\" class=\"alignright size-medium wp-image-9602\" src=\"http:\/\/files.katinkaskitchen.com\/2012\/04\/soppa-pa-rostade-tomater-Katinkas-Kitchen-300x225.jpg\" alt=\"\" width=\"300\" height=\"225\" srcset=\"https:\/\/files.katinkaskitchen.com\/2012\/04\/soppa-pa-rostade-tomater-Katinkas-Kitchen-300x225.jpg 300w, https:\/\/files.katinkaskitchen.com\/2012\/04\/soppa-pa-rostade-tomater-Katinkas-Kitchen-150x112.jpg 150w, https:\/\/files.katinkaskitchen.com\/2012\/04\/soppa-pa-rostade-tomater-Katinkas-Kitchen.jpg 640w\" sizes=\"auto, (max-width: 300px) 100vw, 300px\" \/><\/a><\/p>\n","protected":false},"excerpt":{"rendered":"<p>Vitl\u00f6k anv\u00e4nds ofta i Katinkas Kitchen. Jag har f\u00e5tt i mig vitl\u00f6k sedan barnsben och \u00e4lskar smaken. Vitl\u00f6k smakar helt annorlunda r\u00e5 mot n\u00e4r den \u00e4r kokt eller &#8221;confit-stek&#8221; i olja s\u00e5 den n\u00e4stan kokas i oljan, eller n\u00e4r man rostar den i ugnen. D\u00e5 f\u00e5r den mildare, n\u00f6tiga noter [&hellip;]<\/p>\n","protected":false},"author":5,"featured_media":14560,"comment_status":"open","ping_status":"closed","sticky":false,"template":"","format":"standard","meta":{"footnotes":""},"categories":[11782,122,11743,11747,117],"tags":[],"class_list":["post-14558","post","type-post","status-publish","format-standard","has-post-thumbnail","hentry","category-nyttig-mat","category-blogginlagg-om-ravaror","category-vegan","category-vegetariskt","category-vitlok"],"_links":{"self":[{"href":"https:\/\/katinkaskitchen.com\/index.php?rest_route=\/wp\/v2\/posts\/14558","targetHints":{"allow":["GET"]}}],"collection":[{"href":"https:\/\/katinkaskitchen.com\/index.php?rest_route=\/wp\/v2\/posts"}],"about":[{"href":"https:\/\/katinkaskitchen.com\/index.php?rest_route=\/wp\/v2\/types\/post"}],"author":[{"embeddable":true,"href":"https:\/\/katinkaskitchen.com\/index.php?rest_route=\/wp\/v2\/users\/5"}],"replies":[{"embeddable":true,"href":"https:\/\/katinkaskitchen.com\/index.php?rest_route=%2Fwp%2Fv2%2Fcomments&post=14558"}],"version-history":[{"count":9,"href":"https:\/\/katinkaskitchen.com\/index.php?rest_route=\/wp\/v2\/posts\/14558\/revisions"}],"predecessor-version":[{"id":35740,"href":"https:\/\/katinkaskitchen.com\/index.php?rest_route=\/wp\/v2\/posts\/14558\/revisions\/35740"}],"wp:featuredmedia":[{"embeddable":true,"href":"https:\/\/katinkaskitchen.com\/index.php?rest_route=\/wp\/v2\/media\/14560"}],"wp:attachment":[{"href":"https:\/\/katinkaskitchen.com\/index.php?rest_route=%2Fwp%2Fv2%2Fmedia&parent=14558"}],"wp:term":[{"taxonomy":"category","embeddable":true,"href":"https:\/\/katinkaskitchen.com\/index.php?rest_route=%2Fwp%2Fv2%2Fcategories&post=14558"},{"taxonomy":"post_tag","embeddable":true,"href":"https:\/\/katinkaskitchen.com\/index.php?rest_route=%2Fwp%2Fv2%2Ftags&post=14558"}],"curies":[{"name":"wp","href":"https:\/\/api.w.org\/{rel}","templated":true}]}}