{"id":14714,"date":"2012-11-16T03:00:42","date_gmt":"2012-11-16T03:00:42","guid":{"rendered":"http:\/\/katinkaskitchen.com\/?p=14714"},"modified":"2022-12-06T10:10:24","modified_gmt":"2022-12-06T09:10:24","slug":"chokladchokladkaka","status":"publish","type":"post","link":"https:\/\/katinkaskitchen.com\/?p=14714","title":{"rendered":"Chokladchocks-kaka"},"content":{"rendered":"<h3><a href=\"http:\/\/katinkaskitchen.com\/?attachment_id=14720\" rel=\"attachment wp-att-14720\"><img loading=\"lazy\" decoding=\"async\" class=\"alignright size-large wp-image-14720\" src=\"http:\/\/files.katinkaskitchen.com\/2012\/11\/chokladchokladkaka-Katinkas-Kitchen-2-768x1024.jpg\" alt=\"\" width=\"768\" height=\"1024\" srcset=\"https:\/\/files.katinkaskitchen.com\/2012\/11\/chokladchokladkaka-Katinkas-Kitchen-2-768x1024.jpg 768w, https:\/\/files.katinkaskitchen.com\/2012\/11\/chokladchokladkaka-Katinkas-Kitchen-2-112x150.jpg 112w, https:\/\/files.katinkaskitchen.com\/2012\/11\/chokladchokladkaka-Katinkas-Kitchen-2-225x300.jpg 225w\" sizes=\"auto, (max-width: 768px) 100vw, 768px\" \/><\/a><\/h3>\n<h3>Chokladchokladkaka kallade barnen den h\u00e4r kakan som f\u00f6ll i v\u00e4ldigt god jord hos dem. Jag kallade den f\u00f6r 3 x choklad. Det \u00e4r verkligen en s\u00f6tsak f\u00f6r chokladfantaster, en kladdkaka i botten med en vit tryfflig choklads\u00e5s serverad med en kr\u00e4mig m\u00f6rk choklads\u00e5s. Om man har tillg\u00e5ng till f\u00e4rska b\u00e4r att servera till l\u00e4ttar det upp.<a href=\"http:\/\/katinkaskitchen.com\/?attachment_id=14725\" rel=\"attachment wp-att-14725\"><img loading=\"lazy\" decoding=\"async\" class=\"alignright size-medium wp-image-14725\" src=\"http:\/\/files.katinkaskitchen.com\/2012\/11\/chokladchokladkaka-Katinkas-Kitchen-5-300x225.jpg\" alt=\"\" width=\"300\" height=\"225\" srcset=\"https:\/\/files.katinkaskitchen.com\/2012\/11\/chokladchokladkaka-Katinkas-Kitchen-5-300x225.jpg 300w, https:\/\/files.katinkaskitchen.com\/2012\/11\/chokladchokladkaka-Katinkas-Kitchen-5-150x112.jpg 150w, https:\/\/files.katinkaskitchen.com\/2012\/11\/chokladchokladkaka-Katinkas-Kitchen-5-1024x768.jpg 1024w\" sizes=\"auto, (max-width: 300px) 100vw, 300px\" \/><\/a><\/h3>\n<h4><em>Du beh\u00f6ver:<\/em><\/h4>\n<h4>receptet till kladdkakan finner du p\u00e5 den h\u00e4r l\u00e4nken:&nbsp;http:\/\/katinkaskitchen.com\/?p=13908<\/h4>\n<h4>Till den vita tryffliga choklads\u00e5sen beh\u00f6ver du:<\/h4>\n<p>200 gram vit choklad<\/p>\n<p>1 dl gr\u00e4dde<\/p>\n<h4>Recept p\u00e5 den kr\u00e4miga m\u00f6rka choklads\u00e5sen finns h\u00e4r:&nbsp;http:\/\/katinkaskitchen.com\/?p=6979<\/h4>\n<h4><em>G\u00f6r s\u00e5 h\u00e4r:<\/em><\/h4>\n<p>Baka kladdkakan enligt receptet p\u00e5 l\u00e4nken ovan<\/p>\n<p>Under tiden g\u00f6r du den vita choklads\u00e5sen genom att h\u00e4lla gr\u00e4dden i en tjockbottnad kastrull, l\u00e4gga i den vita chokladen bruten eller hackad i sm\u00e5 bitar och v\u00e4rma till medell\u00e5g v\u00e4rme under st\u00e4ndig omr\u00f6rning tills chokladen sm\u00e4lt.<\/p>\n<p>Ta ut den f\u00e4rdiggr\u00e4ddade kladdkakan, h\u00e4ll den vita choklads\u00e5sen \u00f6ver.<\/p>\n<p>Koka den kr\u00e4miga m\u00f6rka choklads\u00e5sen enligt receptet p\u00e5 l\u00e4nken ovan och servera till. Dekorera g\u00e4rna med f\u00e4rska b\u00e4r eller frukt som l\u00e4ttar upp i chokladfesten.<\/p>\n<p>Bon app\u00e9tit \u00f6nskas med v\u00e4nliga matglada h\u00e4lsningar fr\u00e5n Katinkas Kitchen!<\/p>\n<p>Katinka Hammarski\u00f6ld<\/p>\n<p>katinka.hammarskiold@hotmail.com<\/p>\n<p>www.katinkaskitchen.com<\/p>\n","protected":false},"excerpt":{"rendered":"<p>Chokladchokladkaka kallade barnen den h\u00e4r kakan som f\u00f6ll i v\u00e4ldigt god jord hos dem. Jag kallade den f\u00f6r 3 x choklad. Det \u00e4r verkligen en s\u00f6tsak f\u00f6r chokladfantaster, en kladdkaka i botten med en vit tryfflig choklads\u00e5s serverad med en kr\u00e4mig m\u00f6rk choklads\u00e5s. Om man har tillg\u00e5ng till f\u00e4rska b\u00e4r [&hellip;]<\/p>\n","protected":false},"author":5,"featured_media":14720,"comment_status":"open","ping_status":"closed","sticky":false,"template":"","format":"standard","meta":{"footnotes":""},"categories":[103,11772,11771,115,108,71,4006],"tags":[],"class_list":["post-14714","post","type-post","status-publish","format-standard","has-post-thumbnail","hentry","category-agg","category-baka-kladdkakor","category-baka-mjuka-kakor","category-baka-sott-kakor-pajer-bullar","category-choklad-kakao","category-efterratter","category-jul"],"_links":{"self":[{"href":"https:\/\/katinkaskitchen.com\/index.php?rest_route=\/wp\/v2\/posts\/14714","targetHints":{"allow":["GET"]}}],"collection":[{"href":"https:\/\/katinkaskitchen.com\/index.php?rest_route=\/wp\/v2\/posts"}],"about":[{"href":"https:\/\/katinkaskitchen.com\/index.php?rest_route=\/wp\/v2\/types\/post"}],"author":[{"embeddable":true,"href":"https:\/\/katinkaskitchen.com\/index.php?rest_route=\/wp\/v2\/users\/5"}],"replies":[{"embeddable":true,"href":"https:\/\/katinkaskitchen.com\/index.php?rest_route=%2Fwp%2Fv2%2Fcomments&post=14714"}],"version-history":[{"count":13,"href":"https:\/\/katinkaskitchen.com\/index.php?rest_route=\/wp\/v2\/posts\/14714\/revisions"}],"predecessor-version":[{"id":31057,"href":"https:\/\/katinkaskitchen.com\/index.php?rest_route=\/wp\/v2\/posts\/14714\/revisions\/31057"}],"wp:featuredmedia":[{"embeddable":true,"href":"https:\/\/katinkaskitchen.com\/index.php?rest_route=\/wp\/v2\/media\/14720"}],"wp:attachment":[{"href":"https:\/\/katinkaskitchen.com\/index.php?rest_route=%2Fwp%2Fv2%2Fmedia&parent=14714"}],"wp:term":[{"taxonomy":"category","embeddable":true,"href":"https:\/\/katinkaskitchen.com\/index.php?rest_route=%2Fwp%2Fv2%2Fcategories&post=14714"},{"taxonomy":"post_tag","embeddable":true,"href":"https:\/\/katinkaskitchen.com\/index.php?rest_route=%2Fwp%2Fv2%2Ftags&post=14714"}],"curies":[{"name":"wp","href":"https:\/\/api.w.org\/{rel}","templated":true}]}}