{"id":15395,"date":"2012-12-24T03:00:44","date_gmt":"2012-12-24T03:00:44","guid":{"rendered":"http:\/\/katinkaskitchen.com\/?p=15395"},"modified":"2022-12-06T09:50:39","modified_gmt":"2022-12-06T08:50:39","slug":"god-jul","status":"publish","type":"post","link":"https:\/\/katinkaskitchen.com\/?p=15395","title":{"rendered":"GOD JUL!"},"content":{"rendered":"<h3><a href=\"http:\/\/katinkaskitchen.com\/?attachment_id=15399\" rel=\"attachment wp-att-15399\"><img loading=\"lazy\" decoding=\"async\" class=\"alignright size-large wp-image-15399\" src=\"http:\/\/files.katinkaskitchen.com\/2012\/12\/IMG_0219-1024x764.jpg\" alt=\"\" width=\"1024\" height=\"764\" srcset=\"https:\/\/files.katinkaskitchen.com\/2012\/12\/IMG_0219-1024x764.jpg 1024w, https:\/\/files.katinkaskitchen.com\/2012\/12\/IMG_0219-150x112.jpg 150w, https:\/\/files.katinkaskitchen.com\/2012\/12\/IMG_0219-300x224.jpg 300w\" sizes=\"auto, (max-width: 1024px) 100vw, 1024px\" \/><\/a><\/h3>\n<h3>S\u00e5 \u00e4r det julafton igen. Julefriden s\u00e4nker sig f\u00f6rhoppningsvis \u00f6ver alla. Mat ska \u00e4tas, presenter&nbsp;sistaminuten-packas och rimmas till f\u00f6r att s\u00e5 sm\u00e5ningom \u00f6ppnas.<\/h3>\n<h3><a href=\"http:\/\/katinkaskitchen.com\/?attachment_id=15401\" rel=\"attachment wp-att-15401\"><img loading=\"lazy\" decoding=\"async\" class=\"alignright size-medium wp-image-15401\" src=\"http:\/\/files.katinkaskitchen.com\/2012\/12\/IMG_0220-224x300.jpg\" alt=\"\" width=\"224\" height=\"300\" srcset=\"https:\/\/files.katinkaskitchen.com\/2012\/12\/IMG_0220-224x300.jpg 224w, https:\/\/files.katinkaskitchen.com\/2012\/12\/IMG_0220-112x150.jpg 112w, https:\/\/files.katinkaskitchen.com\/2012\/12\/IMG_0220-764x1024.jpg 764w, https:\/\/files.katinkaskitchen.com\/2012\/12\/IMG_0220.jpg 1936w\" sizes=\"auto, (max-width: 224px) 100vw, 224px\" \/><\/a><\/h3>\n<h3>Jag \u00e4r ingen stor v\u00e4n av svensk julmat, s\u00e5 vi brukar g\u00f6ra en kompromiss och ha julmat till lunch d\u00e4r jag h\u00e5ller mig till sillen som jag tycker mycket om och \u00f6vriga familjen mumsar r\u00f6kt lax, sillsallad, k\u00f6ttbullar, prinskorv, julskinka och r\u00f6dk\u00e5l &#8211; eller snarare surk\u00e5l, brukar vi faktiskt ha. Lussebullar och n\u00e5gra av julgodisarna tillsammans med kaffe innan Kalle Anka f\u00f6r de som vill, julklappsrimmande f\u00f6r andra &#8211; allt i v\u00e4ntan p\u00e5 sj\u00e4lva julklapps\u00f6ppnandet, som ju barnen sett fram emot.<\/h3>\n<h3>Till middag d\u00e4remot blir det andra bullar, franska faktiskt. Till exempel foie gras de canard (anklever) till f\u00f6rr\u00e4tt, till huvudr\u00e4tt anka \u00e0 l&#8217;orange gjord enligt konstens alla regler med fond kokad p\u00e5 skrovet som bas till den ljuvliga s\u00e5sen. Potatisgrat\u00e4nger i kokotter och gr\u00f6na b\u00f6nor d\u00e4rtill. Och till efterr\u00e4tt har barnen i \u00e5r valt chokladfondant med apelsins\u00e5s och vaniljglass. De vuxna dricker ett riktigt gott r\u00f6dvin <a href=\"http:\/\/katinkaskitchen.com\/?attachment_id=15405\" rel=\"attachment wp-att-15405\"><img loading=\"lazy\" decoding=\"async\" class=\"alignright size-medium wp-image-15405\" src=\"http:\/\/files.katinkaskitchen.com\/2012\/12\/IMG_1075-300x224.jpg\" alt=\"\" width=\"300\" height=\"224\" srcset=\"https:\/\/files.katinkaskitchen.com\/2012\/12\/IMG_1075-300x224.jpg 300w, https:\/\/files.katinkaskitchen.com\/2012\/12\/IMG_1075-150x112.jpg 150w, https:\/\/files.katinkaskitchen.com\/2012\/12\/IMG_1075-1024x764.jpg 1024w\" sizes=\"auto, (max-width: 300px) 100vw, 300px\" \/><\/a><a href=\"http:\/\/katinkaskitchen.com\/?attachment_id=15404\" rel=\"attachment wp-att-15404\"><img loading=\"lazy\" decoding=\"async\" class=\"alignright size-medium wp-image-15404\" src=\"http:\/\/files.katinkaskitchen.com\/2012\/12\/IMG_1077-300x300.jpg\" alt=\"\" width=\"300\" height=\"300\" srcset=\"https:\/\/files.katinkaskitchen.com\/2012\/12\/IMG_1077-300x300.jpg 300w, https:\/\/files.katinkaskitchen.com\/2012\/12\/IMG_1077-150x150.jpg 150w, https:\/\/files.katinkaskitchen.com\/2012\/12\/IMG_1077.jpg 434w\" sizes=\"auto, (max-width: 300px) 100vw, 300px\" \/><\/a>till och barnen kanske transb\u00e4rsjuice med bubbelvatten f\u00f6r julf\u00e4rgens skull. Ett exempel p\u00e5 jul i Katinkas Kitchen.<\/h3>\n<h3>Jag \u00f6nskar er alla en riktigt h\u00e4rlig God (!) Jul &#8211; vare sig ni \u00e4ter traditionell svensk julmat, fransk eller annan.<\/h3>\n<h3>Med v\u00e4nliga matglada h\u00e4lsningar fr\u00e5n Katinkas Kitchen!<\/h3>\n<p>Katinka Hammarski\u00f6ld<\/p>\n<p>katinka.hammarskiold@hotmail.com<\/p>\n<p>www.katinkaskitchen.com<\/p>\n","protected":false},"excerpt":{"rendered":"<p>S\u00e5 \u00e4r det julafton igen. Julefriden s\u00e4nker sig f\u00f6rhoppningsvis \u00f6ver alla. Mat ska \u00e4tas, presenter&nbsp;sistaminuten-packas och rimmas till f\u00f6r att s\u00e5 sm\u00e5ningom \u00f6ppnas. Jag \u00e4r ingen stor v\u00e4n av svensk julmat, s\u00e5 vi brukar g\u00f6ra en kompromiss och ha julmat till lunch d\u00e4r jag h\u00e5ller mig till sillen som jag [&hellip;]<\/p>\n","protected":false},"author":2,"featured_media":15399,"comment_status":"open","ping_status":"closed","sticky":false,"template":"","format":"standard","meta":{"footnotes":""},"categories":[4006],"tags":[],"class_list":["post-15395","post","type-post","status-publish","format-standard","has-post-thumbnail","hentry","category-jul"],"_links":{"self":[{"href":"https:\/\/katinkaskitchen.com\/index.php?rest_route=\/wp\/v2\/posts\/15395","targetHints":{"allow":["GET"]}}],"collection":[{"href":"https:\/\/katinkaskitchen.com\/index.php?rest_route=\/wp\/v2\/posts"}],"about":[{"href":"https:\/\/katinkaskitchen.com\/index.php?rest_route=\/wp\/v2\/types\/post"}],"author":[{"embeddable":true,"href":"https:\/\/katinkaskitchen.com\/index.php?rest_route=\/wp\/v2\/users\/2"}],"replies":[{"embeddable":true,"href":"https:\/\/katinkaskitchen.com\/index.php?rest_route=%2Fwp%2Fv2%2Fcomments&post=15395"}],"version-history":[{"count":9,"href":"https:\/\/katinkaskitchen.com\/index.php?rest_route=\/wp\/v2\/posts\/15395\/revisions"}],"predecessor-version":[{"id":35753,"href":"https:\/\/katinkaskitchen.com\/index.php?rest_route=\/wp\/v2\/posts\/15395\/revisions\/35753"}],"wp:featuredmedia":[{"embeddable":true,"href":"https:\/\/katinkaskitchen.com\/index.php?rest_route=\/wp\/v2\/media\/15399"}],"wp:attachment":[{"href":"https:\/\/katinkaskitchen.com\/index.php?rest_route=%2Fwp%2Fv2%2Fmedia&parent=15395"}],"wp:term":[{"taxonomy":"category","embeddable":true,"href":"https:\/\/katinkaskitchen.com\/index.php?rest_route=%2Fwp%2Fv2%2Fcategories&post=15395"},{"taxonomy":"post_tag","embeddable":true,"href":"https:\/\/katinkaskitchen.com\/index.php?rest_route=%2Fwp%2Fv2%2Ftags&post=15395"}],"curies":[{"name":"wp","href":"https:\/\/api.w.org\/{rel}","templated":true}]}}