{"id":17058,"date":"2013-05-09T03:00:45","date_gmt":"2013-05-09T03:00:45","guid":{"rendered":"http:\/\/katinkaskitchen.com\/?p=17058"},"modified":"2022-12-11T16:33:26","modified_gmt":"2022-12-11T15:33:26","slug":"helg-igen","status":"publish","type":"post","link":"https:\/\/katinkaskitchen.com\/?p=17058","title":{"rendered":"Helg igen"},"content":{"rendered":"<h3><a href=\"http:\/\/files.katinkaskitchen.com\/2013\/04\/IMG_0463.jpg\"><img loading=\"lazy\" decoding=\"async\" class=\"alignright size-medium wp-image-17059\" alt=\"IMG_0463\" src=\"http:\/\/files.katinkaskitchen.com\/2013\/04\/IMG_0463-300x225.jpg\" width=\"300\" height=\"225\" srcset=\"https:\/\/files.katinkaskitchen.com\/2013\/04\/IMG_0463-300x225.jpg 300w, https:\/\/files.katinkaskitchen.com\/2013\/04\/IMG_0463-150x112.jpg 150w, https:\/\/files.katinkaskitchen.com\/2013\/04\/IMG_0463.jpg 640w\" sizes=\"auto, (max-width: 300px) 100vw, 300px\" \/><\/a><\/h3>\n<h3>Under v\u00e5ren duggar helgerna t\u00e4tt. Nu \u00e4r det dags f\u00f6r Kristi Himmelsf\u00e4rd. I v\u00e5r sekulariserade tid \u00e4r det kanske oftast en anledning att njuta v\u00e5rv\u00e4der och samlas kring god mat med familj och v\u00e4nner.<\/h3>\n<h3>Jag vill d\u00e4rf\u00f6r idag ge inspiration och tips p\u00e5 goda, l\u00e4ttlagade och ibland kanske lite mer komplicerade <a href=\"http:\/\/files.katinkaskitchen.com\/2013\/04\/IMG_0460.jpg\"><img loading=\"lazy\" decoding=\"async\" class=\"alignright size-medium wp-image-17060\" alt=\"IMG_0460\" src=\"http:\/\/files.katinkaskitchen.com\/2013\/04\/IMG_0460-300x225.jpg\" width=\"300\" height=\"225\" srcset=\"https:\/\/files.katinkaskitchen.com\/2013\/04\/IMG_0460-300x225.jpg 300w, https:\/\/files.katinkaskitchen.com\/2013\/04\/IMG_0460-150x112.jpg 150w, https:\/\/files.katinkaskitchen.com\/2013\/04\/IMG_0460.jpg 640w\" sizes=\"auto, (max-width: 300px) 100vw, 300px\" \/><\/a>middagar att bjuda p\u00e5. I kategorin festmiddagar i kolumnen till h\u00f6ger finner du en samling recept jag finner l\u00e4mpliga vid s\u00e5dana h\u00e4r tillf\u00e4llen. Du kan alltid s\u00f6ka p\u00e5 ett s\u00f6kord, ingrediens eller r\u00e4tt, i s\u00f6krutan uppe till h\u00f6ger h\u00e4r bredvid.<\/h3>\n<h3>Trevlig helg \u00f6nskas med v\u00e4nliga matglada h\u00e4lsningar <a href=\"http:\/\/files.katinkaskitchen.com\/2013\/04\/IMG_0461.jpg\"><img loading=\"lazy\" decoding=\"async\" class=\"alignright size-medium wp-image-17061\" alt=\"IMG_0461\" src=\"http:\/\/files.katinkaskitchen.com\/2013\/04\/IMG_0461-300x225.jpg\" width=\"300\" height=\"225\" srcset=\"https:\/\/files.katinkaskitchen.com\/2013\/04\/IMG_0461-300x225.jpg 300w, https:\/\/files.katinkaskitchen.com\/2013\/04\/IMG_0461-150x112.jpg 150w, https:\/\/files.katinkaskitchen.com\/2013\/04\/IMG_0461.jpg 640w\" sizes=\"auto, (max-width: 300px) 100vw, 300px\" \/><\/a>fr\u00e5n Katinkas Kitchen!<\/h3>\n<p>Katinka Hammarski\u00f6ld<\/p>\n<p>katinka.hammarskiold@hotmail.com<\/p>\n<p>www.katinkaskitchen.com<\/p>\n","protected":false},"excerpt":{"rendered":"<p>Under v\u00e5ren duggar helgerna t\u00e4tt. Nu \u00e4r det dags f\u00f6r Kristi Himmelsf\u00e4rd. I v\u00e5r sekulariserade tid \u00e4r det kanske oftast en anledning att njuta v\u00e5rv\u00e4der och samlas kring god mat med familj och v\u00e4nner. Jag vill d\u00e4rf\u00f6r idag ge inspiration och tips p\u00e5 goda, l\u00e4ttlagade och ibland kanske lite mer [&hellip;]<\/p>\n","protected":false},"author":2,"featured_media":17059,"comment_status":"open","ping_status":"closed","sticky":false,"template":"","format":"standard","meta":{"footnotes":""},"categories":[4024],"tags":[],"class_list":["post-17058","post","type-post","status-publish","format-standard","has-post-thumbnail","hentry","category-festmiddagar"],"_links":{"self":[{"href":"https:\/\/katinkaskitchen.com\/index.php?rest_route=\/wp\/v2\/posts\/17058","targetHints":{"allow":["GET"]}}],"collection":[{"href":"https:\/\/katinkaskitchen.com\/index.php?rest_route=\/wp\/v2\/posts"}],"about":[{"href":"https:\/\/katinkaskitchen.com\/index.php?rest_route=\/wp\/v2\/types\/post"}],"author":[{"embeddable":true,"href":"https:\/\/katinkaskitchen.com\/index.php?rest_route=\/wp\/v2\/users\/2"}],"replies":[{"embeddable":true,"href":"https:\/\/katinkaskitchen.com\/index.php?rest_route=%2Fwp%2Fv2%2Fcomments&post=17058"}],"version-history":[{"count":3,"href":"https:\/\/katinkaskitchen.com\/index.php?rest_route=\/wp\/v2\/posts\/17058\/revisions"}],"predecessor-version":[{"id":35888,"href":"https:\/\/katinkaskitchen.com\/index.php?rest_route=\/wp\/v2\/posts\/17058\/revisions\/35888"}],"wp:featuredmedia":[{"embeddable":true,"href":"https:\/\/katinkaskitchen.com\/index.php?rest_route=\/wp\/v2\/media\/17059"}],"wp:attachment":[{"href":"https:\/\/katinkaskitchen.com\/index.php?rest_route=%2Fwp%2Fv2%2Fmedia&parent=17058"}],"wp:term":[{"taxonomy":"category","embeddable":true,"href":"https:\/\/katinkaskitchen.com\/index.php?rest_route=%2Fwp%2Fv2%2Fcategories&post=17058"},{"taxonomy":"post_tag","embeddable":true,"href":"https:\/\/katinkaskitchen.com\/index.php?rest_route=%2Fwp%2Fv2%2Ftags&post=17058"}],"curies":[{"name":"wp","href":"https:\/\/api.w.org\/{rel}","templated":true}]}}