{"id":1708,"date":"2019-08-25T03:00:22","date_gmt":"2019-08-25T03:00:22","guid":{"rendered":"http:\/\/katinkaskitchen.com\/?p=1708"},"modified":"2022-12-13T11:14:13","modified_gmt":"2022-12-13T10:14:13","slug":"chevreomelett","status":"publish","type":"post","link":"https:\/\/katinkaskitchen.com\/?p=1708","title":{"rendered":"Ch\u00e8vreomelett"},"content":{"rendered":"<h3><a href=\"http:\/\/katinkaskitchen.com\/?attachment_id=1720\" rel=\"attachment wp-att-1720\"><img loading=\"lazy\" decoding=\"async\" class=\"alignright size-medium wp-image-1720\" src=\"http:\/\/files.katinkaskitchen.com\/2010\/03\/chevreomelett-1-Katinkas-Kitchen-300x225.jpg\" alt=\"\" width=\"300\" height=\"225\" srcset=\"https:\/\/files.katinkaskitchen.com\/2010\/03\/chevreomelett-1-Katinkas-Kitchen-300x225.jpg 300w, https:\/\/files.katinkaskitchen.com\/2010\/03\/chevreomelett-1-Katinkas-Kitchen-150x112.jpg 150w, https:\/\/files.katinkaskitchen.com\/2010\/03\/chevreomelett-1-Katinkas-Kitchen.jpg 640w\" sizes=\"auto, (max-width: 300px) 100vw, 300px\" \/><\/a><\/h3>\n<h3>F\u00f6rst n\u00e5gra ord om omelett: det \u00e4r en av de enklaste, snabbaste r\u00e4tter man kan laga \u2013 men inte helt l\u00e4tt i b\u00f6rjan&#8230;<\/h3>\n<p>Jag som lagat mat sedan jag var tolv \u00e5r hade l\u00e4nge v\u00e4ldigt sv\u00e5rt att f\u00e5 till en fin omelett. Det var f\u00f6rst n\u00e4r jag bodde i Spanien ett tag i 20-\u00e5rs\u00e5ldern som jag fick l\u00e4ra mig hur man kan g\u00f6ra en god omelett. Detta recept tycker jag ger en h\u00e4rligt kr\u00e4mig och faktiskt l\u00e4ttlagad omelett, n\u00e4r man v\u00e4l l\u00e4rt sig knepen.<\/p>\n<p>Jag f\u00f6redrar att g\u00f6ra omeletter portionsvis. Den hungrige tar tre \u00e4gg per person. Vill man g\u00f6ra st\u00f6rre omeletter rekommenderar jag den italienska varianten; frittata &#8211; den g\u00f6rs n\u00e4mligen \u00f6ppen och kan d\u00e4rf\u00f6r vara st\u00f6rre utan att resultatet f\u00f6rs\u00e4mras. Men nu \u00e5ter till en \u00e4kta franskinspirerad omelett:<\/p>\n<p><em><strong>Du beh\u00f6ver per person:<\/strong><\/em><\/p>\n<p>2 eller 3 \u00e4gg<\/p>\n<p>2 sm\u00e5 msk vatten<\/p>\n<p>en bit ch\u00e8vre<\/p>\n<p>f\u00e4rska \u00f6rtkryddor, hackade (t.ex. basilika, timjan, oregano, persilja)<\/p>\n<p>salt och g\u00e4rna Herbamare eller Trocomare \u00f6rtsalt att str\u00f6 \u00f6ver den f\u00e4rdiga omeletten<\/p>\n<p>olivolja till stekning samt att ringla \u00f6ver den f\u00e4rdiga omeletten<\/p>\n<p><em><strong>G\u00f6r s\u00e5 h\u00e4r:<\/strong><\/em><\/p>\n<p>Kn\u00e4ck \u00e4ggen i en liten sk\u00e5l, tills\u00e4tt vattnet och vispa f\u00f6rsiktigt med en gaffel. H\u00e4r \u00e4r det viktigt att \u00e4ggvitorna och gulor blandas, men utan att f\u00f6rlora den lite sega sammanh\u00e4ngande konsistensen. Vispar man f\u00f6r mycket blir det snarare basen till \u00e4ggr\u00f6ra \u2013 d\u00e5 h\u00e5ller inte omeletten ihop. Personligen f\u00f6redrar jag i varje givet l\u00e4ge vatten framf\u00f6r mj\u00f6lk. \u00c5terigen tycker jag att mj\u00f6lk (eller \u00e4nnu hellre gr\u00e4dde) ger basen till en fin \u00e4ggr\u00f6ra. Men nu \u00e4r det omelett vi ska g\u00f6ra!<\/p>\n<p>Hetta upp en bra stekpanna \u2013 sj\u00e4lv anv\u00e4nder jag en gammal v\u00e4l instekt gjutj\u00e4rnspanna, men ta den panna du f\u00f6redrar och som du vet \u00e4r bra att steka i. Se till att pannan blir riktigt varm innan du har i stekfettet. Jag brukar alltid anv\u00e4nda olivolja, men man kan blanda olivoljan med en klick sm\u00f6r, f\u00f6r smakens skull. Om man anv\u00e4nder bara sm\u00f6r m\u00e5ste det vara klarat sm\u00f6r, annars f\u00e4lls mj\u00f6lkpartiklarna ut och br\u00e4nns i botten av pannan, men genom att blanda med olja undviker man det.<\/p>\n<p>N\u00e4r pannan \u00e4r varm och oljan ryker l\u00e4tt, eller sm\u00f6ret slutat fr\u00e4sa utan att ha br\u00e4nts, h\u00e4ller du i de l\u00e4ttvispade \u00e4ggen och drar genast ner v\u00e4rmen till l\u00e5g v\u00e4rme. Det ska fr\u00e4sa och bubbla till n\u00e4r du h\u00e4ller i \u00e4ggsmeten. Lyft omeletten med gaffeln b\u00e5de vid kanterna och i mitten, s\u00e5 att \u00e4gg som \u00e4nnu inte stelnat rinner till botten f\u00f6r att stelna i den varma pannan. Det g\u00e5r ganska fort att steka omeletten n\u00e4r man b\u00f6rjar med varm panna. N\u00e4r den b\u00f6rjar stelna till och det inte \u00e4r l\u00e5ngt kvar smular du eller klickar i ch\u00e8vren och kryddar med lite peppar och helst f\u00e4rska \u00f6rtkryddor. N\u00e4r omeletten fortfarande \u00e4r kr\u00e4mig i mitten utan att vara rinnig, men inte blivit brun p\u00e5 ytan h\u00e4ller du upp den p\u00e5 tallriken s\u00e5 den viks p\u00e5 mitten och l\u00e4ggs dubbelvikt som en halvm\u00e5ne. Str\u00f6 salt eller \u00f6rtsalt \u00f6ver och b\u00e5de f\u00f6r att det \u00e4r gott och vackert brukar jag ringla olivolja \u00f6ver precis innan omeletten serveras. En omelett ska inte v\u00e4nta p\u00e5 dig \u2013 den kan g\u00e4sterna g\u00e4rna v\u00e4nta p\u00e5 vid bordet och f\u00e5 sin nystekta omelett direkt fr\u00e5n pannan d\u00e5 den fortfarande \u00e4r rykande varm och samtidigt kr\u00e4mig och fin inuti.<\/p>\n<p>Bon app\u00e9tit \u00f6nskas med v\u00e4nliga matglada h\u00e4lsningar fr\u00e5n Katinkas Kitchen!<\/p>\n<p>Katinka Hammarski\u00f6ld<\/p>\n<p>katinka.hammarskiold@hotmail.com<\/p>\n<p>www.katinkaskitchen.com<\/p>\n","protected":false},"excerpt":{"rendered":"<p>F\u00f6rst n\u00e5gra ord om omelett: det \u00e4r en av de enklaste, snabbaste r\u00e4tter man kan laga \u2013 men inte helt l\u00e4tt i b\u00f6rjan&#8230; Jag som lagat mat sedan jag var tolv \u00e5r hade l\u00e4nge v\u00e4ldigt sv\u00e5rt att f\u00e5 till en fin omelett. Det var f\u00f6rst n\u00e4r jag bodde i Spanien [&hellip;]<\/p>\n","protected":false},"author":5,"featured_media":1720,"comment_status":"open","ping_status":"open","sticky":false,"template":"","format":"standard","meta":{"footnotes":""},"categories":[103,97,106,11753,11747],"tags":[],"class_list":["post-1708","post","type-post","status-publish","format-standard","has-post-thumbnail","hentry","category-agg","category-chevre","category-lattlagat","category-omeletter-frittatas","category-vegetariskt"],"_links":{"self":[{"href":"https:\/\/katinkaskitchen.com\/index.php?rest_route=\/wp\/v2\/posts\/1708","targetHints":{"allow":["GET"]}}],"collection":[{"href":"https:\/\/katinkaskitchen.com\/index.php?rest_route=\/wp\/v2\/posts"}],"about":[{"href":"https:\/\/katinkaskitchen.com\/index.php?rest_route=\/wp\/v2\/types\/post"}],"author":[{"embeddable":true,"href":"https:\/\/katinkaskitchen.com\/index.php?rest_route=\/wp\/v2\/users\/5"}],"replies":[{"embeddable":true,"href":"https:\/\/katinkaskitchen.com\/index.php?rest_route=%2Fwp%2Fv2%2Fcomments&post=1708"}],"version-history":[{"count":20,"href":"https:\/\/katinkaskitchen.com\/index.php?rest_route=\/wp\/v2\/posts\/1708\/revisions"}],"predecessor-version":[{"id":35967,"href":"https:\/\/katinkaskitchen.com\/index.php?rest_route=\/wp\/v2\/posts\/1708\/revisions\/35967"}],"wp:featuredmedia":[{"embeddable":true,"href":"https:\/\/katinkaskitchen.com\/index.php?rest_route=\/wp\/v2\/media\/1720"}],"wp:attachment":[{"href":"https:\/\/katinkaskitchen.com\/index.php?rest_route=%2Fwp%2Fv2%2Fmedia&parent=1708"}],"wp:term":[{"taxonomy":"category","embeddable":true,"href":"https:\/\/katinkaskitchen.com\/index.php?rest_route=%2Fwp%2Fv2%2Fcategories&post=1708"},{"taxonomy":"post_tag","embeddable":true,"href":"https:\/\/katinkaskitchen.com\/index.php?rest_route=%2Fwp%2Fv2%2Ftags&post=1708"}],"curies":[{"name":"wp","href":"https:\/\/api.w.org\/{rel}","templated":true}]}}