{"id":17390,"date":"2013-06-09T13:11:50","date_gmt":"2013-06-09T13:11:50","guid":{"rendered":"http:\/\/katinkaskitchen.com\/?p=17390"},"modified":"2022-12-11T16:29:32","modified_gmt":"2022-12-11T15:29:32","slug":"fodelsedagstarta","status":"publish","type":"post","link":"https:\/\/katinkaskitchen.com\/?p=17390","title":{"rendered":"F\u00f6delsedagst\u00e5rta!"},"content":{"rendered":"<h3>&nbsp;<a href=\"http:\/\/files.katinkaskitchen.com\/2013\/06\/IMG_1048.jpg\"><img loading=\"lazy\" decoding=\"async\" class=\"alignright size-medium wp-image-17391\" alt=\"IMG_1048\" src=\"http:\/\/files.katinkaskitchen.com\/2013\/06\/IMG_1048-300x225.jpg\" width=\"300\" height=\"225\" srcset=\"https:\/\/files.katinkaskitchen.com\/2013\/06\/IMG_1048-300x225.jpg 300w, https:\/\/files.katinkaskitchen.com\/2013\/06\/IMG_1048-150x112.jpg 150w, https:\/\/files.katinkaskitchen.com\/2013\/06\/IMG_1048.jpg 640w\" sizes=\"auto, (max-width: 300px) 100vw, 300px\" \/><\/a><\/h3>\n<h3>Till och med en matbloggande matfantast som jag kan beh\u00f6va slippa baka och laga allt ibland. Jag brukar baka t\u00e5rtor av alla de slag till n\u00e4ra och k\u00e4ra som fyller \u00e5r, men nu n\u00e4r det \u00e4r dags att fira mig har jag s\u00e5h\u00e4r efter en stor flytt valt den l\u00e4tta v\u00e4gen och provsmakat t\u00e5rtor f\u00f6r <a href=\"http:\/\/files.katinkaskitchen.com\/2013\/06\/IMG_1050.jpg\"><img loading=\"lazy\" decoding=\"async\" class=\"alignright size-medium wp-image-17392\" alt=\"IMG_1050\" src=\"http:\/\/files.katinkaskitchen.com\/2013\/06\/IMG_1050-300x225.jpg\" width=\"300\" height=\"225\" srcset=\"https:\/\/files.katinkaskitchen.com\/2013\/06\/IMG_1050-300x225.jpg 300w, https:\/\/files.katinkaskitchen.com\/2013\/06\/IMG_1050-150x112.jpg 150w, https:\/\/files.katinkaskitchen.com\/2013\/06\/IMG_1050.jpg 640w\" sizes=\"auto, (max-width: 300px) 100vw, 300px\" \/><\/a>leverans till festligheterna. Det blev en ljuvlig passionsfrukts- och hallonmousset\u00e5rta med mandelmar\u00e4ngbottnar. Om jag skulle ha gjort t\u00e5rtor sj\u00e4lv skulle det nog blivit bl\u00e5b\u00e4rs- och jordgubbsmousse p\u00e5 chokladbotten med f\u00e4rska jordgubbar ovanp\u00e5, men det f\u00e5r bli till ett annat somrigt tillf\u00e4lle snart\u2026&nbsp;<a href=\"http:\/\/files.katinkaskitchen.com\/2013\/06\/IMG_1047.jpg\"><img loading=\"lazy\" decoding=\"async\" class=\"alignright size-medium wp-image-17394\" alt=\"IMG_1047\" src=\"http:\/\/files.katinkaskitchen.com\/2013\/06\/IMG_1047-300x225.jpg\" width=\"300\" height=\"225\" srcset=\"https:\/\/files.katinkaskitchen.com\/2013\/06\/IMG_1047-300x225.jpg 300w, https:\/\/files.katinkaskitchen.com\/2013\/06\/IMG_1047-150x112.jpg 150w, https:\/\/files.katinkaskitchen.com\/2013\/06\/IMG_1047.jpg 640w\" sizes=\"auto, (max-width: 300px) 100vw, 300px\" \/><\/a><\/h3>\n<p>Recept p\u00e5 de t\u00e5rtor jag hittills lagt ut h\u00e4r finner du under kategorin T\u00e5rtor i kolumnen h\u00e4r till h\u00f6ger.<\/p>\n<p>Med v\u00e4nliga matglada h\u00e4lsningar fr\u00e5n Katinkas Kitchen!<\/p>\n<p>Katinka Hammarski\u00f6ld<\/p>\n<p>katinka.hammarskiold@hotmail.com<\/p>\n<p>www.katinkaskitchen.com<\/p>\n","protected":false},"excerpt":{"rendered":"<p>&nbsp; Till och med en matbloggande matfantast som jag kan beh\u00f6va slippa baka och laga allt ibland. Jag brukar baka t\u00e5rtor av alla de slag till n\u00e4ra och k\u00e4ra som fyller \u00e5r, men nu n\u00e4r det \u00e4r dags att fira mig har jag s\u00e5h\u00e4r efter en stor flytt valt den [&hellip;]<\/p>\n","protected":false},"author":2,"featured_media":17392,"comment_status":"open","ping_status":"closed","sticky":false,"template":"","format":"standard","meta":{"footnotes":""},"categories":[11739],"tags":[],"class_list":["post-17390","post","type-post","status-publish","format-standard","has-post-thumbnail","hentry","category-tartor"],"_links":{"self":[{"href":"https:\/\/katinkaskitchen.com\/index.php?rest_route=\/wp\/v2\/posts\/17390","targetHints":{"allow":["GET"]}}],"collection":[{"href":"https:\/\/katinkaskitchen.com\/index.php?rest_route=\/wp\/v2\/posts"}],"about":[{"href":"https:\/\/katinkaskitchen.com\/index.php?rest_route=\/wp\/v2\/types\/post"}],"author":[{"embeddable":true,"href":"https:\/\/katinkaskitchen.com\/index.php?rest_route=\/wp\/v2\/users\/2"}],"replies":[{"embeddable":true,"href":"https:\/\/katinkaskitchen.com\/index.php?rest_route=%2Fwp%2Fv2%2Fcomments&post=17390"}],"version-history":[{"count":5,"href":"https:\/\/katinkaskitchen.com\/index.php?rest_route=\/wp\/v2\/posts\/17390\/revisions"}],"predecessor-version":[{"id":35880,"href":"https:\/\/katinkaskitchen.com\/index.php?rest_route=\/wp\/v2\/posts\/17390\/revisions\/35880"}],"wp:featuredmedia":[{"embeddable":true,"href":"https:\/\/katinkaskitchen.com\/index.php?rest_route=\/wp\/v2\/media\/17392"}],"wp:attachment":[{"href":"https:\/\/katinkaskitchen.com\/index.php?rest_route=%2Fwp%2Fv2%2Fmedia&parent=17390"}],"wp:term":[{"taxonomy":"category","embeddable":true,"href":"https:\/\/katinkaskitchen.com\/index.php?rest_route=%2Fwp%2Fv2%2Fcategories&post=17390"},{"taxonomy":"post_tag","embeddable":true,"href":"https:\/\/katinkaskitchen.com\/index.php?rest_route=%2Fwp%2Fv2%2Ftags&post=17390"}],"curies":[{"name":"wp","href":"https:\/\/api.w.org\/{rel}","templated":true}]}}