{"id":17749,"date":"2013-09-03T03:00:59","date_gmt":"2013-09-03T03:00:59","guid":{"rendered":"http:\/\/katinkaskitchen.com\/?p=17749"},"modified":"2022-12-13T10:07:55","modified_gmt":"2022-12-13T09:07:55","slug":"chilistekt-zucchini","status":"publish","type":"post","link":"https:\/\/katinkaskitchen.com\/?p=17749","title":{"rendered":"Chilistekt zucchini"},"content":{"rendered":"<h3><a href=\"http:\/\/files.katinkaskitchen.com\/2013\/09\/1236140_10151792043875857_1029273981_n.jpg\"><img loading=\"lazy\" decoding=\"async\" class=\"alignright size-medium wp-image-17770\" src=\"http:\/\/files.katinkaskitchen.com\/2013\/09\/1236140_10151792043875857_1029273981_n-300x224.jpg\" alt=\"1236140_10151792043875857_1029273981_n\" width=\"300\" height=\"224\" srcset=\"https:\/\/files.katinkaskitchen.com\/2013\/09\/1236140_10151792043875857_1029273981_n-300x224.jpg 300w, https:\/\/files.katinkaskitchen.com\/2013\/09\/1236140_10151792043875857_1029273981_n-150x112.jpg 150w, https:\/\/files.katinkaskitchen.com\/2013\/09\/1236140_10151792043875857_1029273981_n.jpg 960w\" sizes=\"auto, (max-width: 300px) 100vw, 300px\" \/><\/a><\/h3>\n<h3>Just i \u00e5r har jag blivit som helt chilitokig. Det beror till stor del p\u00e5 den otroligt goda chili mina f\u00f6r\u00e4ldrar odlar, som jag skrivit om tidigare. H\u00e4r har jag sl\u00e4pat med den till moster i Spanien f\u00f6r att l\u00e5ta henne smaka p\u00e5 denna specialchili, som hon ska odla p\u00e5 sin magnifika terrass n\u00e4sta \u00e5r.<\/h3>\n<h3>Zucchini stekt med chili \u00e4r ett v\u00e4ldigt gott tillbeh\u00f6r till mycket. Vi hade den till tigerr\u00e4kor kryddade med just chili samt vitl\u00f6k, koriander och lime.<\/h3>\n<p>Blanda den chilistekta zucchinin med nykokt pasta s\u00e5 har du en enkel, god vardagsmiddag i ett nafs!<\/p>\n<h4><em>Du beh\u00f6ver:<\/em><\/h4>\n<p>2-3 zucchinis (kallas \u00e4ven squash, men har ett helt annorlunda namn p\u00e5 spanska: <a href=\"http:\/\/files.katinkaskitchen.com\/2013\/08\/1235402_710727528952809_2059988952_n.jpg\"><img loading=\"lazy\" decoding=\"async\" class=\"alignright size-medium wp-image-17745\" src=\"http:\/\/files.katinkaskitchen.com\/2013\/08\/1235402_710727528952809_2059988952_n-300x224.jpg\" alt=\"1235402_710727528952809_2059988952_n\" width=\"300\" height=\"224\" srcset=\"https:\/\/files.katinkaskitchen.com\/2013\/08\/1235402_710727528952809_2059988952_n-300x224.jpg 300w, https:\/\/files.katinkaskitchen.com\/2013\/08\/1235402_710727528952809_2059988952_n-150x112.jpg 150w, https:\/\/files.katinkaskitchen.com\/2013\/08\/1235402_710727528952809_2059988952_n.jpg 960w\" sizes=\"auto, (max-width: 300px) 100vw, 300px\" \/><\/a>calabac\u00edn)<\/p>\n<p>1-2 vitl\u00f6ksklyftor, skalade och skivade<\/p>\n<p>1 r\u00f6d chili (ta mer om du vill och chilin \u00e4r mild)<\/p>\n<p>g\u00e4rna n\u00e5gon \u00f6rtkrydda &#8211; h\u00e4r har jag anv\u00e4nt lite f\u00e4rsk timjan<\/p>\n<p>olivolja till stekning och extra vid servering<\/p>\n<p>citron, saften fr\u00e5n 1\/2 &#8211; 1<\/p>\n<h4><em>G\u00f6r s\u00e5 h\u00e4r:<\/em><\/h4>\n<p>Tv\u00e4tta zucchinin och sk\u00e4r den i bitar. Jag tycker om n\u00e4r bitarna inte \u00e4r f\u00f6r tjocka eftersom jag d\u00e5 har mer koll p\u00e5 dem och de g\u00e5r fort att tillaga med en trevlig krispighet.<\/p>\n<p>Fr\u00e4s vitl\u00f6ken i olivoljan p\u00e5 medelh\u00f6g v\u00e4rme, tills\u00e4tt zucchinin och chilin. L\u00e5t fr\u00e4sa ett tag, r\u00f6r om d\u00e5 och d\u00e5. Salta och pressa g\u00e4rna lite citron \u00f6ver. Lite extra olivolja \u00f6ver vid servering \u00e4r inte helt fel.<\/p>\n<p>Servera som tillbeh\u00f6r till den mat du valt.<\/p>\n<p>Bon app\u00e9tit&nbsp;\u00f6nskas med v\u00e4nliga matglada h\u00e4lsnningar fr\u00e5n Katinkas Kitchen!<\/p>\n<p>Katinka Hammarski\u00f6ld<\/p>\n<p>katinka.hammarskiold@hotmail.com<\/p>\n<p>www.katinkaskitchen.com<\/p>\n<p>&nbsp;<\/p>\n","protected":false},"excerpt":{"rendered":"<p>Just i \u00e5r har jag blivit som helt chilitokig. Det beror till stor del p\u00e5 den otroligt goda chili mina f\u00f6r\u00e4ldrar odlar, som jag skrivit om tidigare. H\u00e4r har jag sl\u00e4pat med den till moster i Spanien f\u00f6r att l\u00e5ta henne smaka p\u00e5 denna specialchili, som hon ska odla p\u00e5 [&hellip;]<\/p>\n","protected":false},"author":5,"featured_media":17770,"comment_status":"open","ping_status":"closed","sticky":false,"template":"","format":"standard","meta":{"footnotes":""},"categories":[28,11782,125,4034,11743,11747,131],"tags":[],"class_list":["post-17749","post","type-post","status-publish","format-standard","has-post-thumbnail","hentry","category-chili","category-nyttig-mat","category-tillbehor-saser","category-vardagsmiddag","category-vegan","category-vegetariskt","category-zucchini"],"_links":{"self":[{"href":"https:\/\/katinkaskitchen.com\/index.php?rest_route=\/wp\/v2\/posts\/17749","targetHints":{"allow":["GET"]}}],"collection":[{"href":"https:\/\/katinkaskitchen.com\/index.php?rest_route=\/wp\/v2\/posts"}],"about":[{"href":"https:\/\/katinkaskitchen.com\/index.php?rest_route=\/wp\/v2\/types\/post"}],"author":[{"embeddable":true,"href":"https:\/\/katinkaskitchen.com\/index.php?rest_route=\/wp\/v2\/users\/5"}],"replies":[{"embeddable":true,"href":"https:\/\/katinkaskitchen.com\/index.php?rest_route=%2Fwp%2Fv2%2Fcomments&post=17749"}],"version-history":[{"count":10,"href":"https:\/\/katinkaskitchen.com\/index.php?rest_route=\/wp\/v2\/posts\/17749\/revisions"}],"predecessor-version":[{"id":35926,"href":"https:\/\/katinkaskitchen.com\/index.php?rest_route=\/wp\/v2\/posts\/17749\/revisions\/35926"}],"wp:featuredmedia":[{"embeddable":true,"href":"https:\/\/katinkaskitchen.com\/index.php?rest_route=\/wp\/v2\/media\/17770"}],"wp:attachment":[{"href":"https:\/\/katinkaskitchen.com\/index.php?rest_route=%2Fwp%2Fv2%2Fmedia&parent=17749"}],"wp:term":[{"taxonomy":"category","embeddable":true,"href":"https:\/\/katinkaskitchen.com\/index.php?rest_route=%2Fwp%2Fv2%2Fcategories&post=17749"},{"taxonomy":"post_tag","embeddable":true,"href":"https:\/\/katinkaskitchen.com\/index.php?rest_route=%2Fwp%2Fv2%2Ftags&post=17749"}],"curies":[{"name":"wp","href":"https:\/\/api.w.org\/{rel}","templated":true}]}}