{"id":18058,"date":"2013-10-21T03:00:00","date_gmt":"2013-10-21T03:00:00","guid":{"rendered":"http:\/\/katinkaskitchen.com\/?p=18058"},"modified":"2022-12-13T10:03:12","modified_gmt":"2022-12-13T09:03:12","slug":"tack-alla-gulliga-men-naha","status":"publish","type":"post","link":"https:\/\/katinkaskitchen.com\/?p=18058","title":{"rendered":"Tack alla gulliga &#8211; men n\u00e4h\u00e4&#8230;"},"content":{"rendered":"<h3><\/h3>\n<h3><a href=\"http:\/\/files.katinkaskitchen.com\/2013\/10\/1374736_10151878554080857_1695984330_n.jpg\"><img loading=\"lazy\" decoding=\"async\" class=\"alignright size-full wp-image-18060\" alt=\"1374736_10151878554080857_1695984330_n\" src=\"http:\/\/files.katinkaskitchen.com\/2013\/10\/1374736_10151878554080857_1695984330_n.jpg\" width=\"642\" height=\"480\" srcset=\"https:\/\/files.katinkaskitchen.com\/2013\/10\/1374736_10151878554080857_1695984330_n.jpg 642w, https:\/\/files.katinkaskitchen.com\/2013\/10\/1374736_10151878554080857_1695984330_n-150x112.jpg 150w, https:\/\/files.katinkaskitchen.com\/2013\/10\/1374736_10151878554080857_1695984330_n-300x224.jpg 300w\" sizes=\"auto, (max-width: 642px) 100vw, 642px\" \/><\/a><\/h3>\n<h3>Tack alla sn\u00e4lla ni som hj\u00e4lpt mig med nominering till kategorin Folkets val i \u00e5rets Matbloggspris. Dessv\u00e4rre gick jag inte vidare till final, utan det \u00e4r tio glada v\u00e4rdiga finalister som f\u00e5r k\u00e4mpa om den \u00e5tr\u00e5v\u00e4rda titeln. Grattis och lycka till \u00f6nskar jag dem! I Katinkas Kitchen k\u00e4mpar jag p\u00e5 med mitt matlagande, matbloggande och matgl\u00e4dje &#8211; med mycket k\u00e4rlek och magi!:)<\/h3>\n<h3>Med v\u00e4nliga matglada h\u00e4lsningar!<a href=\"http:\/\/files.katinkaskitchen.com\/2013\/10\/1374736_10151878554080857_1695984330_n.jpg\"><img loading=\"lazy\" decoding=\"async\" class=\"alignright size-medium wp-image-18060\" alt=\"1374736_10151878554080857_1695984330_n\" src=\"http:\/\/files.katinkaskitchen.com\/2013\/10\/1374736_10151878554080857_1695984330_n-300x224.jpg\" width=\"300\" height=\"224\" srcset=\"https:\/\/files.katinkaskitchen.com\/2013\/10\/1374736_10151878554080857_1695984330_n-300x224.jpg 300w, https:\/\/files.katinkaskitchen.com\/2013\/10\/1374736_10151878554080857_1695984330_n-150x112.jpg 150w, https:\/\/files.katinkaskitchen.com\/2013\/10\/1374736_10151878554080857_1695984330_n.jpg 642w\" sizes=\"auto, (max-width: 300px) 100vw, 300px\" \/><\/a><\/h3>\n<p>Katinka Hammarski\u00f6ld<\/p>\n<p>katinka.hammarskiold@hotmail.com<\/p>\n<p>www.katinkaskitchen.com<\/p>\n","protected":false},"excerpt":{"rendered":"<p>Tack alla sn\u00e4lla ni som hj\u00e4lpt mig med nominering till kategorin Folkets val i \u00e5rets Matbloggspris. Dessv\u00e4rre gick jag inte vidare till final, utan det \u00e4r tio glada v\u00e4rdiga finalister som f\u00e5r k\u00e4mpa om den \u00e5tr\u00e5v\u00e4rda titeln. Grattis och lycka till \u00f6nskar jag dem! I Katinkas Kitchen k\u00e4mpar jag p\u00e5 [&hellip;]<\/p>\n","protected":false},"author":2,"featured_media":18060,"comment_status":"open","ping_status":"closed","sticky":false,"template":"","format":"standard","meta":{"footnotes":""},"categories":[114],"tags":[],"class_list":["post-18058","post","type-post","status-publish","format-standard","has-post-thumbnail","hentry","category-varmt-valkommen"],"_links":{"self":[{"href":"https:\/\/katinkaskitchen.com\/index.php?rest_route=\/wp\/v2\/posts\/18058","targetHints":{"allow":["GET"]}}],"collection":[{"href":"https:\/\/katinkaskitchen.com\/index.php?rest_route=\/wp\/v2\/posts"}],"about":[{"href":"https:\/\/katinkaskitchen.com\/index.php?rest_route=\/wp\/v2\/types\/post"}],"author":[{"embeddable":true,"href":"https:\/\/katinkaskitchen.com\/index.php?rest_route=\/wp\/v2\/users\/2"}],"replies":[{"embeddable":true,"href":"https:\/\/katinkaskitchen.com\/index.php?rest_route=%2Fwp%2Fv2%2Fcomments&post=18058"}],"version-history":[{"count":6,"href":"https:\/\/katinkaskitchen.com\/index.php?rest_route=\/wp\/v2\/posts\/18058\/revisions"}],"predecessor-version":[{"id":35915,"href":"https:\/\/katinkaskitchen.com\/index.php?rest_route=\/wp\/v2\/posts\/18058\/revisions\/35915"}],"wp:featuredmedia":[{"embeddable":true,"href":"https:\/\/katinkaskitchen.com\/index.php?rest_route=\/wp\/v2\/media\/18060"}],"wp:attachment":[{"href":"https:\/\/katinkaskitchen.com\/index.php?rest_route=%2Fwp%2Fv2%2Fmedia&parent=18058"}],"wp:term":[{"taxonomy":"category","embeddable":true,"href":"https:\/\/katinkaskitchen.com\/index.php?rest_route=%2Fwp%2Fv2%2Fcategories&post=18058"},{"taxonomy":"post_tag","embeddable":true,"href":"https:\/\/katinkaskitchen.com\/index.php?rest_route=%2Fwp%2Fv2%2Ftags&post=18058"}],"curies":[{"name":"wp","href":"https:\/\/api.w.org\/{rel}","templated":true}]}}