{"id":18567,"date":"2013-12-26T03:00:03","date_gmt":"2013-12-26T03:00:03","guid":{"rendered":"http:\/\/katinkaskitchen.com\/?p=18567"},"modified":"2013-12-25T13:00:27","modified_gmt":"2013-12-25T13:00:27","slug":"var-julmiddag-er-nyarsmiddag","status":"publish","type":"post","link":"https:\/\/katinkaskitchen.com\/?p=18567","title":{"rendered":"V\u00e5r julmiddag &#8211; er ny\u00e5rsmiddag?"},"content":{"rendered":"<h3><a href=\"http:\/\/files.katinkaskitchen.com\/2013\/12\/1535411_793433767348851_1227993769_n.jpg\"><img loading=\"lazy\" decoding=\"async\" class=\"alignright size-medium wp-image-18574\" alt=\"1535411_793433767348851_1227993769_n\" src=\"http:\/\/files.katinkaskitchen.com\/2013\/12\/1535411_793433767348851_1227993769_n-225x300.jpg\" width=\"225\" height=\"300\" srcset=\"https:\/\/files.katinkaskitchen.com\/2013\/12\/1535411_793433767348851_1227993769_n-225x300.jpg 225w, https:\/\/files.katinkaskitchen.com\/2013\/12\/1535411_793433767348851_1227993769_n-112x150.jpg 112w, https:\/\/files.katinkaskitchen.com\/2013\/12\/1535411_793433767348851_1227993769_n.jpg 720w\" sizes=\"auto, (max-width: 225px) 100vw, 225px\" \/><\/a><\/h3>\n<h3>Som jag tidigare skrivit \u00e4ter jag hellre en riktigt god fransk middag p\u00e5 julafton. Till exempel som det \u00e5r d\u00e5 vi lagade ankbr\u00f6st med apelsins\u00e5s, maigret de canard \u00e0 l&#8217;orange, serverad med parmesansmakande potatisgrat\u00e4ng i portionskokotter.<\/h3>\n<h3>I \u00e5r gjorde vi det riktigt enkelt f\u00f6r oss; ankleverfyllda vaktlar med potatisskivor stekta i ankfett &#8211; allt fr\u00e5n utm\u00e4rkta Picard, den franska butikskedjan som bara s\u00e4ljer frysta varor. Till gjorde jag en snabb supergod cognacss\u00e5s. Eftersom Picards gr\u00f6na b\u00f6nor tagit slut i v\u00e5r frys blev det kokt broccoli till. Allt avnj\u00f6ts med en gudomligt god bourgogne.<\/h3>\n<h3>F\u00f6rr\u00e4tten bestod av Picards anklever, helt enkelt serverad med balsamicoreduktion, ros\u00e9peppar och flingsalt. Om man har ruccola \u00e4r det gott till.<\/h3>\n<h3>Det blev en enkel, l\u00e4ttlagad, lyxig och otroligt god middag! Den <a href=\"http:\/\/files.katinkaskitchen.com\/2013\/12\/1477771_793434257348802_750769268_n.jpg\"><img loading=\"lazy\" decoding=\"async\" class=\"alignright size-medium wp-image-18575\" alt=\"1477771_793434257348802_750769268_n\" src=\"http:\/\/files.katinkaskitchen.com\/2013\/12\/1477771_793434257348802_750769268_n-300x225.jpg\" width=\"300\" height=\"225\" srcset=\"https:\/\/files.katinkaskitchen.com\/2013\/12\/1477771_793434257348802_750769268_n-300x225.jpg 300w, https:\/\/files.katinkaskitchen.com\/2013\/12\/1477771_793434257348802_750769268_n-150x112.jpg 150w, https:\/\/files.katinkaskitchen.com\/2013\/12\/1477771_793434257348802_750769268_n.jpg 960w\" sizes=\"auto, (max-width: 300px) 100vw, 300px\" \/><\/a>kan varmt rekommenderas till ny\u00e5r. Receptet p\u00e5 konjakss\u00e5sen kommer i eget inl\u00e4gg h\u00e4r bredvid.<\/h3>\n<h3>Till efterr\u00e4tt \u00e5t vi ris \u00e0 la Malta med kryddig apelsinsallad (receptet publicerades h\u00e4r p\u00e5 Katinkas Kitchen ig\u00e5r), men till ny\u00e5r skulle jag snarare rekommendera en pannacotta, till exempel en p\u00e5 hjortron med champagnegel\u00e9. (Receptet kommer om n\u00e5gon dag.) Botanisera g\u00e4rna bland desserter och efterr\u00e4tter i kolumnen med kategorier h\u00e4r till h\u00f6ger, f\u00f6r fler tips p\u00e5 l\u00e4ttlagade och goda efterr\u00e4tter som imponerar vid middagsbordet.<\/h3>\n<h3>Som jag brukar s\u00e4ga: god, enkel mat i vardagen &#8211; och till fest!<a href=\"http:\/\/files.katinkaskitchen.com\/2013\/12\/945842_793433884015506_941647823_n.jpg\"><img loading=\"lazy\" decoding=\"async\" class=\"alignright size-medium wp-image-18576\" alt=\"945842_793433884015506_941647823_n\" src=\"http:\/\/files.katinkaskitchen.com\/2013\/12\/945842_793433884015506_941647823_n-300x225.jpg\" width=\"300\" height=\"225\" srcset=\"https:\/\/files.katinkaskitchen.com\/2013\/12\/945842_793433884015506_941647823_n-300x225.jpg 300w, https:\/\/files.katinkaskitchen.com\/2013\/12\/945842_793433884015506_941647823_n-150x112.jpg 150w, https:\/\/files.katinkaskitchen.com\/2013\/12\/945842_793433884015506_941647823_n.jpg 960w\" sizes=\"auto, (max-width: 300px) 100vw, 300px\" \/><\/a><\/h3>\n<h3>I dag \u00e4r det ju juldagen, den dag d\u00e5 m\u00e5nga l\u00e4nder firar sin egentliga jul. I sann anglosaxisk anda serveras det d\u00e5 kalkon hos mina f\u00f6r\u00e4ldrar, dit vi styr kosan f\u00f6r att sm\u00f6rja kr\u00e5set i kv\u00e4ll. Recept och bilder kommer fram\u00f6ver.<\/h3>\n<h3>En riktigt h\u00e4rlig juldag till\u00f6nskas ni alla!<\/h3>\n<h3>Med v\u00e4nliga matglada h\u00e4lsningar fr\u00e5n Katinkas Kitchen<\/h3>\n<p>Katinka Hammarski\u00f6ld<a href=\"http:\/\/files.katinkaskitchen.com\/2013\/12\/558679_793434410682120_1006462435_n.jpg\"><img loading=\"lazy\" decoding=\"async\" class=\"alignright size-medium wp-image-18577\" alt=\"558679_793434410682120_1006462435_n\" src=\"http:\/\/files.katinkaskitchen.com\/2013\/12\/558679_793434410682120_1006462435_n-300x225.jpg\" width=\"300\" height=\"225\" srcset=\"https:\/\/files.katinkaskitchen.com\/2013\/12\/558679_793434410682120_1006462435_n-300x225.jpg 300w, https:\/\/files.katinkaskitchen.com\/2013\/12\/558679_793434410682120_1006462435_n-150x112.jpg 150w, https:\/\/files.katinkaskitchen.com\/2013\/12\/558679_793434410682120_1006462435_n.jpg 960w\" sizes=\"auto, (max-width: 300px) 100vw, 300px\" \/><\/a><\/p>\n<p>katinka.hammarskiold@hotmail.com<a href=\"http:\/\/files.katinkaskitchen.com\/2013\/12\/2121389.jpg\"><img loading=\"lazy\" decoding=\"async\" class=\"alignright size-medium wp-image-18552\" alt=\"2121389\" src=\"http:\/\/files.katinkaskitchen.com\/2013\/12\/2121389-225x300.jpg\" width=\"225\" height=\"300\" srcset=\"https:\/\/files.katinkaskitchen.com\/2013\/12\/2121389-225x300.jpg 225w, https:\/\/files.katinkaskitchen.com\/2013\/12\/2121389-112x150.jpg 112w, https:\/\/files.katinkaskitchen.com\/2013\/12\/2121389.jpg 375w\" sizes=\"auto, (max-width: 225px) 100vw, 225px\" \/><\/a><\/p>\n<p>www.katinkaskitchen.com<\/p>\n","protected":false},"excerpt":{"rendered":"<p>Som jag tidigare skrivit \u00e4ter jag hellre en riktigt god fransk middag p\u00e5 julafton. Till exempel som det \u00e5r d\u00e5 vi lagade ankbr\u00f6st med apelsins\u00e5s, maigret de canard \u00e0 l&#8217;orange, serverad med parmesansmakande potatisgrat\u00e4ng i portionskokotter. I \u00e5r gjorde vi det riktigt enkelt f\u00f6r oss; ankleverfyllda vaktlar med potatisskivor stekta [&hellip;]<\/p>\n","protected":false},"author":2,"featured_media":0,"comment_status":"open","ping_status":"closed","sticky":false,"template":"","format":"standard","meta":{"footnotes":""},"categories":[4024,4023],"tags":[],"class_list":["post-18567","post","type-post","status-publish","format-standard","hentry","category-festmiddagar","category-nyar-och-festmiddagar"],"_links":{"self":[{"href":"https:\/\/katinkaskitchen.com\/index.php?rest_route=\/wp\/v2\/posts\/18567","targetHints":{"allow":["GET"]}}],"collection":[{"href":"https:\/\/katinkaskitchen.com\/index.php?rest_route=\/wp\/v2\/posts"}],"about":[{"href":"https:\/\/katinkaskitchen.com\/index.php?rest_route=\/wp\/v2\/types\/post"}],"author":[{"embeddable":true,"href":"https:\/\/katinkaskitchen.com\/index.php?rest_route=\/wp\/v2\/users\/2"}],"replies":[{"embeddable":true,"href":"https:\/\/katinkaskitchen.com\/index.php?rest_route=%2Fwp%2Fv2%2Fcomments&post=18567"}],"version-history":[{"count":5,"href":"https:\/\/katinkaskitchen.com\/index.php?rest_route=\/wp\/v2\/posts\/18567\/revisions"}],"predecessor-version":[{"id":18569,"href":"https:\/\/katinkaskitchen.com\/index.php?rest_route=\/wp\/v2\/posts\/18567\/revisions\/18569"}],"wp:attachment":[{"href":"https:\/\/katinkaskitchen.com\/index.php?rest_route=%2Fwp%2Fv2%2Fmedia&parent=18567"}],"wp:term":[{"taxonomy":"category","embeddable":true,"href":"https:\/\/katinkaskitchen.com\/index.php?rest_route=%2Fwp%2Fv2%2Fcategories&post=18567"},{"taxonomy":"post_tag","embeddable":true,"href":"https:\/\/katinkaskitchen.com\/index.php?rest_route=%2Fwp%2Fv2%2Ftags&post=18567"}],"curies":[{"name":"wp","href":"https:\/\/api.w.org\/{rel}","templated":true}]}}