{"id":18619,"date":"2013-12-27T02:55:58","date_gmt":"2013-12-27T02:55:58","guid":{"rendered":"http:\/\/katinkaskitchen.com\/?p=18619"},"modified":"2018-01-11T19:46:00","modified_gmt":"2018-01-11T19:46:00","slug":"vegansk-gronsakspaj","status":"publish","type":"post","link":"https:\/\/katinkaskitchen.com\/?p=18619","title":{"rendered":"Vegansk gr\u00f6nsakspaj"},"content":{"rendered":"<h3><a href=\"http:\/\/files.katinkaskitchen.com\/2013\/12\/1176235_10152015781510857_1656537572_n.jpg\"><img loading=\"lazy\" decoding=\"async\" class=\"alignright size-medium wp-image-18622\" src=\"http:\/\/files.katinkaskitchen.com\/2013\/12\/1176235_10152015781510857_1656537572_n-300x225.jpg\" alt=\"1176235_10152015781510857_1656537572_n\" width=\"300\" height=\"225\" srcset=\"https:\/\/files.katinkaskitchen.com\/2013\/12\/1176235_10152015781510857_1656537572_n-300x225.jpg 300w, https:\/\/files.katinkaskitchen.com\/2013\/12\/1176235_10152015781510857_1656537572_n-150x112.jpg 150w, https:\/\/files.katinkaskitchen.com\/2013\/12\/1176235_10152015781510857_1656537572_n.jpg 960w\" sizes=\"auto, (max-width: 300px) 100vw, 300px\" \/><\/a><a href=\"http:\/\/files.katinkaskitchen.com\/2013\/12\/1004814_10152015780665857_632969413_n.jpg\"><img loading=\"lazy\" decoding=\"async\" class=\"alignright size-medium wp-image-18623\" src=\"http:\/\/files.katinkaskitchen.com\/2013\/12\/1004814_10152015780665857_632969413_n-300x225.jpg\" alt=\"1004814_10152015780665857_632969413_n\" width=\"300\" height=\"225\" srcset=\"https:\/\/files.katinkaskitchen.com\/2013\/12\/1004814_10152015780665857_632969413_n-300x225.jpg 300w, https:\/\/files.katinkaskitchen.com\/2013\/12\/1004814_10152015780665857_632969413_n-150x112.jpg 150w, https:\/\/files.katinkaskitchen.com\/2013\/12\/1004814_10152015780665857_632969413_n.jpg 960w\" sizes=\"auto, (max-width: 300px) 100vw, 300px\" \/><\/a><\/h3>\n<h3>Det h\u00e4r \u00e4r en paj som jag gjorde till julbordet, men den har ganska somriga smaker. Eftersom dottern sedan en tid valt att \u00e4ta veganskt antog jag utmaningen att f\u00f6rs\u00f6ka g\u00f6ra en paj v\u00e4rdig namnet som skulle smaka gott, utan n\u00e5got animaliskt. I det h\u00e4r fallet innebar det <a href=\"http:\/\/files.katinkaskitchen.com\/2013\/12\/1452500_10151906589730857_505888253_n1.jpg\"><img loading=\"lazy\" decoding=\"async\" class=\"alignright size-medium wp-image-18607\" src=\"http:\/\/files.katinkaskitchen.com\/2013\/12\/1452500_10151906589730857_505888253_n1-300x224.jpg\" alt=\"1452500_10151906589730857_505888253_n1\" width=\"300\" height=\"224\" srcset=\"https:\/\/files.katinkaskitchen.com\/2013\/12\/1452500_10151906589730857_505888253_n1-300x224.jpg 300w, https:\/\/files.katinkaskitchen.com\/2013\/12\/1452500_10151906589730857_505888253_n1-150x112.jpg 150w, https:\/\/files.katinkaskitchen.com\/2013\/12\/1452500_10151906589730857_505888253_n1.jpg 642w\" sizes=\"auto, (max-width: 300px) 100vw, 300px\" \/><\/a><a href=\"http:\/\/files.katinkaskitchen.com\/2013\/12\/2122328.jpg\"><img loading=\"lazy\" decoding=\"async\" class=\"alignright size-medium wp-image-18608\" src=\"http:\/\/files.katinkaskitchen.com\/2013\/12\/2122328-300x225.jpg\" alt=\"2122328\" width=\"300\" height=\"225\" srcset=\"https:\/\/files.katinkaskitchen.com\/2013\/12\/2122328-300x225.jpg 300w, https:\/\/files.katinkaskitchen.com\/2013\/12\/2122328-150x112.jpg 150w, https:\/\/files.katinkaskitchen.com\/2013\/12\/2122328.jpg 500w\" sizes=\"auto, (max-width: 300px) 100vw, 300px\" \/><\/a>trots allt n\u00e5gra ers\u00e4ttningsprodukter i form av havregr\u00e4dde och n\u00e5gonting som ska ers\u00e4tta \u00e4gg, en form av <a href=\"http:\/\/files.katinkaskitchen.com\/2013\/12\/1176146_10152015779650857_1707425750_n.jpg\"><img loading=\"lazy\" decoding=\"async\" class=\"alignright size-medium wp-image-18624\" src=\"http:\/\/files.katinkaskitchen.com\/2013\/12\/1176146_10152015779650857_1707425750_n-225x300.jpg\" alt=\"1176146_10152015779650857_1707425750_n\" width=\"225\" height=\"300\" srcset=\"https:\/\/files.katinkaskitchen.com\/2013\/12\/1176146_10152015779650857_1707425750_n-225x300.jpg 225w, https:\/\/files.katinkaskitchen.com\/2013\/12\/1176146_10152015779650857_1707425750_n-112x150.jpg 112w, https:\/\/files.katinkaskitchen.com\/2013\/12\/1176146_10152015779650857_1707425750_n.jpg 720w\" sizes=\"auto, (max-width: 225px) 100vw, 225px\" \/><\/a>st\u00e4rkelseblandning som var v\u00e4ldigt l\u00e4tt att anv\u00e4nda.<\/h3>\n<h3>Pajen som blev riktigt god och kr\u00e4mig passar utm\u00e4rkt som vickning eller en egen god middag. Grillad paprika, kron\u00e4rtskocksbottnar och tomat med basilika och olivolja ger den tillsammans med provensalska \u00f6rter en h\u00e4rligt sydfransk smak. Jag hittade s\u00e5v\u00e4l grillad paprika som kron\u00e4rtskocksbottnar hos Picard, det franska f\u00f6retaget med frysta varor. D\u00e5 blir den h\u00e4r pajen riktigt l\u00e4ttlagad.<\/h3>\n<h4><em>Du beh\u00f6ver till en pajform p\u00e5 ca 20 cm i diameter:<\/em><\/h4>\n<p><em><strong>Till pajdegen:<\/strong><\/em><\/p>\n<p>150 gram vetemj\u00f6l<\/p>\n<p>lite salt<\/p>\n<p>120 gram kallt mj\u00f6lkfritt sm\u00f6r skuret i kuber<a href=\"http:\/\/files.katinkaskitchen.com\/2013\/12\/1536720_10152015780560857_77400753_n.jpg\"><img loading=\"lazy\" decoding=\"async\" class=\"alignright size-medium wp-image-18625\" src=\"http:\/\/files.katinkaskitchen.com\/2013\/12\/1536720_10152015780560857_77400753_n-300x225.jpg\" alt=\"1536720_10152015780560857_77400753_n\" width=\"300\" height=\"225\" srcset=\"https:\/\/files.katinkaskitchen.com\/2013\/12\/1536720_10152015780560857_77400753_n-300x225.jpg 300w, https:\/\/files.katinkaskitchen.com\/2013\/12\/1536720_10152015780560857_77400753_n-150x112.jpg 150w, https:\/\/files.katinkaskitchen.com\/2013\/12\/1536720_10152015780560857_77400753_n.jpg 960w\" sizes=\"auto, (max-width: 300px) 100vw, 300px\" \/><\/a><\/p>\n<p>4 msk kallt vatten<\/p>\n<p><strong><em>Till fyllningen:<\/em>\u00a0<\/strong><\/p>\n<p>ca 150 gram frysta\u00a0grillade paprikor eller 2-3 f\u00e4rska paprikor som du sk\u00e4r i bitar och grillar s\u00e5 skalet blir svart<\/p>\n<p>ca 150 gram hackade tomater med olivolja och basilika (\u00e0 l&#8217;italienne heter de hos Picard)<\/p>\n<p>ca 150 gram kron\u00e4rtskocksbottnar &#8211; frysta, f\u00e4rska kokta, inlagda eller konserverade, skurna i strimlor<a href=\"http:\/\/files.katinkaskitchen.com\/2013\/12\/1526860_10152015777875857_864496254_n.jpg\"><img loading=\"lazy\" decoding=\"async\" class=\"alignright size-full wp-image-18626\" src=\"http:\/\/files.katinkaskitchen.com\/2013\/12\/1526860_10152015777875857_864496254_n.jpg\" alt=\"1526860_10152015777875857_864496254_n\" width=\"232\" height=\"290\" srcset=\"https:\/\/files.katinkaskitchen.com\/2013\/12\/1526860_10152015777875857_864496254_n.jpg 232w, https:\/\/files.katinkaskitchen.com\/2013\/12\/1526860_10152015777875857_864496254_n-120x150.jpg 120w\" sizes=\"auto, (max-width: 232px) 100vw, 232px\" \/><\/a><\/p>\n<p>1-2 vitl\u00f6ksklyftor<\/p>\n<p>olivolja<\/p>\n<p>Herbes de Provence (provencalsk \u00f6rtblandning)<\/p>\n<p>salt<\/p>\n<p>peppar (g\u00e4rna blandpeppar)<\/p>\n<p>1 knapp msk &#8221;no egg&#8221; &#8211; \u00e4ggers\u00e4ttning<\/p>\n<p>2 dl havregr\u00e4dde<\/p>\n<p>1\/1 &#8211; 1 r\u00f6d chili (kolla hur stark den \u00e4r!)<\/p>\n<p>lite riven muskot<\/p>\n<h4><em>G\u00f6r s\u00e5 h\u00e4r med pajdegen:<\/em><\/h4>\n<p>Smula ihop mj\u00f6l och salt med det mj\u00f6lkfria sm\u00f6ret, som v\u00e4l egentligen \u00e4r ett margarin, smula g\u00e4rna med fingrarna (sj\u00e4lvklart tv\u00e4ttade), alternativt i matberedare men k\u00f6r d\u00e5 inte f\u00f6r l\u00e4nge! Tills\u00e4tt vattnet och blanda snabbt ihop degen. Forma degen till en fast boll. Om du inte anv\u00e4nder\u00a0matberedaren ska du nu kn\u00e5da degen p\u00e5 l\u00e4tt\u00a0mj\u00f6lat bakbord s\u00e5 den blandar sig och blir en smidig sl\u00e4t boll. Jag m\u00e4rkte n\u00e4r jag gjorde den h\u00e4r pajdegen att det gick \u00e5t lite mer mj\u00f6l \u00e4n n\u00e4r jag g\u00f6r den p\u00e5 vanligt sm\u00f6r. Det \u00e4r viktigt att pajdegen inte blir f\u00f6r l\u00f6s &#8211; d\u00e5 h\u00e5ller den sig inte uppe p\u00e5 kanterna av pajformen, utan faller ihop och blir platt som en pannkaka.<\/p>\n<p>Svep in degen i plast och l\u00e4gg att vila i kylsk\u00e5pet.<\/p>\n<p>Vid utkavling g\u00e4ller det att arbeta snabbt s\u00e5 sm\u00f6ret\/maragrinet inte sm\u00e4lter och den\u00a0blir kladdig. Pudra l\u00e4tt med mj\u00f6l och kavla till platt rundel som \u00e4r n\u00e5got st\u00f6rre \u00e4n formen den skall t\u00e4cka. Lyft \u00f6ver degplattan och tryck ut den i formen. Var noga med att den g\u00e5r upp p\u00e5 och lite \u00f6ver kanterna. L\u00e5t den degkl\u00e4dda formen st\u00e5 och vila och stabiliseras ett tag i kylsk\u00e5pet f\u00f6re gr\u00e4ddning f\u00f6r att motverka att degen\u00a0rasar ner fr\u00e5n kanterna.<\/p>\n<p>Gr\u00e4dda formen i mitten av ugnen om du har elektrisk ugn, men alltid h\u00f6gst\u00a0upp i en gasugn. 200 grader varm skall ugnen vara. F\u00f6rgr\u00e4dda pajskalet i ca tio minuter. Tag ut och nagga botten s\u00e5 den inte bubblar upp. Gr\u00e4dda n\u00e5gra minuter till. N\u00e4r degen b\u00f6rjar ta f\u00e4rg och b\u00f6rjar dra ihop sig lite \u00e4r pajskalets f\u00f6rgr\u00e4ddning klar.<\/p>\n<p><em><strong>G\u00f6r s\u00e5 h\u00e4r med fyllningen:\u00a0<\/strong><\/em><\/p>\n<p>Jag valde att steka eller snarare koka de strimlade kron\u00e4rtskocksbottnarna i olivolja med vitl\u00f6k &#8211; \u00e0 la Romana, som man g\u00f6r i Rom. \u00c4r de redan inlagda kanske det inte beh\u00f6vs. Men den som vill och hinner g\u00f6r det med f\u00f6rdel eftersom det ger en mild fin vitl\u00f6kssmak s\u00e5 att de andra smakerna f\u00e5r framtr\u00e4da och samtidigt ger en \u00e4kta provencalsk smak.<\/p>\n<p>L\u00e4gg bitarna av kron\u00e4rtskocksbottnarna i det f\u00f6rgr\u00e4ddade pajskalet. H\u00e4ll p\u00e5 tomatkuberna, om du anv\u00e4nder de fr\u00e5n Picard. Om du anv\u00e4nder f\u00e4rska tomater g\u00f6r du s\u00e5 h\u00e4r: sk\u00e4r dem i sm\u00e5 kuber och l\u00e4gg dem i en sk\u00e5l tillsammans med lite olivolja och g\u00e4rna strimlad basilika. R\u00f6r runt och h\u00e4ll dem sedan i pajskalet.<\/p>\n<p>Avsluta med att l\u00e4gga paprikastrimlorna i ett vackert m\u00f6nster \u00f6verst. Krydda med \u00f6rtkryddorna, salt och peppar. Str\u00f6 den hackade chilin \u00f6ver.<\/p>\n<p>Vispa ihop \u00e4ggers\u00e4ttningen med havregr\u00e4dden och r\u00f6r ihop till en blandning. Krydda g\u00e4rna med salt, peppar och en aning cayenne samt riven muskot.<\/p>\n<p>H\u00e4ll blandningen \u00f6ver fyllningen i pajen. St\u00e4ll in pajen i ugnen och gr\u00e4dda i 175 grader i ca 30 minuter tills fyllningen stelnat n\u00e5got. Du kan k\u00e4nna med en sticka eller kniv i mitten om den \u00e4r rinnig eller stelnad. Pajen ska vara kr\u00e4mig och fin.<\/p>\n<p>Servera pajen varm, ljummen eller kall, g\u00e4rna med en sallad.<\/p>\n<p>Bon app\u00e9tit \u00f6nskas med v\u00e4nliga matglada h\u00e4lsningar fr\u00e5n Katinkas Kitchen!<\/p>\n<p>Katinka Hammarski\u00f6ld<\/p>\n<p>katinka.hammarskiold@hotmail.com<\/p>\n<p>&nbsp;<\/p>\n","protected":false},"excerpt":{"rendered":"<p>Det h\u00e4r \u00e4r en paj som jag gjorde till julbordet, men den har ganska somriga smaker. Eftersom dottern sedan en tid valt att \u00e4ta veganskt antog jag utmaningen att f\u00f6rs\u00f6ka g\u00f6ra en paj v\u00e4rdig namnet som skulle smaka gott, utan n\u00e5got animaliskt. I det h\u00e4r fallet innebar det trots allt [&hellip;]<\/p>\n","protected":false},"author":5,"featured_media":0,"comment_status":"open","ping_status":"closed","sticky":false,"template":"","format":"standard","meta":{"footnotes":""},"categories":[95,11782,85,4034,11743,11747],"tags":[],"class_list":["post-18619","post","type-post","status-publish","format-standard","hentry","category-gronsaksratter","category-nyttig-mat","category-pajer-matpajer","category-vardagsmiddag","category-vegan","category-vegetariskt"],"_links":{"self":[{"href":"https:\/\/katinkaskitchen.com\/index.php?rest_route=\/wp\/v2\/posts\/18619","targetHints":{"allow":["GET"]}}],"collection":[{"href":"https:\/\/katinkaskitchen.com\/index.php?rest_route=\/wp\/v2\/posts"}],"about":[{"href":"https:\/\/katinkaskitchen.com\/index.php?rest_route=\/wp\/v2\/types\/post"}],"author":[{"embeddable":true,"href":"https:\/\/katinkaskitchen.com\/index.php?rest_route=\/wp\/v2\/users\/5"}],"replies":[{"embeddable":true,"href":"https:\/\/katinkaskitchen.com\/index.php?rest_route=%2Fwp%2Fv2%2Fcomments&post=18619"}],"version-history":[{"count":7,"href":"https:\/\/katinkaskitchen.com\/index.php?rest_route=\/wp\/v2\/posts\/18619\/revisions"}],"predecessor-version":[{"id":28290,"href":"https:\/\/katinkaskitchen.com\/index.php?rest_route=\/wp\/v2\/posts\/18619\/revisions\/28290"}],"wp:attachment":[{"href":"https:\/\/katinkaskitchen.com\/index.php?rest_route=%2Fwp%2Fv2%2Fmedia&parent=18619"}],"wp:term":[{"taxonomy":"category","embeddable":true,"href":"https:\/\/katinkaskitchen.com\/index.php?rest_route=%2Fwp%2Fv2%2Fcategories&post=18619"},{"taxonomy":"post_tag","embeddable":true,"href":"https:\/\/katinkaskitchen.com\/index.php?rest_route=%2Fwp%2Fv2%2Ftags&post=18619"}],"curies":[{"name":"wp","href":"https:\/\/api.w.org\/{rel}","templated":true}]}}