{"id":18695,"date":"2013-12-31T03:00:39","date_gmt":"2013-12-31T03:00:39","guid":{"rendered":"http:\/\/katinkaskitchen.com\/?p=18695"},"modified":"2022-12-13T10:32:36","modified_gmt":"2022-12-13T09:32:36","slug":"gott-nytt-ar","status":"publish","type":"post","link":"https:\/\/katinkaskitchen.com\/?p=18695","title":{"rendered":"GOTT NYTT \u00c5R!"},"content":{"rendered":"<h3><a href=\"http:\/\/files.katinkaskitchen.com\/2013\/12\/2126939.jpg\"><img loading=\"lazy\" decoding=\"async\" class=\"alignright size-medium wp-image-18696\" alt=\"2126939\" src=\"http:\/\/files.katinkaskitchen.com\/2013\/12\/2126939-300x225.jpg\" width=\"300\" height=\"225\" srcset=\"https:\/\/files.katinkaskitchen.com\/2013\/12\/2126939-300x225.jpg 300w, https:\/\/files.katinkaskitchen.com\/2013\/12\/2126939-150x112.jpg 150w, https:\/\/files.katinkaskitchen.com\/2013\/12\/2126939.jpg 500w\" sizes=\"auto, (max-width: 300px) 100vw, 300px\" \/><\/a><\/h3>\n<h3>Likt en Tomteverkstad inf\u00f6r Julafton fixades och donades det i Katinkas K\u00f6k ig\u00e5r kv\u00e4ll, till jazziga toner och med en slurk champagne p\u00e5 slutet.<\/h3>\n<h3>Tanken var att p\u00e5b\u00f6rja f\u00f6rberedelserna i god tid redan i s\u00f6ndags, men det grusades av en rej\u00e4l f\u00f6rkylning som fortfarande har mig i sitt grepp. Maken gjorde d\u00e4rf\u00f6r en enorm insats ig\u00e5r och sprang alla \u00e4renden f\u00f6r att b\u00e4rga hem f\u00e4rska franska ankbr\u00f6st och ostron, franska b\u00f6nor och underbar potatis stekt i ankfett fr\u00e5n Picard, vackra blommor fr\u00e5n torget etc. Sj\u00e4lv jobbade jag h\u00e5rt p\u00e5 att f\u00f6rs\u00f6ka bli frisk genom att h\u00e5lla mig d\u00e4ckad i s\u00e4ngen, drickandes ingef\u00e4rste. <a href=\"http:\/\/files.katinkaskitchen.com\/2013\/12\/2126931.jpg\"><img loading=\"lazy\" decoding=\"async\" class=\"alignright size-medium wp-image-18698\" alt=\"2126931\" src=\"http:\/\/files.katinkaskitchen.com\/2013\/12\/2126931-225x300.jpg\" width=\"225\" height=\"300\" srcset=\"https:\/\/files.katinkaskitchen.com\/2013\/12\/2126931-225x300.jpg 225w, https:\/\/files.katinkaskitchen.com\/2013\/12\/2126931-112x150.jpg 112w, https:\/\/files.katinkaskitchen.com\/2013\/12\/2126931.jpg 375w\" sizes=\"auto, (max-width: 225px) 100vw, 225px\" \/><\/a>N\u00e4r jag kravlat upp inf\u00f6r middagen blev det desto mer pyssel och grejande i k\u00f6ket. Maken gjorde ytterligare en heroisk insats med silverputsning medan jag gjorde blomsterarrangemangen, degen till kardemummakakorna som ska bakas idag samt efterr\u00e4tten; hjortronpannacotta med champagnegele f\u00f6r de st\u00f6rre och med <a href=\"http:\/\/files.katinkaskitchen.com\/2013\/12\/2126930.jpg\"><img loading=\"lazy\" decoding=\"async\" class=\"alignright size-medium wp-image-18699\" alt=\"2126930\" src=\"http:\/\/files.katinkaskitchen.com\/2013\/12\/2126930-225x300.jpg\" width=\"225\" height=\"300\" srcset=\"https:\/\/files.katinkaskitchen.com\/2013\/12\/2126930-225x300.jpg 225w, https:\/\/files.katinkaskitchen.com\/2013\/12\/2126930-112x150.jpg 112w, https:\/\/files.katinkaskitchen.com\/2013\/12\/2126930.jpg 375w\" sizes=\"auto, (max-width: 225px) 100vw, 225px\" \/><\/a>hortrontopping f\u00f6r de yngre. Eftersom gel\u00e9n verkligen \u00e4r just champagne med lite gelatin blev det en slatt kvar f\u00f6r oss att njuta.<\/h3>\n<h3>Efter en sl\u00f6 morgon tar nu Tomteverkstan vid igen. Borden ska dukas, ankbr\u00f6st stekas, apelsins\u00e5sen g\u00f6ras enligt konstens alla regler. De skalade apelsinerna g\u00f6r vi juice av &#8211; det kan inte skada med en rej\u00e4l dos C-vitamin. Sedan \u00e4r det v\u00e4l bara dags att kl\u00e4 om, sminka \u00f6ver den r\u00f6dfnasiga n\u00e4san, ta en alvedon, t\u00e4nda brasan och korka upp champagnen.<\/h3>\n<h3>Ett riktigt Gott Nytt \u00c5r \u00f6nskar jag alla! Med v\u00e4nliga matglada Ny\u00e5rsh\u00e4lsningar fr\u00e5n Katinkas Kitchen<\/h3>\n<p>Katinka Hammarski\u00f6ld<a href=\"http:\/\/files.katinkaskitchen.com\/2013\/12\/1530561_10152025156590857_374717621_n.jpg\"><img loading=\"lazy\" decoding=\"async\" class=\"alignright size-medium wp-image-18700\" alt=\"1530561_10152025156590857_374717621_n\" src=\"http:\/\/files.katinkaskitchen.com\/2013\/12\/1530561_10152025156590857_374717621_n-225x300.jpg\" width=\"225\" height=\"300\" srcset=\"https:\/\/files.katinkaskitchen.com\/2013\/12\/1530561_10152025156590857_374717621_n-225x300.jpg 225w, https:\/\/files.katinkaskitchen.com\/2013\/12\/1530561_10152025156590857_374717621_n-112x150.jpg 112w, https:\/\/files.katinkaskitchen.com\/2013\/12\/1530561_10152025156590857_374717621_n.jpg 720w\" sizes=\"auto, (max-width: 225px) 100vw, 225px\" \/><\/a><\/p>\n<p>katinka.hammarskiold@hotmail.com<\/p>\n<p>www.katinkaskitchen.com<a href=\"http:\/\/files.katinkaskitchen.com\/2013\/12\/2126940.jpg\"><img loading=\"lazy\" decoding=\"async\" class=\"alignright size-medium wp-image-18701\" alt=\"2126940\" src=\"http:\/\/files.katinkaskitchen.com\/2013\/12\/2126940-225x300.jpg\" width=\"225\" height=\"300\" srcset=\"https:\/\/files.katinkaskitchen.com\/2013\/12\/2126940-225x300.jpg 225w, https:\/\/files.katinkaskitchen.com\/2013\/12\/2126940-112x150.jpg 112w, https:\/\/files.katinkaskitchen.com\/2013\/12\/2126940.jpg 375w\" sizes=\"auto, (max-width: 225px) 100vw, 225px\" \/><\/a><\/p>\n","protected":false},"excerpt":{"rendered":"<p>Likt en Tomteverkstad inf\u00f6r Julafton fixades och donades det i Katinkas K\u00f6k ig\u00e5r kv\u00e4ll, till jazziga toner och med en slurk champagne p\u00e5 slutet. Tanken var att p\u00e5b\u00f6rja f\u00f6rberedelserna i god tid redan i s\u00f6ndags, men det grusades av en rej\u00e4l f\u00f6rkylning som fortfarande har mig i sitt grepp. Maken [&hellip;]<\/p>\n","protected":false},"author":2,"featured_media":18696,"comment_status":"open","ping_status":"closed","sticky":false,"template":"","format":"standard","meta":{"footnotes":""},"categories":[4023],"tags":[],"class_list":["post-18695","post","type-post","status-publish","format-standard","has-post-thumbnail","hentry","category-nyar-och-festmiddagar"],"_links":{"self":[{"href":"https:\/\/katinkaskitchen.com\/index.php?rest_route=\/wp\/v2\/posts\/18695","targetHints":{"allow":["GET"]}}],"collection":[{"href":"https:\/\/katinkaskitchen.com\/index.php?rest_route=\/wp\/v2\/posts"}],"about":[{"href":"https:\/\/katinkaskitchen.com\/index.php?rest_route=\/wp\/v2\/types\/post"}],"author":[{"embeddable":true,"href":"https:\/\/katinkaskitchen.com\/index.php?rest_route=\/wp\/v2\/users\/2"}],"replies":[{"embeddable":true,"href":"https:\/\/katinkaskitchen.com\/index.php?rest_route=%2Fwp%2Fv2%2Fcomments&post=18695"}],"version-history":[{"count":2,"href":"https:\/\/katinkaskitchen.com\/index.php?rest_route=\/wp\/v2\/posts\/18695\/revisions"}],"predecessor-version":[{"id":35950,"href":"https:\/\/katinkaskitchen.com\/index.php?rest_route=\/wp\/v2\/posts\/18695\/revisions\/35950"}],"wp:featuredmedia":[{"embeddable":true,"href":"https:\/\/katinkaskitchen.com\/index.php?rest_route=\/wp\/v2\/media\/18696"}],"wp:attachment":[{"href":"https:\/\/katinkaskitchen.com\/index.php?rest_route=%2Fwp%2Fv2%2Fmedia&parent=18695"}],"wp:term":[{"taxonomy":"category","embeddable":true,"href":"https:\/\/katinkaskitchen.com\/index.php?rest_route=%2Fwp%2Fv2%2Fcategories&post=18695"},{"taxonomy":"post_tag","embeddable":true,"href":"https:\/\/katinkaskitchen.com\/index.php?rest_route=%2Fwp%2Fv2%2Ftags&post=18695"}],"curies":[{"name":"wp","href":"https:\/\/api.w.org\/{rel}","templated":true}]}}