{"id":18954,"date":"2014-01-14T02:55:43","date_gmt":"2014-01-14T02:55:43","guid":{"rendered":"http:\/\/katinkaskitchen.com\/?p=18954"},"modified":"2022-12-13T10:30:46","modified_gmt":"2022-12-13T09:30:46","slug":"katinkas-kitchen-i-podradio","status":"publish","type":"post","link":"https:\/\/katinkaskitchen.com\/?p=18954","title":{"rendered":"Katinkas Kitchen i Podradio!"},"content":{"rendered":"<h3><a href=\"http:\/\/files.katinkaskitchen.com\/2014\/01\/1607113_806410956051132_701917300_n.jpg\"><img loading=\"lazy\" decoding=\"async\" class=\"alignright size-medium wp-image-18955\" alt=\"1607113_806410956051132_701917300_n\" src=\"http:\/\/files.katinkaskitchen.com\/2014\/01\/1607113_806410956051132_701917300_n-300x225.jpg\" width=\"300\" height=\"225\" srcset=\"https:\/\/files.katinkaskitchen.com\/2014\/01\/1607113_806410956051132_701917300_n-300x225.jpg 300w, https:\/\/files.katinkaskitchen.com\/2014\/01\/1607113_806410956051132_701917300_n-150x112.jpg 150w, https:\/\/files.katinkaskitchen.com\/2014\/01\/1607113_806410956051132_701917300_n.jpg 960w\" sizes=\"auto, (max-width: 300px) 100vw, 300px\" \/><\/a><\/h3>\n<h3>Strax f\u00f6re jul var jag med och spelade in vad som kallas f\u00f6r Pod-radio, eller en Podcast f\u00f6r Smakademien. Det tekniska f\u00f6rst\u00e5r jag mig inte s\u00e5 mycket p\u00e5, men rent praktiskt inneb\u00e4r det att om du g\u00e5r in p\u00e5 l\u00e4nken h\u00e4r nedanf\u00f6r s\u00e5 kan du lyssna p\u00e5 programmet:<\/h3>\n<p>Smakademien:&nbsp;<a href=\"https:\/\/itunes.apple.com\/se\/podcast\/smakademien\/id788301025?mt=2\" target=\"_blank\" rel=\"nofollow noopener noreferrer\">https:\/\/itunes.apple.com\/se\/podcast\/smakademien\/id788301025?mt=2<\/a><\/p>\n<div>\n<div><a href=\"https:\/\/itunes.apple.com\/se\/podcast\/smakademien\/id788301025?mt=2\" target=\"_blank\" rel=\"ignore noopener noreferrer\">Smakademien<\/a><\/div>\n<div>itunes.apple.com<\/div>\n<\/div>\n<h3><\/h3>\n<h3>Smakademien har en sida p\u00e5 Facebook &#8211; hemsidan h\u00e5ller p\u00e5 att byggas upp, och l\u00e4nk kommer <a href=\"http:\/\/files.katinkaskitchen.com\/2014\/01\/1549577_806410876051140_607255186_n.jpg\"><img loading=\"lazy\" decoding=\"async\" class=\"alignright size-medium wp-image-18956\" alt=\"1549577_806410876051140_607255186_n\" src=\"http:\/\/files.katinkaskitchen.com\/2014\/01\/1549577_806410876051140_607255186_n-225x300.jpg\" width=\"225\" height=\"300\" srcset=\"https:\/\/files.katinkaskitchen.com\/2014\/01\/1549577_806410876051140_607255186_n-225x300.jpg 225w, https:\/\/files.katinkaskitchen.com\/2014\/01\/1549577_806410876051140_607255186_n-112x150.jpg 112w, https:\/\/files.katinkaskitchen.com\/2014\/01\/1549577_806410876051140_607255186_n.jpg 720w\" sizes=\"auto, (max-width: 225px) 100vw, 225px\" \/><\/a>till den n\u00e4r den \u00e4r klar.<\/h3>\n<h3>Hittills har tre halvtimmesavsnitt spelats in, och det h\u00e4r senaste var t\u00e4nkt att ge inspiration till Ny\u00e5r, men kan nog ha relevans \u00e4ven s\u00e5h\u00e4r i januari med tips inf\u00f6r andra festliga middagar. I det f\u00f6rsta programmet pratade Smakdemiens redakt\u00f6r Per Nilsson med Mia \u00d6hrn som driver en mycket trevlig och framg\u00e5ngsrik bakblogg; Ett kakmonsters vardag. Den hittar du p\u00e5 den h\u00e4r l\u00e4nken:&nbsp;http:\/\/miaohrn.wordpress.com som inte verkar fungera &#8211; g\u00e5 i st\u00e4llet in via rekommenderade bloggar l\u00e4ngst ner till h\u00f6ger.<\/h3>\n<h3>Med v\u00e4nliga matglada h\u00e4lsningar fr\u00e5n Katinka i mitt Kitchen!<\/h3>\n<p>&nbsp;<\/p>\n<h3><a href=\"https:\/\/www.facebook.com\/smakademien\" target=\"_blank\" rel=\"nofollow noopener noreferrer\">https:\/\/www.facebook.com\/smakademien<\/a><\/h3>\n","protected":false},"excerpt":{"rendered":"<p>Strax f\u00f6re jul var jag med och spelade in vad som kallas f\u00f6r Pod-radio, eller en Podcast f\u00f6r Smakademien. Det tekniska f\u00f6rst\u00e5r jag mig inte s\u00e5 mycket p\u00e5, men rent praktiskt inneb\u00e4r det att om du g\u00e5r in p\u00e5 l\u00e4nken h\u00e4r nedanf\u00f6r s\u00e5 kan du lyssna p\u00e5 programmet: Smakademien:&nbsp;https:\/\/itunes.apple.com\/se\/podcast\/smakademien\/id788301025?mt=2 Smakademien [&hellip;]<\/p>\n","protected":false},"author":2,"featured_media":18955,"comment_status":"open","ping_status":"closed","sticky":false,"template":"","format":"standard","meta":{"footnotes":""},"categories":[122,11803,114],"tags":[],"class_list":["post-18954","post","type-post","status-publish","format-standard","has-post-thumbnail","hentry","category-blogginlagg-om-ravaror","category-tips","category-varmt-valkommen"],"_links":{"self":[{"href":"https:\/\/katinkaskitchen.com\/index.php?rest_route=\/wp\/v2\/posts\/18954","targetHints":{"allow":["GET"]}}],"collection":[{"href":"https:\/\/katinkaskitchen.com\/index.php?rest_route=\/wp\/v2\/posts"}],"about":[{"href":"https:\/\/katinkaskitchen.com\/index.php?rest_route=\/wp\/v2\/types\/post"}],"author":[{"embeddable":true,"href":"https:\/\/katinkaskitchen.com\/index.php?rest_route=\/wp\/v2\/users\/2"}],"replies":[{"embeddable":true,"href":"https:\/\/katinkaskitchen.com\/index.php?rest_route=%2Fwp%2Fv2%2Fcomments&post=18954"}],"version-history":[{"count":5,"href":"https:\/\/katinkaskitchen.com\/index.php?rest_route=\/wp\/v2\/posts\/18954\/revisions"}],"predecessor-version":[{"id":31537,"href":"https:\/\/katinkaskitchen.com\/index.php?rest_route=\/wp\/v2\/posts\/18954\/revisions\/31537"}],"wp:featuredmedia":[{"embeddable":true,"href":"https:\/\/katinkaskitchen.com\/index.php?rest_route=\/wp\/v2\/media\/18955"}],"wp:attachment":[{"href":"https:\/\/katinkaskitchen.com\/index.php?rest_route=%2Fwp%2Fv2%2Fmedia&parent=18954"}],"wp:term":[{"taxonomy":"category","embeddable":true,"href":"https:\/\/katinkaskitchen.com\/index.php?rest_route=%2Fwp%2Fv2%2Fcategories&post=18954"},{"taxonomy":"post_tag","embeddable":true,"href":"https:\/\/katinkaskitchen.com\/index.php?rest_route=%2Fwp%2Fv2%2Ftags&post=18954"}],"curies":[{"name":"wp","href":"https:\/\/api.w.org\/{rel}","templated":true}]}}