{"id":19040,"date":"2017-01-11T03:00:58","date_gmt":"2017-01-11T03:00:58","guid":{"rendered":"http:\/\/katinkaskitchen.com\/?p=19040"},"modified":"2022-12-17T16:43:06","modified_gmt":"2022-12-17T15:43:06","slug":"kryddig-kyckling-m-mustig-sotpotatisgryta","status":"publish","type":"post","link":"https:\/\/katinkaskitchen.com\/?p=19040","title":{"rendered":"Kryddstekt kyckling med s\u00f6tpotatisgryta"},"content":{"rendered":"<h3><\/h3>\n<h3><img loading=\"lazy\" decoding=\"async\" class=\"alignright size-full wp-image-27792\" src=\"http:\/\/files.katinkaskitchen.com\/2017\/01\/fullsizeoutput_10bc.jpeg\" alt=\"\" width=\"960\" height=\"720\" srcset=\"https:\/\/files.katinkaskitchen.com\/2017\/01\/fullsizeoutput_10bc.jpeg 960w, https:\/\/files.katinkaskitchen.com\/2017\/01\/fullsizeoutput_10bc-150x113.jpeg 150w, https:\/\/files.katinkaskitchen.com\/2017\/01\/fullsizeoutput_10bc-300x225.jpeg 300w, https:\/\/files.katinkaskitchen.com\/2017\/01\/fullsizeoutput_10bc-768x576.jpeg 768w\" sizes=\"auto, (max-width: 960px) 100vw, 960px\" \/><\/h3>\n<h3><span style=\"text-decoration: underline\">Kryddstekt kyckling med mustig s\u00f6tpotatisgryta<\/span><\/h3>\n<h3><a href=\"http:\/\/files.katinkaskitchen.com\/2014\/02\/1526167_10152064754680857_2041460467_n.jpg\"><img loading=\"lazy\" decoding=\"async\" class=\"alignright size-medium wp-image-19245\" src=\"http:\/\/files.katinkaskitchen.com\/2014\/02\/1526167_10152064754680857_2041460467_n-300x225.jpg\" alt=\"1526167_10152064754680857_2041460467_n\" width=\"300\" height=\"225\" srcset=\"https:\/\/files.katinkaskitchen.com\/2014\/02\/1526167_10152064754680857_2041460467_n-300x225.jpg 300w, https:\/\/files.katinkaskitchen.com\/2014\/02\/1526167_10152064754680857_2041460467_n-150x112.jpg 150w, https:\/\/files.katinkaskitchen.com\/2014\/02\/1526167_10152064754680857_2041460467_n.jpg 960w\" sizes=\"auto, (max-width: 300px) 100vw, 300px\" \/><\/a><\/h3>\n<h3>Det h\u00e4r blev en h\u00e4rlig r\u00e4tt med sp\u00e4nnande smaker. Upprinnelsen var att jag hade l\u00e4st Lotta Lundgrens nya bok Tio Lektioner i Matlagning som jag f\u00e5tt i julklapp. Det \u00e4r en mycket bra och inspirerande bok som bland annat inspirerade mig att vidareutveckla indiska grytor jag gjort tidigare till denna s\u00f6tsyrliga gr\u00f6nsaksgryta p\u00e5 s\u00f6tpotatis, aubergine, zucchini och torkad aprikos med smak av lime, <img loading=\"lazy\" decoding=\"async\" class=\"alignright size-medium wp-image-27792\" src=\"http:\/\/files.katinkaskitchen.com\/2017\/01\/fullsizeoutput_10bc-300x225.jpeg\" alt=\"\" width=\"300\" height=\"225\" srcset=\"https:\/\/files.katinkaskitchen.com\/2017\/01\/fullsizeoutput_10bc-300x225.jpeg 300w, https:\/\/files.katinkaskitchen.com\/2017\/01\/fullsizeoutput_10bc-150x113.jpeg 150w, https:\/\/files.katinkaskitchen.com\/2017\/01\/fullsizeoutput_10bc-768x576.jpeg 768w, https:\/\/files.katinkaskitchen.com\/2017\/01\/fullsizeoutput_10bc.jpeg 960w\" sizes=\"auto, (max-width: 300px) 100vw, 300px\" \/>citron, apelsin och diverse exotiska kryddor inklusive saffran.<\/h3>\n<h3>Till serverade jag majskycklingbr\u00f6st som kryddats med en sp\u00e4nnande kryddblandning jag gjort sj\u00e4lv p\u00e5 stj\u00e4rnanis, kryddpeppar, svartpeppar, kanel, kardemumma, lite<br \/>\nanchochili och salt. Till serverade jag &nbsp;som en eftergift till de hungriga m\u00e4nnen i familjen ugnsrostad potatis i halvor, men det kanske passar \u00e4nnu b\u00e4ttre med ris, alternativt quinoa f\u00f6r extra antiiflammatoriskt, couscous eller bulgur.<a href=\"http:\/\/files.katinkaskitchen.com\/2014\/02\/1525222_10152064755580857_2003298811_n.jpg\"><img loading=\"lazy\" decoding=\"async\" class=\"alignright size-medium wp-image-19236\" src=\"http:\/\/files.katinkaskitchen.com\/2014\/02\/1525222_10152064755580857_2003298811_n-300x225.jpg\" alt=\"1525222_10152064755580857_2003298811_n\" width=\"300\" height=\"225\" srcset=\"https:\/\/files.katinkaskitchen.com\/2014\/02\/1525222_10152064755580857_2003298811_n-300x225.jpg 300w, https:\/\/files.katinkaskitchen.com\/2014\/02\/1525222_10152064755580857_2003298811_n-150x112.jpg 150w, https:\/\/files.katinkaskitchen.com\/2014\/02\/1525222_10152064755580857_2003298811_n.jpg 960w\" sizes=\"auto, (max-width: 300px) 100vw, 300px\" \/><\/a><\/h3>\n<h4><em>Du beh\u00f6ver f\u00f6r 4 personer:<\/em><\/h4>\n<h4><em>Till kycklingen:<\/em><\/h4>\n<p>4 majskycklingbr\u00f6st<\/p>\n<p>1 liten eller 1\/2 stj\u00e4rnanis<\/p>\n<p>10 kryddpepparkorn<\/p>\n<p>10 svartpepparkorn<\/p>\n<p>1 krm malen kanel<a href=\"http:\/\/files.katinkaskitchen.com\/2014\/02\/1613953_10152064755795857_2049534941_n.jpg\"><img loading=\"lazy\" decoding=\"async\" class=\"alignright size-medium wp-image-19237\" src=\"http:\/\/files.katinkaskitchen.com\/2014\/02\/1613953_10152064755795857_2049534941_n-300x225.jpg\" alt=\"1613953_10152064755795857_2049534941_n\" width=\"300\" height=\"225\" srcset=\"https:\/\/files.katinkaskitchen.com\/2014\/02\/1613953_10152064755795857_2049534941_n-300x225.jpg 300w, https:\/\/files.katinkaskitchen.com\/2014\/02\/1613953_10152064755795857_2049534941_n-150x112.jpg 150w, https:\/\/files.katinkaskitchen.com\/2014\/02\/1613953_10152064755795857_2049534941_n.jpg 960w\" sizes=\"auto, (max-width: 300px) 100vw, 300px\" \/><\/a><\/p>\n<p>1 krm malen kardemumma<\/p>\n<p>1 krm spiskummin<\/p>\n<p>1 krm malen anchochili<\/p>\n<p>1 krm malda korianderfr\u00f6n<\/p>\n<p>1\/2 tsk salt<\/p>\n<p>olivolja till stekning<a href=\"http:\/\/files.katinkaskitchen.com\/2014\/02\/1524591_10152064757630857_189907403_n.jpg\"><img loading=\"lazy\" decoding=\"async\" class=\"alignright size-medium wp-image-19238\" src=\"http:\/\/files.katinkaskitchen.com\/2014\/02\/1524591_10152064757630857_189907403_n-300x225.jpg\" alt=\"1524591_10152064757630857_189907403_n\" width=\"300\" height=\"225\" srcset=\"https:\/\/files.katinkaskitchen.com\/2014\/02\/1524591_10152064757630857_189907403_n-300x225.jpg 300w, https:\/\/files.katinkaskitchen.com\/2014\/02\/1524591_10152064757630857_189907403_n-150x112.jpg 150w, https:\/\/files.katinkaskitchen.com\/2014\/02\/1524591_10152064757630857_189907403_n.jpg 640w\" sizes=\"auto, (max-width: 300px) 100vw, 300px\" \/><\/a><\/p>\n<h4><em>Till gr\u00f6nsaksgrytan:<\/em><\/h4>\n<p>1 s\u00f6tpotatis, skalad och skuren i kuber<\/p>\n<p>1 zucchini, skalade och skuren i kuber<\/p>\n<p>1 aubergine, skalad och skuren i kuber<\/p>\n<p>200 gram torkade aprikoser, delade i kvartar<\/p>\n<p>1 gul l\u00f6k, skalad och hackad<\/p>\n<p>2 schalottenl\u00f6kar, skalade och finhackade<a href=\"http:\/\/files.katinkaskitchen.com\/2014\/02\/1526317_10152064755925857_398818616_n.jpg\"><img loading=\"lazy\" decoding=\"async\" class=\"alignright size-medium wp-image-19239\" src=\"http:\/\/files.katinkaskitchen.com\/2014\/02\/1526317_10152064755925857_398818616_n-300x225.jpg\" alt=\"1526317_10152064755925857_398818616_n\" width=\"300\" height=\"225\" srcset=\"https:\/\/files.katinkaskitchen.com\/2014\/02\/1526317_10152064755925857_398818616_n-300x225.jpg 300w, https:\/\/files.katinkaskitchen.com\/2014\/02\/1526317_10152064755925857_398818616_n-150x112.jpg 150w, https:\/\/files.katinkaskitchen.com\/2014\/02\/1526317_10152064755925857_398818616_n.jpg 960w\" sizes=\"auto, (max-width: 300px) 100vw, 300px\" \/><\/a><\/p>\n<p>6 vitl\u00f6ksklyftor, skalade och finhackade<\/p>\n<p>2 tsk gurkmeja<\/p>\n<p>1 paket saffran<\/p>\n<p>1\/2 tsk spiskummin<\/p>\n<p>1\/4 tsk mald koriander<\/p>\n<p>kyckling- och\/eller gr\u00f6nsaksbuljong, ganska koncentrerad<\/p>\n<p>salt och peppar<a href=\"http:\/\/files.katinkaskitchen.com\/2014\/02\/1000016_10152064757870857_171879544_n.jpg\"><img loading=\"lazy\" decoding=\"async\" class=\"alignright size-medium wp-image-19240\" src=\"http:\/\/files.katinkaskitchen.com\/2014\/02\/1000016_10152064757870857_171879544_n-300x225.jpg\" alt=\"1000016_10152064757870857_171879544_n\" width=\"300\" height=\"225\" srcset=\"https:\/\/files.katinkaskitchen.com\/2014\/02\/1000016_10152064757870857_171879544_n-300x225.jpg 300w, https:\/\/files.katinkaskitchen.com\/2014\/02\/1000016_10152064757870857_171879544_n-150x112.jpg 150w, https:\/\/files.katinkaskitchen.com\/2014\/02\/1000016_10152064757870857_171879544_n.jpg 960w\" sizes=\"auto, (max-width: 300px) 100vw, 300px\" \/><\/a><\/p>\n<p>saft och finrivet skal fr\u00e5n 2 ekologiska citroner<\/p>\n<p>saft fr\u00e5n 1-2 apelsiner<\/p>\n<p>saft fr\u00e5n 1-2 lime<\/p>\n<p>olivolja till stekning<\/p>\n<p>lite chili om man vill<\/p>\n<h4><em>G\u00f6r s\u00e5 h\u00e4r:<\/em><a href=\"http:\/\/files.katinkaskitchen.com\/2014\/02\/2146739.jpg\"><img loading=\"lazy\" decoding=\"async\" class=\"alignright size-medium wp-image-19241\" src=\"http:\/\/files.katinkaskitchen.com\/2014\/02\/2146739-300x225.jpg\" alt=\"2146739\" width=\"300\" height=\"225\" srcset=\"https:\/\/files.katinkaskitchen.com\/2014\/02\/2146739-300x225.jpg 300w, https:\/\/files.katinkaskitchen.com\/2014\/02\/2146739-150x112.jpg 150w, https:\/\/files.katinkaskitchen.com\/2014\/02\/2146739.jpg 500w\" sizes=\"auto, (max-width: 300px) 100vw, 300px\" \/><\/a><\/h4>\n<p>B\u00f6rja med grytan, men ta fram kycklingfil\u00e9erna s\u00e5 de blir rumstempererade under tiden.<\/p>\n<p>Stek l\u00f6k och vitl\u00f6k mjuk i oljan. Tills\u00e4tt f\u00f6rst ingef\u00e4ra och chili, l\u00e5t steka ett tag innan du tills\u00e4tter alla kryddor utom den f\u00e4rska koriandern. Om saffranet har l\u00e5nga str\u00e5n \u00e4r det b\u00e4st att mortla dem med lite salt innan du tills\u00e4tter det. Du kan beh\u00f6va lite extra olja h\u00e4r. L\u00e4gg i s\u00f6tpotatisen, auberginen och zucchinin och l\u00e5t steka med ett litet tag innan du l\u00e4gger i aprikoserna och h\u00e4ller p\u00e5 buljongen samt apelsin- lime- och citronjuice samt skal. L\u00e5t puttra s\u00e5 att det blir mjukt och en del av v\u00e4tskan reduceras bort. Under tiden tar du dig an kycklingen och potatis eller det tillbeh\u00f6r du valt.<\/p>\n<p>Mortla kryddorna till den h\u00e4rligt aromatiska kryddblandningen till kycklingen tillsammans med saltet. Gnid in kycklingfil\u00e9erna med kryddblandningen. H\u00e4ll lite olja p\u00e5 och l\u00e4gg kycklingfil\u00e9erna i stekpanna p\u00e5 ganska h\u00f6g v\u00e4rme. L\u00e5t dem steka s\u00e5 de tar lagom f\u00e4rg p\u00e5 varje sida. L\u00e4gg dem sedan i en ugnsfast form som du st\u00e4ller in i ugnen, antingen samtidigt som potatishalvorna eller f\u00f6r sig sj\u00e4lva och d\u00e5 p\u00e5 lite l\u00e4gre temperatur, s\u00e5 de blir saftiga och fina. Kycklingen \u00e4r klar n\u00e4r saften som kommer ur n\u00e4r du sticker i den \u00e4r helt klar, inte rosa.<\/p>\n<p>Koka din couscous eller bulgur, om du vill servera det till.<\/p>\n<p>Precis innan servering str\u00f6r du rikligt med hackad f\u00e4rsk koriander \u00f6ver s\u00f6tpotatisgrytan. Servera!<\/p>\n<p>Bon app\u00e9tit \u00f6nskas med v\u00e4nliga matglada h\u00e4lsningar fr\u00e5n Katinkas Kitchen!<\/p>\n<p>Katinka Hammarski\u00f6ld<\/p>\n<p>katinka.hammarskiold@hotmail.com<\/p>\n<p>www.katinkaskitchen.com<\/p>\n<p>&nbsp;<\/p>\n<p>&nbsp;<\/p>\n","protected":false},"excerpt":{"rendered":"<p>Kryddstekt kyckling med mustig s\u00f6tpotatisgryta Det h\u00e4r blev en h\u00e4rlig r\u00e4tt med sp\u00e4nnande smaker. Upprinnelsen var att jag hade l\u00e4st Lotta Lundgrens nya bok Tio Lektioner i Matlagning som jag f\u00e5tt i julklapp. Det \u00e4r en mycket bra och inspirerande bok som bland annat inspirerade mig att vidareutveckla indiska grytor [&hellip;]<\/p>\n","protected":false},"author":5,"featured_media":19236,"comment_status":"open","ping_status":"closed","sticky":false,"template":"","format":"standard","meta":{"footnotes":""},"categories":[4007,11801,4041,11784,4028,11800,79,11782,11768],"tags":[],"class_list":["post-19040","post","type-post","status-publish","format-standard","has-post-thumbnail","hentry","category-apelsiner","category-aprikos","category-aubergineaggplanta","category-ayurvediskt","category-grytor","category-koriander-fron","category-kyckling","category-nyttig-mat","category-sotpotatis"],"_links":{"self":[{"href":"https:\/\/katinkaskitchen.com\/index.php?rest_route=\/wp\/v2\/posts\/19040","targetHints":{"allow":["GET"]}}],"collection":[{"href":"https:\/\/katinkaskitchen.com\/index.php?rest_route=\/wp\/v2\/posts"}],"about":[{"href":"https:\/\/katinkaskitchen.com\/index.php?rest_route=\/wp\/v2\/types\/post"}],"author":[{"embeddable":true,"href":"https:\/\/katinkaskitchen.com\/index.php?rest_route=\/wp\/v2\/users\/5"}],"replies":[{"embeddable":true,"href":"https:\/\/katinkaskitchen.com\/index.php?rest_route=%2Fwp%2Fv2%2Fcomments&post=19040"}],"version-history":[{"count":20,"href":"https:\/\/katinkaskitchen.com\/index.php?rest_route=\/wp\/v2\/posts\/19040\/revisions"}],"predecessor-version":[{"id":31307,"href":"https:\/\/katinkaskitchen.com\/index.php?rest_route=\/wp\/v2\/posts\/19040\/revisions\/31307"}],"wp:featuredmedia":[{"embeddable":true,"href":"https:\/\/katinkaskitchen.com\/index.php?rest_route=\/wp\/v2\/media\/19236"}],"wp:attachment":[{"href":"https:\/\/katinkaskitchen.com\/index.php?rest_route=%2Fwp%2Fv2%2Fmedia&parent=19040"}],"wp:term":[{"taxonomy":"category","embeddable":true,"href":"https:\/\/katinkaskitchen.com\/index.php?rest_route=%2Fwp%2Fv2%2Fcategories&post=19040"},{"taxonomy":"post_tag","embeddable":true,"href":"https:\/\/katinkaskitchen.com\/index.php?rest_route=%2Fwp%2Fv2%2Ftags&post=19040"}],"curies":[{"name":"wp","href":"https:\/\/api.w.org\/{rel}","templated":true}]}}