{"id":19603,"date":"2019-02-14T03:00:19","date_gmt":"2019-02-14T03:00:19","guid":{"rendered":"http:\/\/katinkaskitchen.com\/?p=19603"},"modified":"2022-12-13T12:56:50","modified_gmt":"2022-12-13T11:56:50","slug":"happy-valentine","status":"publish","type":"post","link":"https:\/\/katinkaskitchen.com\/?p=19603","title":{"rendered":"Menyf\u00f6rslag till Alla Hj\u00e4rtansdag!"},"content":{"rendered":"<h3><a href=\"http:\/\/files.katinkaskitchen.com\/2012\/08\/roses-on-table-1-Katinkas-Kitchen.jpg\"><img loading=\"lazy\" decoding=\"async\" class=\"alignright size-medium wp-image-12842\" src=\"http:\/\/files.katinkaskitchen.com\/2012\/08\/roses-on-table-1-Katinkas-Kitchen-300x225.jpg\" alt=\"roses on table 1 Katinkas Kitchen\" width=\"300\" height=\"225\" srcset=\"https:\/\/files.katinkaskitchen.com\/2012\/08\/roses-on-table-1-Katinkas-Kitchen-300x225.jpg 300w, https:\/\/files.katinkaskitchen.com\/2012\/08\/roses-on-table-1-Katinkas-Kitchen-150x112.jpg 150w, https:\/\/files.katinkaskitchen.com\/2012\/08\/roses-on-table-1-Katinkas-Kitchen-1024x768.jpg 1024w\" sizes=\"auto, (max-width: 300px) 100vw, 300px\" \/><\/a><\/h3>\n<h3>Alla Hj\u00e4rtans Dag m\u00e5 vara en kommersiell h\u00f6gtid som m\u00e5nga inte har s\u00e5 mycket till \u00f6vers f\u00f6r. &nbsp;Vare sig man vill ge en present eller inte beh\u00f6ver vi mat. Jag tycker att en god m\u00e5ltid, lagad tillsammans eller \u00e5t sin k\u00e4resta, familjen eller flera \u00e4r ett utm\u00e4rkt s\u00e4tt att visa sin uppskattning och k\u00e4rlek. Man kan ju \u00e4ven laga en riktigt god k\u00e4rleksfull m\u00e5ltid till sig sj\u00e4lv en dag som denna.<\/h3>\n<h3>H\u00e4r nedan kommer tv\u00e5 menyf\u00f6rslag till l\u00e4ttlagad god Alla Hj\u00e4rtans-middag. Och vackra hj\u00e4rtekakor p\u00e5 mandelbotten som doppats i vit choklad f\u00e4rgad med n\u00e5gra droppar r\u00f6d karamellf\u00e4rg. Men ta bara n\u00e5gra <a href=\"http:\/\/files.katinkaskitchen.com\/2014\/02\/21707961.jpg\"><img loading=\"lazy\" decoding=\"async\" class=\"alignright size-medium wp-image-19605\" src=\"http:\/\/files.katinkaskitchen.com\/2014\/02\/21707961-225x300.jpg\" alt=\"2170796\" width=\"225\" height=\"300\" srcset=\"https:\/\/files.katinkaskitchen.com\/2014\/02\/21707961-225x300.jpg 225w, https:\/\/files.katinkaskitchen.com\/2014\/02\/21707961-112x150.jpg 112w, https:\/\/files.katinkaskitchen.com\/2014\/02\/21707961.jpg 375w\" sizes=\"auto, (max-width: 225px) 100vw, 225px\" \/><\/a>droppar! Jag t\u00e4nkte g\u00f6ra b\u00e5de rosa och lite r\u00f6dare hj\u00e4rtan, och uppt\u00e4ckte att n\u00e4r jag h\u00e4llde i mer karamellf\u00e4rg blev chokladen som en tjock geggig kristyr och helt om\u00f6jlig att arbeta med utan en smal sprits, d\u00e4rav utseendet:)<\/h3>\n<p>&nbsp;<\/p>\n<h3><span style=\"text-decoration: underline\">Meny I:<\/span><\/h3>\n<h3>Laxtartar med avokado och salladsl\u00f6k<\/h3>\n<h3>Kyckling med ljuvlig citrons\u00e5s och rostade rotfrukter<\/h3>\n<h3>Chokladmousse med eller utan hallon<img loading=\"lazy\" decoding=\"async\" class=\"alignright size-medium wp-image-18146\" src=\"http:\/\/files.katinkaskitchen.com\/2013\/10\/1381978_10151903718320857_2065266410_n-300x224.jpg\" alt=\"1381978_10151903718320857_2065266410_n\" width=\"300\" height=\"224\" srcset=\"https:\/\/files.katinkaskitchen.com\/2013\/10\/1381978_10151903718320857_2065266410_n-300x224.jpg 300w, https:\/\/files.katinkaskitchen.com\/2013\/10\/1381978_10151903718320857_2065266410_n-150x112.jpg 150w, https:\/\/files.katinkaskitchen.com\/2013\/10\/1381978_10151903718320857_2065266410_n.jpg 642w\" sizes=\"auto, (max-width: 300px) 100vw, 300px\" \/><\/h3>\n<p>&nbsp;<\/p>\n<h3><span style=\"text-decoration: underline\">Meny II:<\/span><\/h3>\n<h3>Pilgrimsmusslor p\u00e5 salladsb\u00e4dd med asiatisk dressing<\/h3>\n<h3>Kramiga r\u00e4kor med \u00e4rtor och ris<\/h3>\n<h3>K\u00f6rsb\u00e4rspannacotta<img loading=\"lazy\" decoding=\"async\" class=\"alignright size-medium wp-image-19392\" src=\"http:\/\/files.katinkaskitchen.com\/2014\/01\/1531593_815047805187447_1284273984_n-300x225.jpg\" alt=\"1531593_815047805187447_1284273984_n\" width=\"300\" height=\"225\" srcset=\"https:\/\/files.katinkaskitchen.com\/2014\/01\/1531593_815047805187447_1284273984_n-300x225.jpg 300w, https:\/\/files.katinkaskitchen.com\/2014\/01\/1531593_815047805187447_1284273984_n-150x112.jpg 150w, https:\/\/files.katinkaskitchen.com\/2014\/01\/1531593_815047805187447_1284273984_n.jpg 960w\" sizes=\"auto, (max-width: 300px) 100vw, 300px\" \/><\/h3>\n<h3><\/h3>\n<h3>Recepten finner du genom att s\u00f6ka p\u00e5 dem i s\u00f6krutan uppe till h\u00f6ger eller s\u00e5 g\u00e5r du helt enkelt in i kategorin &#8221;Valentine &#8211; Alla Hj\u00e4rtans Dag&#8221; i kolumnen h\u00e4r till h\u00f6ger d\u00e4r du d\u00e5 ocks\u00e5 f\u00e5r fram en hel del andra h\u00e4rliga recept som passar denna dag.<\/h3>\n<h3>Kakorna g\u00f6r du genom att s\u00f6ka p\u00e5 mandelbotten i s\u00f6krutan uppe till h\u00f6ger, g\u00f6ra bara den i st\u00e4llet f\u00f6r hela mousset\u00e5rtan, stansa ut hj\u00e4rtan som du sedan doppar i sm\u00e4lt vit choklad f\u00e4rgad med karamellf\u00e4rg.<br \/>\nDekorera med str\u00f6ssel och chokladhj\u00e4rtan.<img loading=\"lazy\" decoding=\"async\" class=\"alignright size-medium wp-image-26473\" src=\"http:\/\/files.katinkaskitchen.com\/2017\/02\/IMG_1651-300x225.jpg\" alt=\"\" width=\"300\" height=\"225\" srcset=\"https:\/\/files.katinkaskitchen.com\/2017\/02\/IMG_1651-300x225.jpg 300w, https:\/\/files.katinkaskitchen.com\/2017\/02\/IMG_1651-150x113.jpg 150w, https:\/\/files.katinkaskitchen.com\/2017\/02\/IMG_1651-768x576.jpg 768w, https:\/\/files.katinkaskitchen.com\/2017\/02\/IMG_1651-1024x768.jpg 1024w\" sizes=\"auto, (max-width: 300px) 100vw, 300px\" \/><\/h3>\n<h3>En riktigt trevlig Alla Hj\u00e4rtans Dag \u00f6nskar jag alla&nbsp;&#8211; full av k\u00e4rlek och magi!<\/h3>\n<h3>Med k\u00e4rleksfulla matglada h\u00e4lsningar fr\u00e5n Katinkas Kitchen!<\/h3>\n<p>Katinka Hammarski\u00f6ld<\/p>\n<p>katinka.hammarskiold@hotmail.com<\/p>\n<p>www.katinkaskitchen.com<\/p>\n<p>&nbsp;<\/p>\n<p>&nbsp;<\/p>\n<p>&nbsp;<\/p>\n","protected":false},"excerpt":{"rendered":"<p>Alla Hj\u00e4rtans Dag m\u00e5 vara en kommersiell h\u00f6gtid som m\u00e5nga inte har s\u00e5 mycket till \u00f6vers f\u00f6r. &nbsp;Vare sig man vill ge en present eller inte beh\u00f6ver vi mat. Jag tycker att en god m\u00e5ltid, lagad tillsammans eller \u00e5t sin k\u00e4resta, familjen eller flera \u00e4r ett utm\u00e4rkt s\u00e4tt att visa [&hellip;]<\/p>\n","protected":false},"author":5,"featured_media":26473,"comment_status":"open","ping_status":"closed","sticky":false,"template":"","format":"standard","meta":{"footnotes":""},"categories":[4033,11744],"tags":[],"class_list":["post-19603","post","type-post","status-publish","format-standard","has-post-thumbnail","hentry","category-festmenyer","category-valentine"],"_links":{"self":[{"href":"https:\/\/katinkaskitchen.com\/index.php?rest_route=\/wp\/v2\/posts\/19603","targetHints":{"allow":["GET"]}}],"collection":[{"href":"https:\/\/katinkaskitchen.com\/index.php?rest_route=\/wp\/v2\/posts"}],"about":[{"href":"https:\/\/katinkaskitchen.com\/index.php?rest_route=\/wp\/v2\/types\/post"}],"author":[{"embeddable":true,"href":"https:\/\/katinkaskitchen.com\/index.php?rest_route=\/wp\/v2\/users\/5"}],"replies":[{"embeddable":true,"href":"https:\/\/katinkaskitchen.com\/index.php?rest_route=%2Fwp%2Fv2%2Fcomments&post=19603"}],"version-history":[{"count":13,"href":"https:\/\/katinkaskitchen.com\/index.php?rest_route=\/wp\/v2\/posts\/19603\/revisions"}],"predecessor-version":[{"id":30562,"href":"https:\/\/katinkaskitchen.com\/index.php?rest_route=\/wp\/v2\/posts\/19603\/revisions\/30562"}],"wp:featuredmedia":[{"embeddable":true,"href":"https:\/\/katinkaskitchen.com\/index.php?rest_route=\/wp\/v2\/media\/26473"}],"wp:attachment":[{"href":"https:\/\/katinkaskitchen.com\/index.php?rest_route=%2Fwp%2Fv2%2Fmedia&parent=19603"}],"wp:term":[{"taxonomy":"category","embeddable":true,"href":"https:\/\/katinkaskitchen.com\/index.php?rest_route=%2Fwp%2Fv2%2Fcategories&post=19603"},{"taxonomy":"post_tag","embeddable":true,"href":"https:\/\/katinkaskitchen.com\/index.php?rest_route=%2Fwp%2Fv2%2Ftags&post=19603"}],"curies":[{"name":"wp","href":"https:\/\/api.w.org\/{rel}","templated":true}]}}