{"id":19734,"date":"2014-02-25T03:05:44","date_gmt":"2014-02-25T03:05:44","guid":{"rendered":"http:\/\/katinkaskitchen.com\/?p=19734"},"modified":"2022-12-13T12:07:32","modified_gmt":"2022-12-13T11:07:32","slug":"grapefrukt","status":"publish","type":"post","link":"https:\/\/katinkaskitchen.com\/?p=19734","title":{"rendered":"Grapefrukt!"},"content":{"rendered":"<h3><span style=\"font-size: 1.17em\">Jag hade ju n\u00e4stan gl\u00f6mt att det \u00e4r grapefruktens dag idag, med min el\u00e4ndiga bih\u00e5leinflammation h\u00e4r i Alperna. F\u00f6r ett tag sedan k\u00e4nde jag inte till att Florida Grapefrukt har utlyst 25 februari till just grapefruktens dag. Jag m\u00e5ste s\u00e4ga att <a href=\"http:\/\/files.katinkaskitchen.com\/2014\/02\/2183750.jpg\"><img loading=\"lazy\" decoding=\"async\" class=\"alignright size-medium wp-image-19738\" src=\"http:\/\/files.katinkaskitchen.com\/2014\/02\/2183750-225x300.jpg\" alt=\"2183750\" width=\"225\" height=\"300\" srcset=\"https:\/\/files.katinkaskitchen.com\/2014\/02\/2183750-225x300.jpg 225w, https:\/\/files.katinkaskitchen.com\/2014\/02\/2183750-112x150.jpg 112w, https:\/\/files.katinkaskitchen.com\/2014\/02\/2183750.jpg 375w\" sizes=\"auto, (max-width: 225px) 100vw, 225px\" \/><\/a>jag \u00e4lskar grapefrukt! Allra helst ros\u00e9 &#8211; f\u00e4rsk eller i form av juice. Utomlands hittar jag ibland Tropicana pink grapefruit, men jag har aldrig sett den hemma. Jag misst\u00e4nker att de odlat fram en s\u00e4rdeles s\u00f6t delikat version som \u00e4r alldeles underbar, \u00e4ven om jag faktiskt gillar grapefruktens lite k\u00e4rva smak.<\/span><\/h3>\n<h3>Eftersom jag gl\u00f6mde \u00e4ta grapefrukt i morse festar jag och sonen p\u00e5 varsin &#8221;after-ski&#8221;-grapefrukt. Nyttigt \u00e4r det ju ocks\u00e5, passar bra f\u00f6r att bli frisk s\u00e5 jag kan \u00e5ka med resten av familjen i morgon. I morgon blir det mer grapefrukt till frukosten!<\/h3>\n<p>Med v\u00e4nliga mat- och grapefruktglada h\u00e4lsningar fr\u00e5n Katinkas Kitchen!<\/p>\n<p>Katinka Hammarski\u00f6ld<\/p>\n<p>katinka.hammarskiold@hotmail.com<a href=\"http:\/\/files.katinkaskitchen.com\/2014\/02\/2183751.jpg\"><img loading=\"lazy\" decoding=\"async\" class=\"alignright size-medium wp-image-19739\" src=\"http:\/\/files.katinkaskitchen.com\/2014\/02\/2183751-300x225.jpg\" alt=\"2183751\" width=\"300\" height=\"225\" srcset=\"https:\/\/files.katinkaskitchen.com\/2014\/02\/2183751-300x225.jpg 300w, https:\/\/files.katinkaskitchen.com\/2014\/02\/2183751-150x112.jpg 150w, https:\/\/files.katinkaskitchen.com\/2014\/02\/2183751.jpg 500w\" sizes=\"auto, (max-width: 300px) 100vw, 300px\" \/><\/a><\/p>\n<p>www.katinkaskitchen.com<a href=\"http:\/\/files.katinkaskitchen.com\/2014\/02\/2183752.jpg\"><img loading=\"lazy\" decoding=\"async\" class=\"alignright size-medium wp-image-19737\" src=\"http:\/\/files.katinkaskitchen.com\/2014\/02\/2183752-225x300.jpg\" alt=\"2183752\" width=\"225\" height=\"300\" srcset=\"https:\/\/files.katinkaskitchen.com\/2014\/02\/2183752-225x300.jpg 225w, https:\/\/files.katinkaskitchen.com\/2014\/02\/2183752-112x150.jpg 112w, https:\/\/files.katinkaskitchen.com\/2014\/02\/2183752.jpg 375w\" sizes=\"auto, (max-width: 225px) 100vw, 225px\" \/><\/a><\/p>\n","protected":false},"excerpt":{"rendered":"<p>Jag hade ju n\u00e4stan gl\u00f6mt att det \u00e4r grapefruktens dag idag, med min el\u00e4ndiga bih\u00e5leinflammation h\u00e4r i Alperna. F\u00f6r ett tag sedan k\u00e4nde jag inte till att Florida Grapefrukt har utlyst 25 februari till just grapefruktens dag. Jag m\u00e5ste s\u00e4ga att jag \u00e4lskar grapefrukt! Allra helst ros\u00e9 &#8211; f\u00e4rsk eller [&hellip;]<\/p>\n","protected":false},"author":5,"featured_media":19738,"comment_status":"open","ping_status":"closed","sticky":false,"template":"","format":"standard","meta":{"footnotes":""},"categories":[4007,4026,11759,122,11747],"tags":[],"class_list":["post-19734","post","type-post","status-publish","format-standard","has-post-thumbnail","hentry","category-apelsiner","category-brunch","category-frukost","category-blogginlagg-om-ravaror","category-vegetariskt"],"_links":{"self":[{"href":"https:\/\/katinkaskitchen.com\/index.php?rest_route=\/wp\/v2\/posts\/19734","targetHints":{"allow":["GET"]}}],"collection":[{"href":"https:\/\/katinkaskitchen.com\/index.php?rest_route=\/wp\/v2\/posts"}],"about":[{"href":"https:\/\/katinkaskitchen.com\/index.php?rest_route=\/wp\/v2\/types\/post"}],"author":[{"embeddable":true,"href":"https:\/\/katinkaskitchen.com\/index.php?rest_route=\/wp\/v2\/users\/5"}],"replies":[{"embeddable":true,"href":"https:\/\/katinkaskitchen.com\/index.php?rest_route=%2Fwp%2Fv2%2Fcomments&post=19734"}],"version-history":[{"count":5,"href":"https:\/\/katinkaskitchen.com\/index.php?rest_route=\/wp\/v2\/posts\/19734\/revisions"}],"predecessor-version":[{"id":36021,"href":"https:\/\/katinkaskitchen.com\/index.php?rest_route=\/wp\/v2\/posts\/19734\/revisions\/36021"}],"wp:featuredmedia":[{"embeddable":true,"href":"https:\/\/katinkaskitchen.com\/index.php?rest_route=\/wp\/v2\/media\/19738"}],"wp:attachment":[{"href":"https:\/\/katinkaskitchen.com\/index.php?rest_route=%2Fwp%2Fv2%2Fmedia&parent=19734"}],"wp:term":[{"taxonomy":"category","embeddable":true,"href":"https:\/\/katinkaskitchen.com\/index.php?rest_route=%2Fwp%2Fv2%2Fcategories&post=19734"},{"taxonomy":"post_tag","embeddable":true,"href":"https:\/\/katinkaskitchen.com\/index.php?rest_route=%2Fwp%2Fv2%2Ftags&post=19734"}],"curies":[{"name":"wp","href":"https:\/\/api.w.org\/{rel}","templated":true}]}}