{"id":19913,"date":"2014-03-23T03:00:46","date_gmt":"2014-03-23T03:00:46","guid":{"rendered":"http:\/\/katinkaskitchen.com\/?p=19913"},"modified":"2022-12-13T12:04:29","modified_gmt":"2022-12-13T11:04:29","slug":"gor-mumsiga-vafflor","status":"publish","type":"post","link":"https:\/\/katinkaskitchen.com\/?p=19913","title":{"rendered":"G\u00f6r mumsiga v\u00e5fflor!"},"content":{"rendered":"<h3><a href=\"http:\/\/files.katinkaskitchen.com\/2014\/03\/IMG_2132.jpg\"><img loading=\"lazy\" decoding=\"async\" class=\"alignright size-medium wp-image-19915\" alt=\"IMG_2132\" src=\"http:\/\/files.katinkaskitchen.com\/2014\/03\/IMG_2132-300x225.jpg\" width=\"300\" height=\"225\" srcset=\"https:\/\/files.katinkaskitchen.com\/2014\/03\/IMG_2132-300x225.jpg 300w, https:\/\/files.katinkaskitchen.com\/2014\/03\/IMG_2132-150x112.jpg 150w, https:\/\/files.katinkaskitchen.com\/2014\/03\/IMG_2132.jpg 640w\" sizes=\"auto, (max-width: 300px) 100vw, 300px\" \/><\/a><\/h3>\n<h3>Idag \u00e4r det v\u00e5ffeldagen, och jag tycker att ni ska passa p\u00e5 att servera v\u00e5fflor &#8211; till efterr\u00e4tt eller p\u00e5 eftermiddagen med kaffe kanske.<\/h3>\n<h3>Jag skrev om v\u00e5fflor i fredags d\u00e5 \u00e4ven mitt favoritrecept, Hirams gamla recept p\u00e5 frasv\u00e5fflor som st\u00e5r sig mer \u00e4n v\u00e4l \u00e4n i dag, publicerades. Servera dem med sylt, r\u00e5r\u00f6rda b\u00e4r eller kanske som salta sm\u00e5 matiga bitar med cr\u00e8me fra\u00eeche och lax och\/eller laxrom, forellrom, stenbitsrom eller rentav l\u00f6jrom tillsammans med lite finhackad r\u00f6d- eller schalottenl\u00f6k. Endast fantasin s\u00e4tter gr\u00e4nser.<\/h3>\n<h3>Mycket h\u00e4rlig v\u00e5ffelnjutning \u00f6nskas med v\u00e4nliga matglada h\u00e4lsningar fr\u00e5n Katinkas Kitchen!<a href=\"http:\/\/files.katinkaskitchen.com\/2014\/03\/IMG_2110.jpg\"><img loading=\"lazy\" decoding=\"async\" class=\"alignright size-medium wp-image-19879\" alt=\"IMG_2110\" src=\"http:\/\/files.katinkaskitchen.com\/2014\/03\/IMG_2110-300x225.jpg\" width=\"300\" height=\"225\" srcset=\"https:\/\/files.katinkaskitchen.com\/2014\/03\/IMG_2110-300x225.jpg 300w, https:\/\/files.katinkaskitchen.com\/2014\/03\/IMG_2110-150x112.jpg 150w, https:\/\/files.katinkaskitchen.com\/2014\/03\/IMG_2110.jpg 640w\" sizes=\"auto, (max-width: 300px) 100vw, 300px\" \/><\/a><a href=\"http:\/\/files.katinkaskitchen.com\/2012\/06\/vafflor-2-Katinkas-Kitchen.jpg\"><img loading=\"lazy\" decoding=\"async\" class=\"alignright size-medium wp-image-11397\" alt=\"vafflor 2 Katinkas Kitchen\" src=\"http:\/\/files.katinkaskitchen.com\/2012\/06\/vafflor-2-Katinkas-Kitchen-300x225.jpg\" width=\"300\" height=\"225\" srcset=\"https:\/\/files.katinkaskitchen.com\/2012\/06\/vafflor-2-Katinkas-Kitchen-300x225.jpg 300w, https:\/\/files.katinkaskitchen.com\/2012\/06\/vafflor-2-Katinkas-Kitchen-150x112.jpg 150w, https:\/\/files.katinkaskitchen.com\/2012\/06\/vafflor-2-Katinkas-Kitchen.jpg 640w\" sizes=\"auto, (max-width: 300px) 100vw, 300px\" \/><\/a><\/h3>\n<p>Katinka Hammarski\u00f6ld<\/p>\n<p>katinka.hammarskiold@hotmail.com<\/p>\n<p>www.katinkaskitchen.com<\/p>\n","protected":false},"excerpt":{"rendered":"<p>Idag \u00e4r det v\u00e5ffeldagen, och jag tycker att ni ska passa p\u00e5 att servera v\u00e5fflor &#8211; till efterr\u00e4tt eller p\u00e5 eftermiddagen med kaffe kanske. Jag skrev om v\u00e5fflor i fredags d\u00e5 \u00e4ven mitt favoritrecept, Hirams gamla recept p\u00e5 frasv\u00e5fflor som st\u00e5r sig mer \u00e4n v\u00e4l \u00e4n i dag, publicerades. Servera [&hellip;]<\/p>\n","protected":false},"author":2,"featured_media":19915,"comment_status":"open","ping_status":"closed","sticky":false,"template":"","format":"standard","meta":{"footnotes":""},"categories":[4038],"tags":[],"class_list":["post-19913","post","type-post","status-publish","format-standard","has-post-thumbnail","hentry","category-vafflor"],"_links":{"self":[{"href":"https:\/\/katinkaskitchen.com\/index.php?rest_route=\/wp\/v2\/posts\/19913","targetHints":{"allow":["GET"]}}],"collection":[{"href":"https:\/\/katinkaskitchen.com\/index.php?rest_route=\/wp\/v2\/posts"}],"about":[{"href":"https:\/\/katinkaskitchen.com\/index.php?rest_route=\/wp\/v2\/types\/post"}],"author":[{"embeddable":true,"href":"https:\/\/katinkaskitchen.com\/index.php?rest_route=\/wp\/v2\/users\/2"}],"replies":[{"embeddable":true,"href":"https:\/\/katinkaskitchen.com\/index.php?rest_route=%2Fwp%2Fv2%2Fcomments&post=19913"}],"version-history":[{"count":4,"href":"https:\/\/katinkaskitchen.com\/index.php?rest_route=\/wp\/v2\/posts\/19913\/revisions"}],"predecessor-version":[{"id":36015,"href":"https:\/\/katinkaskitchen.com\/index.php?rest_route=\/wp\/v2\/posts\/19913\/revisions\/36015"}],"wp:featuredmedia":[{"embeddable":true,"href":"https:\/\/katinkaskitchen.com\/index.php?rest_route=\/wp\/v2\/media\/19915"}],"wp:attachment":[{"href":"https:\/\/katinkaskitchen.com\/index.php?rest_route=%2Fwp%2Fv2%2Fmedia&parent=19913"}],"wp:term":[{"taxonomy":"category","embeddable":true,"href":"https:\/\/katinkaskitchen.com\/index.php?rest_route=%2Fwp%2Fv2%2Fcategories&post=19913"},{"taxonomy":"post_tag","embeddable":true,"href":"https:\/\/katinkaskitchen.com\/index.php?rest_route=%2Fwp%2Fv2%2Ftags&post=19913"}],"curies":[{"name":"wp","href":"https:\/\/api.w.org\/{rel}","templated":true}]}}