{"id":19939,"date":"2014-04-05T03:00:27","date_gmt":"2014-04-05T03:00:27","guid":{"rendered":"http:\/\/katinkaskitchen.com\/?p=19939"},"modified":"2022-12-13T12:03:30","modified_gmt":"2022-12-13T11:03:30","slug":"nyoppnad-restaurang-och-bar-i-nobishotell-miss-clara","status":"publish","type":"post","link":"https:\/\/katinkaskitchen.com\/?p=19939","title":{"rendered":"Ny\u00f6ppnat Nobishotell"},"content":{"rendered":"<h3><a href=\"http:\/\/files.katinkaskitchen.com\/2014\/04\/2222208.jpg\"><img loading=\"lazy\" decoding=\"async\" class=\"alignright size-medium wp-image-19942\" alt=\"2222208\" src=\"http:\/\/files.katinkaskitchen.com\/2014\/04\/2222208-225x300.jpg\" width=\"225\" height=\"300\" srcset=\"https:\/\/files.katinkaskitchen.com\/2014\/04\/2222208-225x300.jpg 225w, https:\/\/files.katinkaskitchen.com\/2014\/04\/2222208-112x150.jpg 112w, https:\/\/files.katinkaskitchen.com\/2014\/04\/2222208.jpg 375w\" sizes=\"auto, (max-width: 225px) 100vw, 225px\" \/><\/a><\/h3>\n<h3>Ig\u00e5r slog ett nytt hotell med restaurang och bar upp portarna d\u00e5 Nobiskoncernen \u00f6ppnade Miss Clara p\u00e5 Sveav\u00e4gen 48. Den anrika jugendfastigheten som tidigare inrymt en flickskola har genomg\u00e5tt en p\u00e5 samma g\u00e5ng modig och varsam renovering under Gert Wing\u00e5rdhs ledning.<\/h3>\n<h3>Denne namnkunnige arkitekt ber\u00e4ttar hur han dels velat knyta ihop fastighetens gamla vackra jugendkarakt\u00e4r med det nyare modernare, hela tiden med ett medvetet t\u00e4nkande. Detta g\u00e4ller s\u00e5v\u00e4l materialval som \u00e4r t\u00e4nkta att h\u00e5lla l\u00e4nge och \u00e5ldras vackert, s\u00e5som kalksten och m\u00f6rkbetsad fiskbensparkett, men \u00e4ven det funktionella som hur han sj\u00e4lv beter sig p\u00e5 hotell och brukar sakna. Varje rum har d\u00e4rf\u00f6r en kl\u00e4dh\u00e4ngare f\u00f6r kavajen vid s\u00e4ngens fot\u00e4nda och en kudde f\u00f6r datorn att ha p\u00e5 magen i <a href=\"http:\/\/files.katinkaskitchen.com\/2014\/04\/2222207.jpg\"><img loading=\"lazy\" decoding=\"async\" class=\"alignright size-medium wp-image-19944\" alt=\"2222207\" src=\"http:\/\/files.katinkaskitchen.com\/2014\/04\/2222207-300x225.jpg\" width=\"300\" height=\"225\" srcset=\"https:\/\/files.katinkaskitchen.com\/2014\/04\/2222207-300x225.jpg 300w, https:\/\/files.katinkaskitchen.com\/2014\/04\/2222207-150x112.jpg 150w, https:\/\/files.katinkaskitchen.com\/2014\/04\/2222207.jpg 500w\" sizes=\"auto, (max-width: 300px) 100vw, 300px\" \/><\/a>s\u00e4ngen eller i kn\u00e4t i f\u00f6nstersmygen som f\u00f6rsetts med sittdyna. F\u00f6nsterb\u00e4nkarna tj\u00e4nar \u00e4ven som avst\u00e4llningsyta och hyser bland annat minibar. Ljuset fl\u00f6dar in genom de stora s\u00f6derv\u00e4nda f\u00f6nstren mot Sveav\u00e4gen, och fl\u00f6dar till och med in i badrummen som har glasv\u00e4ggar &#8211; med skira draperier f\u00f6r den mindre exhibitionistiske. Ljuset och transparansen ger en luftig k\u00e4nsla till de stundtals ganska sm\u00e5 rummen och kl\u00e4dh\u00e4ngarna \u00e4r \u00f6ppna f\u00f6r att inget ska gl\u00f6mmas i garderober.<\/h3>\n<h3>Restaurangen och baren d\u00e5? Jo, den kommer nog vara ett v\u00e4lbes\u00f6kt h\u00e4ng f\u00f6r m\u00e5nga. <a href=\"http:\/\/files.katinkaskitchen.com\/2014\/04\/2222209.jpg\"><img loading=\"lazy\" decoding=\"async\" class=\"alignright size-medium wp-image-19947\" alt=\"2222209\" src=\"http:\/\/files.katinkaskitchen.com\/2014\/04\/2222209-300x225.jpg\" width=\"300\" height=\"225\" srcset=\"https:\/\/files.katinkaskitchen.com\/2014\/04\/2222209-300x225.jpg 300w, https:\/\/files.katinkaskitchen.com\/2014\/04\/2222209-150x112.jpg 150w, https:\/\/files.katinkaskitchen.com\/2014\/04\/2222209.jpg 500w\" sizes=\"auto, (max-width: 300px) 100vw, 300px\" \/><\/a><a href=\"http:\/\/files.katinkaskitchen.com\/2014\/04\/2222216.jpg\"><img loading=\"lazy\" decoding=\"async\" class=\"alignright size-medium wp-image-19946\" alt=\"2222216\" src=\"http:\/\/files.katinkaskitchen.com\/2014\/04\/2222216-300x225.jpg\" width=\"300\" height=\"225\" srcset=\"https:\/\/files.katinkaskitchen.com\/2014\/04\/2222216-300x225.jpg 300w, https:\/\/files.katinkaskitchen.com\/2014\/04\/2222216-150x112.jpg 150w, https:\/\/files.katinkaskitchen.com\/2014\/04\/2222216.jpg 500w\" sizes=\"auto, (max-width: 300px) 100vw, 300px\" \/><\/a>Den kommer dessutom att ha en gener\u00f6s stor uteservering utanf\u00f6r de stora v\u00e4lvda f\u00f6nstren. Redan f\u00f6rsta dagen ber\u00e4ttade de att de haft 40 lunchg\u00e4ster och i b\u00f6rjan av kv\u00e4llen var baren full, medan restaurangen <a href=\"http:\/\/files.katinkaskitchen.com\/2014\/04\/2222211.jpg\"><img loading=\"lazy\" decoding=\"async\" class=\"alignright size-medium wp-image-19948\" alt=\"2222211\" src=\"http:\/\/files.katinkaskitchen.com\/2014\/04\/2222211-300x225.jpg\" width=\"300\" height=\"225\" srcset=\"https:\/\/files.katinkaskitchen.com\/2014\/04\/2222211-300x225.jpg 300w, https:\/\/files.katinkaskitchen.com\/2014\/04\/2222211-150x112.jpg 150w, https:\/\/files.katinkaskitchen.com\/2014\/04\/2222211.jpg 500w\" sizes=\"auto, (max-width: 300px) 100vw, 300px\" \/><\/a>var den fullare delen lite senare. Men jag tror att n\u00e4r fler och fler hittar hit och inte minst uteserveringen drar ig\u00e5ng s\u00e5 har miss Clara alla chanser att bli riktigt popul\u00e4r b\u00e5de i bar- och restaurangdelen.<\/h3>\n<h3>I restaurangen hittar vi ett h\u00e4rligt t\u00e4nk, entusiastiskt formulerat av \u00e4ldste sonen Gustavo Catenacci. Det h\u00e4r \u00e4r n\u00e4mligen verkligen ett familje\u00e4gt hotell- restaurang i \u00e4kta italiensk varm anda p\u00e5 alla s\u00e4tt. T\u00e4nket \u00e4r att det ska vara l\u00e4tt att g\u00e5 ut och \u00e4ta \u00e4ven f\u00f6r m\u00e4nniskor och s\u00e4llskap med matallergier, -intoleranser och &#8211;<a href=\"http:\/\/files.katinkaskitchen.com\/2014\/04\/2222212.jpg\"><img loading=\"lazy\" decoding=\"async\" class=\"alignright size-medium wp-image-19949\" alt=\"2222212\" src=\"http:\/\/files.katinkaskitchen.com\/2014\/04\/2222212-300x225.jpg\" width=\"300\" height=\"225\" srcset=\"https:\/\/files.katinkaskitchen.com\/2014\/04\/2222212-300x225.jpg 300w, https:\/\/files.katinkaskitchen.com\/2014\/04\/2222212-150x112.jpg 150w, https:\/\/files.katinkaskitchen.com\/2014\/04\/2222212.jpg 500w\" sizes=\"auto, (max-width: 300px) 100vw, 300px\" \/><\/a>preferanser som till exempel vegetariskt. Catenaccis ber\u00e4ttar att de i sin sjuh\u00f6vdade familj har allt ifr\u00e5n glutenintolerans till vegetarian, och f\u00f6rst t\u00e4nkt skapa en glutenfri restaurang, men det visade sig v\u00e4ldigt sv\u00e5rt.<\/h3>\n<h3>I baren serveras bland annat glutenfria hamburgare och alla mj\u00f6ler och socker \u00e4r s\u00e5 l\u00e5ngt som m\u00f6jligt oraffinerade. Till min stora gl\u00e4dje s\u00e4ger k\u00f6ksm\u00e4staren Danny, som tidigare styrt grytorna p\u00e5 Operak\u00e4llaren, att alla konstgjorda tillsatser som E-nummer \u00e4r bannlysta, endast de som best\u00e5r av naturligt \u00e4mne \u00e4ger tilltr\u00e4de och f\u00e5r ing\u00e5 i maten. R\u00e5varorna kommer till stor utstr\u00e4ckning fr\u00e5n gotl\u00e4ndska<a href=\"http:\/\/files.katinkaskitchen.com\/2014\/04\/10153890_861010107257883_1246065511_n1.jpg\"><img loading=\"lazy\" decoding=\"async\" class=\"alignright size-medium wp-image-19971\" alt=\"10153890_861010107257883_1246065511_n\" src=\"http:\/\/files.katinkaskitchen.com\/2014\/04\/10153890_861010107257883_1246065511_n1-210x300.jpg\" width=\"210\" height=\"300\" srcset=\"https:\/\/files.katinkaskitchen.com\/2014\/04\/10153890_861010107257883_1246065511_n1-210x300.jpg 210w, https:\/\/files.katinkaskitchen.com\/2014\/04\/10153890_861010107257883_1246065511_n1-105x150.jpg 105w, https:\/\/files.katinkaskitchen.com\/2014\/04\/10153890_861010107257883_1246065511_n1.jpg 370w\" sizes=\"auto, (max-width: 210px) 100vw, 210px\" \/><\/a> g\u00e5rdar de jobbar med, och stilen tror jag l\u00e4mpligast beskrivs som det b\u00e4sta av det mesta. Internationellt, en del amerikanskinspirerat fr\u00e4mst i baren och svensk-italienskt s\u00e5 vitt jag f\u00f6rst\u00e5r.<\/h3>\n<h3>Du kan l\u00e4sa mer om maten i inl\u00e4gget h\u00e4r bredvid.<\/h3>\n<h3>Med v\u00e4nliga matglada h\u00e4lsningar fr\u00e5n Katinkas Kitchen!<\/h3>\n<p>Katinka Hammarski\u00f6ld<\/p>\n<p>katinka.hammarskiold@hotmail.com<\/p>\n<p>www.katinkaskitchen.com<a href=\"http:\/\/files.katinkaskitchen.com\/2014\/04\/Miss_Clara_Daniel_Jens_Gustavo.jpg\"><img loading=\"lazy\" decoding=\"async\" class=\"alignright size-medium wp-image-19972\" alt=\"Miss_Clara_Daniel_Jens_Gustavo\" src=\"http:\/\/files.katinkaskitchen.com\/2014\/04\/Miss_Clara_Daniel_Jens_Gustavo-214x300.jpg\" width=\"214\" height=\"300\" srcset=\"https:\/\/files.katinkaskitchen.com\/2014\/04\/Miss_Clara_Daniel_Jens_Gustavo-214x300.jpg 214w, https:\/\/files.katinkaskitchen.com\/2014\/04\/Miss_Clara_Daniel_Jens_Gustavo-107x150.jpg 107w, https:\/\/files.katinkaskitchen.com\/2014\/04\/Miss_Clara_Daniel_Jens_Gustavo.jpg 714w\" sizes=\"auto, (max-width: 214px) 100vw, 214px\" \/><\/a><\/p>\n<h3><\/h3>\n","protected":false},"excerpt":{"rendered":"<p>Ig\u00e5r slog ett nytt hotell med restaurang och bar upp portarna d\u00e5 Nobiskoncernen \u00f6ppnade Miss Clara p\u00e5 Sveav\u00e4gen 48. Den anrika jugendfastigheten som tidigare inrymt en flickskola har genomg\u00e5tt en p\u00e5 samma g\u00e5ng modig och varsam renovering under Gert Wing\u00e5rdhs ledning. Denne namnkunnige arkitekt ber\u00e4ttar hur han dels velat knyta [&hellip;]<\/p>\n","protected":false},"author":2,"featured_media":19971,"comment_status":"open","ping_status":"closed","sticky":false,"template":"","format":"standard","meta":{"footnotes":""},"categories":[114],"tags":[],"class_list":["post-19939","post","type-post","status-publish","format-standard","has-post-thumbnail","hentry","category-varmt-valkommen"],"_links":{"self":[{"href":"https:\/\/katinkaskitchen.com\/index.php?rest_route=\/wp\/v2\/posts\/19939","targetHints":{"allow":["GET"]}}],"collection":[{"href":"https:\/\/katinkaskitchen.com\/index.php?rest_route=\/wp\/v2\/posts"}],"about":[{"href":"https:\/\/katinkaskitchen.com\/index.php?rest_route=\/wp\/v2\/types\/post"}],"author":[{"embeddable":true,"href":"https:\/\/katinkaskitchen.com\/index.php?rest_route=\/wp\/v2\/users\/2"}],"replies":[{"embeddable":true,"href":"https:\/\/katinkaskitchen.com\/index.php?rest_route=%2Fwp%2Fv2%2Fcomments&post=19939"}],"version-history":[{"count":7,"href":"https:\/\/katinkaskitchen.com\/index.php?rest_route=\/wp\/v2\/posts\/19939\/revisions"}],"predecessor-version":[{"id":36014,"href":"https:\/\/katinkaskitchen.com\/index.php?rest_route=\/wp\/v2\/posts\/19939\/revisions\/36014"}],"wp:featuredmedia":[{"embeddable":true,"href":"https:\/\/katinkaskitchen.com\/index.php?rest_route=\/wp\/v2\/media\/19971"}],"wp:attachment":[{"href":"https:\/\/katinkaskitchen.com\/index.php?rest_route=%2Fwp%2Fv2%2Fmedia&parent=19939"}],"wp:term":[{"taxonomy":"category","embeddable":true,"href":"https:\/\/katinkaskitchen.com\/index.php?rest_route=%2Fwp%2Fv2%2Fcategories&post=19939"},{"taxonomy":"post_tag","embeddable":true,"href":"https:\/\/katinkaskitchen.com\/index.php?rest_route=%2Fwp%2Fv2%2Ftags&post=19939"}],"curies":[{"name":"wp","href":"https:\/\/api.w.org\/{rel}","templated":true}]}}