{"id":20074,"date":"2014-04-16T03:00:45","date_gmt":"2014-04-16T03:00:45","guid":{"rendered":"http:\/\/katinkaskitchen.com\/?p=20074"},"modified":"2023-08-23T12:20:25","modified_gmt":"2023-08-23T10:20:25","slug":"liten-god-forratt-pa-purjolok-och-lojrom","status":"publish","type":"post","link":"https:\/\/katinkaskitchen.com\/?p=20074","title":{"rendered":"F\u00f6rr\u00e4tt p\u00e5 purjol\u00f6k och l\u00f6jrom"},"content":{"rendered":"<h3><a href=\"http:\/\/files.katinkaskitchen.com\/2014\/04\/2231417.jpg\"><img loading=\"lazy\" decoding=\"async\" class=\"alignright size-medium wp-image-20077\" src=\"http:\/\/files.katinkaskitchen.com\/2014\/04\/2231417-300x225.jpg\" alt=\"2231417\" width=\"300\" height=\"225\" srcset=\"https:\/\/files.katinkaskitchen.com\/2014\/04\/2231417-300x225.jpg 300w, https:\/\/files.katinkaskitchen.com\/2014\/04\/2231417-150x112.jpg 150w, https:\/\/files.katinkaskitchen.com\/2014\/04\/2231417.jpg 500w\" sizes=\"auto, (max-width: 300px) 100vw, 300px\" \/><\/a><\/h3>\n<h3><span style=\"text-decoration: underline\">Liten god f\u00f6rr\u00e4tt p\u00e5 purjol\u00f6k och l\u00f6jrom<\/span><\/h3>\n<h3>Den h\u00e4r f\u00f6rr\u00e4tten kom till n\u00e4r jag hade gjort ovanligt mycket gr\u00e4ddstuvad purjol\u00f6k och &nbsp;n\u00e4sta dag kom p\u00e5 att den kunde toppas med en klick l\u00f6jrom f\u00f6r en busenkel men otroligt god f\u00f6rr\u00e4tt. Den kan ocks\u00e5 serveras i \u00e4nnu mindre form p\u00e5 skedar eller sm\u00e5 crostinis som drinktilltugg.<\/h3>\n<h4><em>Du beh\u00f6ver f\u00f6r 4 personer:<\/em><\/h4>\n<p>Gr\u00e4ddstuvad purjol\u00f6k enligt recept i eget inl\u00e4gg<\/p>\n<p>l\u00f6jrom<a href=\"http:\/\/files.katinkaskitchen.com\/2014\/04\/2231416.jpg\"><img loading=\"lazy\" decoding=\"async\" class=\"alignright size-medium wp-image-20078\" src=\"http:\/\/files.katinkaskitchen.com\/2014\/04\/2231416-300x225.jpg\" alt=\"2231416\" width=\"300\" height=\"225\" srcset=\"https:\/\/files.katinkaskitchen.com\/2014\/04\/2231416-300x225.jpg 300w, https:\/\/files.katinkaskitchen.com\/2014\/04\/2231416-150x112.jpg 150w, https:\/\/files.katinkaskitchen.com\/2014\/04\/2231416.jpg 500w\" sizes=\"auto, (max-width: 300px) 100vw, 300px\" \/><\/a><\/p>\n<p>peppar<\/p>\n<h4><em>G\u00f6r s\u00e5 h\u00e4r:<\/em><\/h4>\n<p>L\u00e4gg upp en klick av den stuvade purjol\u00f6ken p\u00e5 sm\u00e5 f\u00f6rr\u00e4ttstallrikar. Toppa med l\u00f6jrom, peppra l\u00e4tt och servera direkt, eventuellt med rostat br\u00f6d och g\u00e4rna med ett gott vitt vin.<\/p>\n<p>Bon app\u00e9tit \u00f6nskas med v\u00e4nliga matglada h\u00e4lsningar fr\u00e5n Katinkas Kitchen!<\/p>\n<p>Katinka Hammarski\u00f6ld<\/p>\n<p>katinka.hammarskiold@hotmail.com<\/p>\n<p>www.katinkaskitchen.com<\/p>\n<p>&nbsp;<\/p>\n","protected":false},"excerpt":{"rendered":"<p>Liten god f\u00f6rr\u00e4tt p\u00e5 purjol\u00f6k och l\u00f6jrom Den h\u00e4r f\u00f6rr\u00e4tten kom till n\u00e4r jag hade gjort ovanligt mycket gr\u00e4ddstuvad purjol\u00f6k och &nbsp;n\u00e4sta dag kom p\u00e5 att den kunde toppas med en klick l\u00f6jrom f\u00f6r en busenkel men otroligt god f\u00f6rr\u00e4tt. Den kan ocks\u00e5 serveras i \u00e4nnu mindre form p\u00e5 skedar [&hellip;]<\/p>\n","protected":false},"author":5,"featured_media":20077,"comment_status":"open","ping_status":"closed","sticky":false,"template":"","format":"standard","meta":{"footnotes":""},"categories":[11799,11773,94,109,11777,4031,11824],"tags":[],"class_list":["post-20074","post","type-post","status-publish","format-standard","has-post-thumbnail","hentry","category-drinktilltugg","category-festmiddagar-forratter","category-forratter","category-lattlagat-forratter-tilltugg","category-lojrom","category-pask","category-purjolok"],"_links":{"self":[{"href":"https:\/\/katinkaskitchen.com\/index.php?rest_route=\/wp\/v2\/posts\/20074","targetHints":{"allow":["GET"]}}],"collection":[{"href":"https:\/\/katinkaskitchen.com\/index.php?rest_route=\/wp\/v2\/posts"}],"about":[{"href":"https:\/\/katinkaskitchen.com\/index.php?rest_route=\/wp\/v2\/types\/post"}],"author":[{"embeddable":true,"href":"https:\/\/katinkaskitchen.com\/index.php?rest_route=\/wp\/v2\/users\/5"}],"replies":[{"embeddable":true,"href":"https:\/\/katinkaskitchen.com\/index.php?rest_route=%2Fwp%2Fv2%2Fcomments&post=20074"}],"version-history":[{"count":6,"href":"https:\/\/katinkaskitchen.com\/index.php?rest_route=\/wp\/v2\/posts\/20074\/revisions"}],"predecessor-version":[{"id":31159,"href":"https:\/\/katinkaskitchen.com\/index.php?rest_route=\/wp\/v2\/posts\/20074\/revisions\/31159"}],"wp:featuredmedia":[{"embeddable":true,"href":"https:\/\/katinkaskitchen.com\/index.php?rest_route=\/wp\/v2\/media\/20077"}],"wp:attachment":[{"href":"https:\/\/katinkaskitchen.com\/index.php?rest_route=%2Fwp%2Fv2%2Fmedia&parent=20074"}],"wp:term":[{"taxonomy":"category","embeddable":true,"href":"https:\/\/katinkaskitchen.com\/index.php?rest_route=%2Fwp%2Fv2%2Fcategories&post=20074"},{"taxonomy":"post_tag","embeddable":true,"href":"https:\/\/katinkaskitchen.com\/index.php?rest_route=%2Fwp%2Fv2%2Ftags&post=20074"}],"curies":[{"name":"wp","href":"https:\/\/api.w.org\/{rel}","templated":true}]}}