{"id":20119,"date":"2014-04-19T03:00:56","date_gmt":"2014-04-19T03:00:56","guid":{"rendered":"http:\/\/katinkaskitchen.com\/?p=20119"},"modified":"2022-12-13T12:16:22","modified_gmt":"2022-12-13T11:16:22","slug":"glad-pask-2","status":"publish","type":"post","link":"https:\/\/katinkaskitchen.com\/?p=20119","title":{"rendered":"GLAD P\u00c5SK!"},"content":{"rendered":"<h3><a href=\"http:\/\/files.katinkaskitchen.com\/2014\/04\/2236702.jpg\"><img loading=\"lazy\" decoding=\"async\" class=\"alignright size-medium wp-image-20125\" alt=\"2236702\" src=\"http:\/\/files.katinkaskitchen.com\/2014\/04\/2236702-225x300.jpg\" width=\"225\" height=\"300\" srcset=\"https:\/\/files.katinkaskitchen.com\/2014\/04\/2236702-225x300.jpg 225w, https:\/\/files.katinkaskitchen.com\/2014\/04\/2236702-112x150.jpg 112w, https:\/\/files.katinkaskitchen.com\/2014\/04\/2236702.jpg 375w\" sizes=\"auto, (max-width: 225px) 100vw, 225px\" \/><\/a><\/h3>\n<h3>Jaha, s\u00e5 var det p\u00e5sk igen\u2026! Ett \u00e5r till har g\u00e5tt. F\u00f6rra \u00e5ret var p\u00e5skafton i slutet av april, \u00e5ret dessf\u00f6rinnan hade vi istappar i p\u00e5skliljorna p\u00e5 balkongen. I \u00e5r verkar det bli en alldeles str\u00e5lande vacker och kanske f\u00f6r f\u00f6rsta g\u00e5ngen riktigt varm v\u00e5rdag f\u00f6r det h\u00e4r \u00e5ret. F\u00f6rutom att g\u00e5 ut och njuta i solen och v\u00e5rv\u00e4rmen, titta p\u00e5 n\u00e4r blad och blommor sl\u00e5r ut inf\u00f6r \u00f6gonen p\u00e5 oss, tycker ju jag att p\u00e5sken \u00e4r en tid att samlas kring borden och njuta god mat i gott s\u00e4llskap. D\u00e4rf\u00f6r kommer h\u00e4r tre menyf\u00f6rslag; den f\u00f6rsta med lamm till huvudr\u00e4tt, den andra med fisk till huvudr\u00e4tt och den tredje som ocks\u00e5 har fisk till huvudr\u00e4tt \u00e4r en meny som \u00e4r s\u00e4rdeles l\u00e4ttlagad och \u00e4ven passar till en buff\u00e9. G\u00f6r du ingen av menyerna eller brunchen nu i p\u00e5sk passar de \u00e4ven till andra festligheter under v\u00e5ren. Recepten finner du h\u00e4r bredvid i egna inl\u00e4gg.<a href=\"http:\/\/files.katinkaskitchen.com\/2014\/04\/2231564.jpg\"><img loading=\"lazy\" decoding=\"async\" class=\"alignright size-medium wp-image-20096\" alt=\"2231564\" src=\"http:\/\/files.katinkaskitchen.com\/2014\/04\/2231564-300x225.jpg\" width=\"300\" height=\"225\" srcset=\"https:\/\/files.katinkaskitchen.com\/2014\/04\/2231564-300x225.jpg 300w, https:\/\/files.katinkaskitchen.com\/2014\/04\/2231564-150x112.jpg 150w, https:\/\/files.katinkaskitchen.com\/2014\/04\/2231564.jpg 500w\" sizes=\"auto, (max-width: 300px) 100vw, 300px\" \/><\/a><\/h3>\n<p>&nbsp;<\/p>\n<h3>Meny I:<\/h3>\n<h3>Till f\u00f6rr\u00e4tt: Sallad med krispig prosciutto<\/h3>\n<h3>Till huvudr\u00e4tt: L\u00e4ttrimmad torskrygg med beurre blanc, <a href=\"http:\/\/files.katinkaskitchen.com\/2014\/04\/10154990_10152204322135857_2122721222618586237_n.jpg\"><img loading=\"lazy\" decoding=\"async\" class=\"alignright size-medium wp-image-20090\" alt=\"10154990_10152204322135857_2122721222618586237_n\" src=\"http:\/\/files.katinkaskitchen.com\/2014\/04\/10154990_10152204322135857_2122721222618586237_n-300x224.jpg\" width=\"300\" height=\"224\" srcset=\"https:\/\/files.katinkaskitchen.com\/2014\/04\/10154990_10152204322135857_2122721222618586237_n-300x224.jpg 300w, https:\/\/files.katinkaskitchen.com\/2014\/04\/10154990_10152204322135857_2122721222618586237_n-150x112.jpg 150w, https:\/\/files.katinkaskitchen.com\/2014\/04\/10154990_10152204322135857_2122721222618586237_n.jpg 403w\" sizes=\"auto, (max-width: 300px) 100vw, 300px\" \/><\/a>broccolimousse och l\u00e5ngsamrostade tomater<\/h3>\n<h3>Till efterr\u00e4tt: Kardemummabr\u00fbl\u00e9e med ljuvliga pistagemar\u00e4nger<\/h3>\n<h3><\/h3>\n<h3>Meny II:<\/h3>\n<h3>Till f\u00f6rr\u00e4tt: Laxceviche med forellrom<\/h3>\n<h3>Till huvudr\u00e4tt: Lammstek med potatisgrat\u00e4ng i <a href=\"http:\/\/files.katinkaskitchen.com\/2014\/04\/2224721.jpg\"><img loading=\"lazy\" decoding=\"async\" class=\"alignright size-medium wp-image-19988\" alt=\"2224721\" src=\"http:\/\/files.katinkaskitchen.com\/2014\/04\/2224721-300x225.jpg\" width=\"300\" height=\"225\" srcset=\"https:\/\/files.katinkaskitchen.com\/2014\/04\/2224721-300x225.jpg 300w, https:\/\/files.katinkaskitchen.com\/2014\/04\/2224721-150x112.jpg 150w, https:\/\/files.katinkaskitchen.com\/2014\/04\/2224721.jpg 500w\" sizes=\"auto, (max-width: 300px) 100vw, 300px\" \/><\/a>portionskokotter, r\u00f6dvinss\u00e5s och haricots verts<\/h3>\n<h3>Till efterrr\u00e4tt: Chokladfondanter med p\u00e5skgul tropisk fruktsallad<\/h3>\n<p>&nbsp;<\/p>\n<h3>Meny III \u2013 som \u00e4ven passar som buff\u00e9<\/h3>\n<h3>Till f\u00f6rr\u00e4tt: Sallad med krispig prosciutto<\/h3>\n<h3>Till huvudr\u00e4tt: Ugnsbakad lax med <a href=\"http:\/\/files.katinkaskitchen.com\/2012\/03\/salmon-ceviche-swe-style-Katinkas-Kitchen.jpg\"><img loading=\"lazy\" decoding=\"async\" class=\"alignright size-medium wp-image-9116\" alt=\"salmon ceviche swe style Katinkas Kitchen\" src=\"http:\/\/files.katinkaskitchen.com\/2012\/03\/salmon-ceviche-swe-style-Katinkas-Kitchen-300x225.jpg\" width=\"300\" height=\"225\" srcset=\"https:\/\/files.katinkaskitchen.com\/2012\/03\/salmon-ceviche-swe-style-Katinkas-Kitchen-300x225.jpg 300w, https:\/\/files.katinkaskitchen.com\/2012\/03\/salmon-ceviche-swe-style-Katinkas-Kitchen-150x112.jpg 150w, https:\/\/files.katinkaskitchen.com\/2012\/03\/salmon-ceviche-swe-style-Katinkas-Kitchen.jpg 320w\" sizes=\"auto, (max-width: 300px) 100vw, 300px\" \/><\/a>broccolimousse och citronpotatis<\/h3>\n<h3>Till efterr\u00e4tt: Kr\u00e4mig citronpaj<\/h3>\n<p>&nbsp;<\/p>\n<h3>En riktig glad p\u00e5sk \u00f6nskas med v\u00e4nliga matglada h\u00e4lsningar fr\u00e5n Katinkas Kitchen!<\/h3>\n<p>Katinka Hammarski\u00f6ld<a href=\"http:\/\/files.katinkaskitchen.com\/2014\/04\/IMG_4342.jpg\"><img loading=\"lazy\" decoding=\"async\" class=\"alignright size-medium wp-image-20062\" alt=\"IMG_4342\" src=\"http:\/\/files.katinkaskitchen.com\/2014\/04\/IMG_4342-300x225.jpg\" width=\"300\" height=\"225\" srcset=\"https:\/\/files.katinkaskitchen.com\/2014\/04\/IMG_4342-300x225.jpg 300w, https:\/\/files.katinkaskitchen.com\/2014\/04\/IMG_4342-150x112.jpg 150w, https:\/\/files.katinkaskitchen.com\/2014\/04\/IMG_4342-1024x768.jpg 1024w, https:\/\/files.katinkaskitchen.com\/2014\/04\/IMG_4342.jpg 1600w\" sizes=\"auto, (max-width: 300px) 100vw, 300px\" \/><\/a><\/p>\n<p>katinka.hammarskiold@hotmail.com<a href=\"http:\/\/files.katinkaskitchen.com\/2014\/04\/1557690_10152204264360857_5400792855519318720_n.jpg\"><img loading=\"lazy\" decoding=\"async\" class=\"alignright size-medium wp-image-20084\" alt=\"1557690_10152204264360857_5400792855519318720_n\" src=\"http:\/\/files.katinkaskitchen.com\/2014\/04\/1557690_10152204264360857_5400792855519318720_n-300x225.jpg\" width=\"300\" height=\"225\" srcset=\"https:\/\/files.katinkaskitchen.com\/2014\/04\/1557690_10152204264360857_5400792855519318720_n-300x225.jpg 300w, https:\/\/files.katinkaskitchen.com\/2014\/04\/1557690_10152204264360857_5400792855519318720_n-150x112.jpg 150w, https:\/\/files.katinkaskitchen.com\/2014\/04\/1557690_10152204264360857_5400792855519318720_n.jpg 640w\" sizes=\"auto, (max-width: 300px) 100vw, 300px\" \/><\/a><\/p>\n<p>www.katinkaskitchen.com<a href=\"http:\/\/files.katinkaskitchen.com\/2012\/04\/Jamies-citronolimepaj-1-Katinkas-Kitchen1.jpg\"><img loading=\"lazy\" decoding=\"async\" class=\"alignright size-medium wp-image-8780\" alt=\"Jamie's citronolimepaj 1 Katinkas Kitchen\" src=\"http:\/\/files.katinkaskitchen.com\/2012\/04\/Jamies-citronolimepaj-1-Katinkas-Kitchen1-300x225.jpg\" width=\"300\" height=\"225\" srcset=\"https:\/\/files.katinkaskitchen.com\/2012\/04\/Jamies-citronolimepaj-1-Katinkas-Kitchen1-300x225.jpg 300w, https:\/\/files.katinkaskitchen.com\/2012\/04\/Jamies-citronolimepaj-1-Katinkas-Kitchen1-150x112.jpg 150w, https:\/\/files.katinkaskitchen.com\/2012\/04\/Jamies-citronolimepaj-1-Katinkas-Kitchen1.jpg 640w\" sizes=\"auto, (max-width: 300px) 100vw, 300px\" \/><\/a><\/p>\n<p>&nbsp;<\/p>\n<p>&nbsp;<\/p>\n","protected":false},"excerpt":{"rendered":"<p>Jaha, s\u00e5 var det p\u00e5sk igen\u2026! Ett \u00e5r till har g\u00e5tt. F\u00f6rra \u00e5ret var p\u00e5skafton i slutet av april, \u00e5ret dessf\u00f6rinnan hade vi istappar i p\u00e5skliljorna p\u00e5 balkongen. I \u00e5r verkar det bli en alldeles str\u00e5lande vacker och kanske f\u00f6r f\u00f6rsta g\u00e5ngen riktigt varm v\u00e5rdag f\u00f6r det h\u00e4r \u00e5ret. F\u00f6rutom [&hellip;]<\/p>\n","protected":false},"author":2,"featured_media":20125,"comment_status":"open","ping_status":"closed","sticky":false,"template":"","format":"standard","meta":{"footnotes":""},"categories":[103,4031],"tags":[],"class_list":["post-20119","post","type-post","status-publish","format-standard","has-post-thumbnail","hentry","category-agg","category-pask"],"_links":{"self":[{"href":"https:\/\/katinkaskitchen.com\/index.php?rest_route=\/wp\/v2\/posts\/20119","targetHints":{"allow":["GET"]}}],"collection":[{"href":"https:\/\/katinkaskitchen.com\/index.php?rest_route=\/wp\/v2\/posts"}],"about":[{"href":"https:\/\/katinkaskitchen.com\/index.php?rest_route=\/wp\/v2\/types\/post"}],"author":[{"embeddable":true,"href":"https:\/\/katinkaskitchen.com\/index.php?rest_route=\/wp\/v2\/users\/2"}],"replies":[{"embeddable":true,"href":"https:\/\/katinkaskitchen.com\/index.php?rest_route=%2Fwp%2Fv2%2Fcomments&post=20119"}],"version-history":[{"count":6,"href":"https:\/\/katinkaskitchen.com\/index.php?rest_route=\/wp\/v2\/posts\/20119\/revisions"}],"predecessor-version":[{"id":36036,"href":"https:\/\/katinkaskitchen.com\/index.php?rest_route=\/wp\/v2\/posts\/20119\/revisions\/36036"}],"wp:featuredmedia":[{"embeddable":true,"href":"https:\/\/katinkaskitchen.com\/index.php?rest_route=\/wp\/v2\/media\/20125"}],"wp:attachment":[{"href":"https:\/\/katinkaskitchen.com\/index.php?rest_route=%2Fwp%2Fv2%2Fmedia&parent=20119"}],"wp:term":[{"taxonomy":"category","embeddable":true,"href":"https:\/\/katinkaskitchen.com\/index.php?rest_route=%2Fwp%2Fv2%2Fcategories&post=20119"},{"taxonomy":"post_tag","embeddable":true,"href":"https:\/\/katinkaskitchen.com\/index.php?rest_route=%2Fwp%2Fv2%2Ftags&post=20119"}],"curies":[{"name":"wp","href":"https:\/\/api.w.org\/{rel}","templated":true}]}}