{"id":20210,"date":"2014-12-30T03:00:56","date_gmt":"2014-12-30T03:00:56","guid":{"rendered":"http:\/\/katinkaskitchen.com\/?p=20210"},"modified":"2022-12-13T12:48:53","modified_gmt":"2022-12-13T11:48:53","slug":"lammracks-med-citron-och-orter","status":"publish","type":"post","link":"https:\/\/katinkaskitchen.com\/?p=20210","title":{"rendered":"Lammracks med citron och \u00f6rter"},"content":{"rendered":"<h3><a href=\"http:\/\/files.katinkaskitchen.com\/2014\/05\/2235945.jpg\"><img loading=\"lazy\" decoding=\"async\" class=\"alignright size-medium wp-image-20222\" src=\"http:\/\/files.katinkaskitchen.com\/2014\/05\/2235945-300x225.jpg\" alt=\"2235945\" width=\"300\" height=\"225\" srcset=\"https:\/\/files.katinkaskitchen.com\/2014\/05\/2235945-300x225.jpg 300w, https:\/\/files.katinkaskitchen.com\/2014\/05\/2235945-150x112.jpg 150w, https:\/\/files.katinkaskitchen.com\/2014\/05\/2235945.jpg 500w\" sizes=\"auto, (max-width: 300px) 100vw, 300px\" \/><\/a><\/h3>\n<h3>Lamm \u00e4r v\u00e4ldigt gott k\u00f6tt, och lammracks \u00e4r lite extra festligt tycker jag. Jag kryddar dem g\u00e4rna med citron, \u00f6rter och vitl\u00f6k som blandas med salt och peppar i olivolja. Gnid in lammracksen och grilla dem sedan i ugnen till rosa perfektion, helst p\u00e5 l\u00e5g v\u00e4rme efter att de stekts hastigt i het panna f\u00f6r att f\u00e5 fin yta. Till serverar jag n\u00e5gra <a href=\"http:\/\/files.katinkaskitchen.com\/2014\/05\/IMG_2196.jpg\"><img loading=\"lazy\" decoding=\"async\" class=\"alignright size-medium wp-image-20224\" src=\"http:\/\/files.katinkaskitchen.com\/2014\/05\/IMG_2196-300x225.jpg\" alt=\"IMG_2196\" width=\"300\" height=\"225\" srcset=\"https:\/\/files.katinkaskitchen.com\/2014\/05\/IMG_2196-300x225.jpg 300w, https:\/\/files.katinkaskitchen.com\/2014\/05\/IMG_2196-150x112.jpg 150w, https:\/\/files.katinkaskitchen.com\/2014\/05\/IMG_2196.jpg 640w\" sizes=\"auto, (max-width: 300px) 100vw, 300px\" \/><\/a>goda tillbeh\u00f6r efter tycke, tillg\u00e5ng, s\u00e4song och smak. Botanisera bland flera recepttips i kategorin tillbeh\u00f6r respektive s\u00e5ser, r\u00f6ror och kryddsm\u00f6r i kolumnen till h\u00f6ger h\u00e4r.<\/h3>\n<h4><em>Du beh\u00f6ver f\u00f6r 4 personer:<\/em><\/h4>\n<p>Ber\u00e4kna ca 250 gram lammracks per person, eftersom det \u00e4r ben p\u00e5 dem<a href=\"http:\/\/files.katinkaskitchen.com\/2014\/05\/IMG_2195.jpg\"><img loading=\"lazy\" decoding=\"async\" class=\"alignright size-medium wp-image-20226\" src=\"http:\/\/files.katinkaskitchen.com\/2014\/05\/IMG_2195-300x225.jpg\" alt=\"IMG_2195\" width=\"300\" height=\"225\" srcset=\"https:\/\/files.katinkaskitchen.com\/2014\/05\/IMG_2195-300x225.jpg 300w, https:\/\/files.katinkaskitchen.com\/2014\/05\/IMG_2195-150x112.jpg 150w, https:\/\/files.katinkaskitchen.com\/2014\/05\/IMG_2195.jpg 640w\" sizes=\"auto, (max-width: 300px) 100vw, 300px\" \/><\/a><\/p>\n<p>rivet skal av en citron, helst ekologisk och v\u00e4l tv\u00e4ttad<\/p>\n<p>rosmarin<\/p>\n<p>timjan<\/p>\n<p>ev. basilika<\/p>\n<p>salt<a href=\"http:\/\/files.katinkaskitchen.com\/2014\/05\/IMG_2198.jpg\"><img loading=\"lazy\" decoding=\"async\" class=\"alignright size-medium wp-image-20225\" src=\"http:\/\/files.katinkaskitchen.com\/2014\/05\/IMG_2198-300x225.jpg\" alt=\"IMG_2198\" width=\"300\" height=\"225\" srcset=\"https:\/\/files.katinkaskitchen.com\/2014\/05\/IMG_2198-300x225.jpg 300w, https:\/\/files.katinkaskitchen.com\/2014\/05\/IMG_2198-150x112.jpg 150w, https:\/\/files.katinkaskitchen.com\/2014\/05\/IMG_2198.jpg 640w\" sizes=\"auto, (max-width: 300px) 100vw, 300px\" \/><\/a><\/p>\n<p>peppar<\/p>\n<p>2 klyftor vitl\u00f6k, skalade och krossade eller mosade<\/p>\n<p>3 msk olivolja<\/p>\n<h4><em>G\u00f6r s\u00e5 h\u00e4r:<\/em><\/h4>\n<p>Blanda \u00f6rtkryddorna med den mosade vitl\u00f6ken, salt, peppar, citronskal och <a href=\"http:\/\/files.katinkaskitchen.com\/2014\/05\/2235948.jpg\"><img loading=\"lazy\" decoding=\"async\" class=\"alignright size-medium wp-image-20223\" src=\"http:\/\/files.katinkaskitchen.com\/2014\/05\/2235948-300x225.jpg\" alt=\"2235948\" width=\"300\" height=\"225\" srcset=\"https:\/\/files.katinkaskitchen.com\/2014\/05\/2235948-300x225.jpg 300w, https:\/\/files.katinkaskitchen.com\/2014\/05\/2235948-150x112.jpg 150w, https:\/\/files.katinkaskitchen.com\/2014\/05\/2235948.jpg 500w\" sizes=\"auto, (max-width: 300px) 100vw, 300px\" \/><\/a>olivolja.<\/p>\n<p>Gnid in k\u00f6ttet som helst ska vara rumstempererat n\u00e4r du b\u00f6rjar. Stek k\u00f6ttet hastigt i stekpanna f\u00f6r att f\u00e5 fin yta runtom. L\u00e4gg k\u00f6ttet i ugnsfast form eller p\u00e5 pl\u00e5t. St\u00e4ll k\u00f6ttet i ugnen att steka klart p\u00e5 l\u00e5g temperatur, 70-100 grader beroende p\u00e5 hur mycket tid du har. En termometer talar om n\u00e4r det \u00e4r klart &#8211; innertemperaturen ska vara p\u00e5 57 grader f\u00f6r perfekt rosa och saftigt k\u00f6tt.<a href=\"http:\/\/files.katinkaskitchen.com\/2014\/05\/IMG_2199.jpg\"><img loading=\"lazy\" decoding=\"async\" class=\"alignright size-medium wp-image-20227\" src=\"http:\/\/files.katinkaskitchen.com\/2014\/05\/IMG_2199-300x225.jpg\" alt=\"IMG_2199\" width=\"300\" height=\"225\" srcset=\"https:\/\/files.katinkaskitchen.com\/2014\/05\/IMG_2199-300x225.jpg 300w, https:\/\/files.katinkaskitchen.com\/2014\/05\/IMG_2199-150x112.jpg 150w, https:\/\/files.katinkaskitchen.com\/2014\/05\/IMG_2199.jpg 640w\" sizes=\"auto, (max-width: 300px) 100vw, 300px\" \/><\/a><\/p>\n<p>Servera med dina tillbeh\u00f6r. P\u00e5 bilden \u00e4r de serverade med blomk\u00e5lsmousse, ugnsrostade potatisklyftor och en mustig r\u00f6dvinss\u00e5s. Recepten finner du h\u00e4r p\u00e5 Katinkas Kitchen:)<\/p>\n<p>Bon app\u00e9tit \u00f6nskas med v\u00e4nliga matglada h\u00e4lsningar fr\u00e5n Katinkas Kitchen!<\/p>\n<p>Katinka Hammarski\u00f6ld<\/p>\n<p>katinka.hammarskiold@hotmail.com<\/p>\n<p>www.katinkaskitchen.com<a href=\"http:\/\/files.katinkaskitchen.com\/2014\/05\/IMG_2200.jpg\"><img loading=\"lazy\" decoding=\"async\" class=\"alignright size-medium wp-image-20228\" src=\"http:\/\/files.katinkaskitchen.com\/2014\/05\/IMG_2200-300x225.jpg\" alt=\"IMG_2200\" width=\"300\" height=\"225\" srcset=\"https:\/\/files.katinkaskitchen.com\/2014\/05\/IMG_2200-300x225.jpg 300w, https:\/\/files.katinkaskitchen.com\/2014\/05\/IMG_2200-150x112.jpg 150w, https:\/\/files.katinkaskitchen.com\/2014\/05\/IMG_2200.jpg 640w\" sizes=\"auto, (max-width: 300px) 100vw, 300px\" \/><\/a><\/p>\n","protected":false},"excerpt":{"rendered":"<p>Lamm \u00e4r v\u00e4ldigt gott k\u00f6tt, och lammracks \u00e4r lite extra festligt tycker jag. Jag kryddar dem g\u00e4rna med citron, \u00f6rter och vitl\u00f6k som blandas med salt och peppar i olivolja. Gnid in lammracksen och grilla dem sedan i ugnen till rosa perfektion, helst p\u00e5 l\u00e5g v\u00e4rme efter att de stekts [&hellip;]<\/p>\n","protected":false},"author":5,"featured_media":20222,"comment_status":"open","ping_status":"closed","sticky":false,"template":"","format":"standard","meta":{"footnotes":""},"categories":[4024,4009,4023,11782],"tags":[],"class_list":["post-20210","post","type-post","status-publish","format-standard","has-post-thumbnail","hentry","category-festmiddagar","category-lamm","category-nyar-och-festmiddagar","category-nyttig-mat"],"_links":{"self":[{"href":"https:\/\/katinkaskitchen.com\/index.php?rest_route=\/wp\/v2\/posts\/20210","targetHints":{"allow":["GET"]}}],"collection":[{"href":"https:\/\/katinkaskitchen.com\/index.php?rest_route=\/wp\/v2\/posts"}],"about":[{"href":"https:\/\/katinkaskitchen.com\/index.php?rest_route=\/wp\/v2\/types\/post"}],"author":[{"embeddable":true,"href":"https:\/\/katinkaskitchen.com\/index.php?rest_route=\/wp\/v2\/users\/5"}],"replies":[{"embeddable":true,"href":"https:\/\/katinkaskitchen.com\/index.php?rest_route=%2Fwp%2Fv2%2Fcomments&post=20210"}],"version-history":[{"count":6,"href":"https:\/\/katinkaskitchen.com\/index.php?rest_route=\/wp\/v2\/posts\/20210\/revisions"}],"predecessor-version":[{"id":36098,"href":"https:\/\/katinkaskitchen.com\/index.php?rest_route=\/wp\/v2\/posts\/20210\/revisions\/36098"}],"wp:featuredmedia":[{"embeddable":true,"href":"https:\/\/katinkaskitchen.com\/index.php?rest_route=\/wp\/v2\/media\/20222"}],"wp:attachment":[{"href":"https:\/\/katinkaskitchen.com\/index.php?rest_route=%2Fwp%2Fv2%2Fmedia&parent=20210"}],"wp:term":[{"taxonomy":"category","embeddable":true,"href":"https:\/\/katinkaskitchen.com\/index.php?rest_route=%2Fwp%2Fv2%2Fcategories&post=20210"},{"taxonomy":"post_tag","embeddable":true,"href":"https:\/\/katinkaskitchen.com\/index.php?rest_route=%2Fwp%2Fv2%2Ftags&post=20210"}],"curies":[{"name":"wp","href":"https:\/\/api.w.org\/{rel}","templated":true}]}}