{"id":21171,"date":"2014-12-13T03:00:43","date_gmt":"2014-12-13T03:00:43","guid":{"rendered":"http:\/\/katinkaskitchen.com\/?p=21171"},"modified":"2022-12-13T12:40:07","modified_gmt":"2022-12-13T11:40:07","slug":"god-lucia","status":"publish","type":"post","link":"https:\/\/katinkaskitchen.com\/?p=21171","title":{"rendered":"God Lucia!"},"content":{"rendered":"<p><a href=\"http:\/\/files.katinkaskitchen.com\/2014\/12\/IMG_4191.jpg\"><img loading=\"lazy\" decoding=\"async\" class=\"alignright size-large wp-image-21172\" src=\"http:\/\/files.katinkaskitchen.com\/2014\/12\/IMG_4191-1024x764.jpg\" alt=\"IMG_4191\" width=\"1024\" height=\"764\" srcset=\"https:\/\/files.katinkaskitchen.com\/2014\/12\/IMG_4191-1024x764.jpg 1024w, https:\/\/files.katinkaskitchen.com\/2014\/12\/IMG_4191-150x112.jpg 150w, https:\/\/files.katinkaskitchen.com\/2014\/12\/IMG_4191-300x224.jpg 300w\" sizes=\"auto, (max-width: 1024px) 100vw, 1024px\" \/><\/a><\/p>\n<p><strong>Idag \u00e4r det Lucia, en v\u00e4ldigt svensk tradition \u00e4ven om vi importerat helgonet fr\u00e5n Italien. Ett \u00e5r n\u00e4r jag var i Rom<a href=\"http:\/\/files.katinkaskitchen.com\/2012\/11\/lussebullar-5-Katinkas-Kitchen.jpg\"><img loading=\"lazy\" decoding=\"async\" class=\"alignright size-medium wp-image-15100\" src=\"http:\/\/files.katinkaskitchen.com\/2012\/11\/lussebullar-5-Katinkas-Kitchen-300x225.jpg\" alt=\"lussebullar 5 Katinkas Kitchen\" width=\"300\" height=\"225\" srcset=\"https:\/\/files.katinkaskitchen.com\/2012\/11\/lussebullar-5-Katinkas-Kitchen-300x225.jpg 300w, https:\/\/files.katinkaskitchen.com\/2012\/11\/lussebullar-5-Katinkas-Kitchen-150x112.jpg 150w, https:\/\/files.katinkaskitchen.com\/2012\/11\/lussebullar-5-Katinkas-Kitchen-1024x768.jpg 1024w\" sizes=\"auto, (max-width: 300px) 100vw, 300px\" \/><\/a> hade jag turen att se Lucia firas d\u00e5 personal fr\u00e5n svenska ambassaden hade ett praktfullt luciat\u00e5g med sk\u00f6ns\u00e5ng &#8211; mot en vacker historisk fond med romarl\u00e4mning mitt i stan. Det doftade gl\u00f6gg och pepparkakor och italienarna var mycket nyfikna och intresserade. <\/strong><\/p>\n<p><strong>I \u00e5r \u00e4r Lucia p\u00e5 en l\u00f6rdag s\u00e5 \u00e5rets luciat\u00e5g i skolor, p\u00e5 dagis och arbetsplatser \u00e4r v\u00e4l redan avklarade f\u00f6r att betvinga m\u00f6rkret med ljusets helgon. Sj\u00e4lv ska jag bege mig hem fr\u00e5n solens sydspanien (d\u00e4r det passande nog \u00e4r molnigt idag), men om jag hade varit hemma hade det nog blivit en h\u00e4rlig brunch, bak med lussebullar som sonen \u00e4lskar och kanske en saffranssmakande pannacotta till efterr\u00e4tt ikv\u00e4ll med topping av lingon, tranb\u00e4r eller gl\u00f6gg-gel\u00e9. Du finner recepten h\u00e4r bredvid, och kan \u00e4ven s\u00f6ka p\u00e5 till exempel ingrediensen saffran i s\u00f6krutan uppe till h\u00f6ger. &nbsp;<a href=\"http:\/\/files.katinkaskitchen.com\/2012\/12\/saffranspannacotta-Katinkas-Kitchen-2.jpg\"><img loading=\"lazy\" decoding=\"async\" class=\"alignright size-medium wp-image-15331\" src=\"http:\/\/files.katinkaskitchen.com\/2012\/12\/saffranspannacotta-Katinkas-Kitchen-2-300x225.jpg\" alt=\"saffranspannacotta Katinkas Kitchen (2)\" width=\"300\" height=\"225\" srcset=\"https:\/\/files.katinkaskitchen.com\/2012\/12\/saffranspannacotta-Katinkas-Kitchen-2-300x225.jpg 300w, https:\/\/files.katinkaskitchen.com\/2012\/12\/saffranspannacotta-Katinkas-Kitchen-2-150x112.jpg 150w, https:\/\/files.katinkaskitchen.com\/2012\/12\/saffranspannacotta-Katinkas-Kitchen-2-1024x768.jpg 1024w\" sizes=\"auto, (max-width: 300px) 100vw, 300px\" \/><\/a><\/strong><\/p>\n<p><strong>En riktigt god lucia \u00f6nskar jag er alla! Med v\u00e4nliga h\u00e4lsningar fr\u00e5n Katinkas Kitchen!<\/strong><\/p>\n<p>Katinka Hammarski\u00f6ld<\/p>\n<p>katinka.hammarskiold@hotmail.com<\/p>\n<p>www.katinkaskitchen.com<\/p>\n","protected":false},"excerpt":{"rendered":"<p>Idag \u00e4r det Lucia, en v\u00e4ldigt svensk tradition \u00e4ven om vi importerat helgonet fr\u00e5n Italien. Ett \u00e5r n\u00e4r jag var i Rom hade jag turen att se Lucia firas d\u00e5 personal fr\u00e5n svenska ambassaden hade ett praktfullt luciat\u00e5g med sk\u00f6ns\u00e5ng &#8211; mot en vacker historisk fond med romarl\u00e4mning mitt i [&hellip;]<\/p>\n","protected":false},"author":5,"featured_media":21172,"comment_status":"open","ping_status":"closed","sticky":false,"template":"","format":"standard","meta":{"footnotes":""},"categories":[103,4007,115,4026,71,4006,11780,53],"tags":[],"class_list":["post-21171","post","type-post","status-publish","format-standard","has-post-thumbnail","hentry","category-agg","category-apelsiner","category-baka-sott-kakor-pajer-bullar","category-brunch","category-efterratter","category-jul","category-lucia","category-saffran"],"_links":{"self":[{"href":"https:\/\/katinkaskitchen.com\/index.php?rest_route=\/wp\/v2\/posts\/21171","targetHints":{"allow":["GET"]}}],"collection":[{"href":"https:\/\/katinkaskitchen.com\/index.php?rest_route=\/wp\/v2\/posts"}],"about":[{"href":"https:\/\/katinkaskitchen.com\/index.php?rest_route=\/wp\/v2\/types\/post"}],"author":[{"embeddable":true,"href":"https:\/\/katinkaskitchen.com\/index.php?rest_route=\/wp\/v2\/users\/5"}],"replies":[{"embeddable":true,"href":"https:\/\/katinkaskitchen.com\/index.php?rest_route=%2Fwp%2Fv2%2Fcomments&post=21171"}],"version-history":[{"count":6,"href":"https:\/\/katinkaskitchen.com\/index.php?rest_route=\/wp\/v2\/posts\/21171\/revisions"}],"predecessor-version":[{"id":36076,"href":"https:\/\/katinkaskitchen.com\/index.php?rest_route=\/wp\/v2\/posts\/21171\/revisions\/36076"}],"wp:featuredmedia":[{"embeddable":true,"href":"https:\/\/katinkaskitchen.com\/index.php?rest_route=\/wp\/v2\/media\/21172"}],"wp:attachment":[{"href":"https:\/\/katinkaskitchen.com\/index.php?rest_route=%2Fwp%2Fv2%2Fmedia&parent=21171"}],"wp:term":[{"taxonomy":"category","embeddable":true,"href":"https:\/\/katinkaskitchen.com\/index.php?rest_route=%2Fwp%2Fv2%2Fcategories&post=21171"},{"taxonomy":"post_tag","embeddable":true,"href":"https:\/\/katinkaskitchen.com\/index.php?rest_route=%2Fwp%2Fv2%2Ftags&post=21171"}],"curies":[{"name":"wp","href":"https:\/\/api.w.org\/{rel}","templated":true}]}}