{"id":21181,"date":"2014-12-14T03:00:10","date_gmt":"2014-12-14T03:00:10","guid":{"rendered":"http:\/\/katinkaskitchen.com\/?p=21181"},"modified":"2022-12-13T12:39:51","modified_gmt":"2022-12-13T11:39:51","slug":"tredje-advent","status":"publish","type":"post","link":"https:\/\/katinkaskitchen.com\/?p=21181","title":{"rendered":"Tredje Advent!!!"},"content":{"rendered":"<p><a href=\"http:\/\/files.katinkaskitchen.com\/2014\/12\/10850289_10204421269545296_6472759685941753877_n.jpg\"><img loading=\"lazy\" decoding=\"async\" class=\"alignright size-full wp-image-21182\" src=\"http:\/\/files.katinkaskitchen.com\/2014\/12\/10850289_10204421269545296_6472759685941753877_n.jpg\" alt=\"10850289_10204421269545296_6472759685941753877_n\" width=\"681\" height=\"900\" srcset=\"https:\/\/files.katinkaskitchen.com\/2014\/12\/10850289_10204421269545296_6472759685941753877_n.jpg 681w, https:\/\/files.katinkaskitchen.com\/2014\/12\/10850289_10204421269545296_6472759685941753877_n-113x150.jpg 113w, https:\/\/files.katinkaskitchen.com\/2014\/12\/10850289_10204421269545296_6472759685941753877_n-227x300.jpg 227w\" sizes=\"auto, (max-width: 681px) 100vw, 681px\" \/><\/a><\/p>\n<p>&nbsp;<\/p>\n<p>&nbsp;<\/p>\n<p>&nbsp;<\/p>\n<p>&nbsp;<\/p>\n<p>&nbsp;<\/p>\n<p>&nbsp;<\/p>\n<p>&nbsp;<\/p>\n<p>&nbsp;<\/p>\n<p>&nbsp;<\/p>\n<p>&nbsp;<\/p>\n<p>&nbsp;<\/p>\n<p>&nbsp;<\/p>\n<p>&nbsp;<\/p>\n<p>&nbsp;<\/p>\n<p>&nbsp;<\/p>\n<p>&nbsp;<\/p>\n<p>&nbsp;<\/p>\n<p>&nbsp;<\/p>\n<p>&nbsp;<\/p>\n<p>&nbsp;<\/p>\n<p>&nbsp;<\/p>\n<p>&nbsp;<\/p>\n<p>&nbsp;<\/p>\n<p><strong>Men hur gick det h\u00e4r till\u2026? Tredje advent redan? Nej, jag h\u00e4nger inte alls med den h\u00e4r h\u00f6sten, och nu efter en <a href=\"http:\/\/files.katinkaskitchen.com\/2014\/12\/IMG_8608.jpg\"><img loading=\"lazy\" decoding=\"async\" class=\"alignright size-medium wp-image-21183\" src=\"http:\/\/files.katinkaskitchen.com\/2014\/12\/IMG_8608-225x300.jpg\" alt=\"IMG_8608\" width=\"225\" height=\"300\" srcset=\"https:\/\/files.katinkaskitchen.com\/2014\/12\/IMG_8608-225x300.jpg 225w, https:\/\/files.katinkaskitchen.com\/2014\/12\/IMG_8608-112x150.jpg 112w, https:\/\/files.katinkaskitchen.com\/2014\/12\/IMG_8608.jpg 480w\" sizes=\"auto, (max-width: 225px) 100vw, 225px\" \/><\/a>vecka i sydspanien \u00e4r jag \u00e4nnu mer ute ur juleloopen. Jag kom hem ig\u00e5r kv\u00e4ll och det enda juliga vi har h\u00e4r hemma \u00e4r n\u00e5gra vackra amaryllisar och ljusslingan bland ljungen p\u00e5 balkongen. Idag m\u00e5ste jull\u00e5dan upp &#8211; och med den adventsljusstaken! <\/strong><\/p>\n<p><strong>Medan jag och maken g\u00e5r ut i kylan f\u00f6r brunch, kultur och jakt p\u00e5 julst\u00e4mning finner den som \u00e4r sugen p\u00e5 att st\u00f6ka i k\u00f6ket inf\u00f6r jul med lussebak, chokladtryfflar och annat gott inspiration h\u00e4r p\u00e5 Katinkas Kitchen. Mer kommer i veckan! Dagens foton kommer fr\u00e5n den fantastiska juldekorationen i min f\u00f6delsestad M\u00e1laga. Den ser inte mycket ut f\u00f6r v\u00e4rlden p\u00e5 dagen i gassande sol men till kv\u00e4llarna sitter malague\u00f1arna och v\u00e4ntar p\u00e5 att den ska t\u00e4ndas. <\/strong><\/p>\n<p><strong>En riktigt trevlig tredje advent med mycket julst\u00e4mning \u00f6nskar jag er alla med v\u00e4nliga matglada h\u00e4lsningar fr\u00e5n Katinkas Kitchen!<\/strong><\/p>\n<p><strong><a href=\"http:\/\/files.katinkaskitchen.com\/2014\/12\/1779843_10204421290625823_4976787732530735802_n.jpg\"><br \/>\n<img loading=\"lazy\" decoding=\"async\" class=\"alignright size-medium wp-image-21184\" src=\"http:\/\/files.katinkaskitchen.com\/2014\/12\/1779843_10204421290625823_4976787732530735802_n-200x300.jpg\" alt=\"1779843_10204421290625823_4976787732530735802_n\" width=\"200\" height=\"300\" srcset=\"https:\/\/files.katinkaskitchen.com\/2014\/12\/1779843_10204421290625823_4976787732530735802_n-200x300.jpg 200w, https:\/\/files.katinkaskitchen.com\/2014\/12\/1779843_10204421290625823_4976787732530735802_n-100x150.jpg 100w, https:\/\/files.katinkaskitchen.com\/2014\/12\/1779843_10204421290625823_4976787732530735802_n.jpg 600w\" sizes=\"auto, (max-width: 200px) 100vw, 200px\" \/><\/a><\/strong>Katinka Hammarski\u00f6ld<\/p>\n<p>katinka.hammarskiold@hotmail.com<\/p>\n<p>www.katinkaskitchen.com<\/p>\n","protected":false},"excerpt":{"rendered":"<p>&nbsp; &nbsp; &nbsp; &nbsp; &nbsp; &nbsp; &nbsp; &nbsp; &nbsp; &nbsp; &nbsp; &nbsp; &nbsp; &nbsp; &nbsp; &nbsp; &nbsp; &nbsp; &nbsp; &nbsp; &nbsp; &nbsp; &nbsp; Men hur gick det h\u00e4r till\u2026? Tredje advent redan? Nej, jag h\u00e4nger inte alls med den h\u00e4r h\u00f6sten, och nu efter en vecka i sydspanien \u00e4r jag [&hellip;]<\/p>\n","protected":false},"author":5,"featured_media":21183,"comment_status":"open","ping_status":"closed","sticky":false,"template":"","format":"standard","meta":{"footnotes":""},"categories":[4006],"tags":[],"class_list":["post-21181","post","type-post","status-publish","format-standard","has-post-thumbnail","hentry","category-jul"],"_links":{"self":[{"href":"https:\/\/katinkaskitchen.com\/index.php?rest_route=\/wp\/v2\/posts\/21181","targetHints":{"allow":["GET"]}}],"collection":[{"href":"https:\/\/katinkaskitchen.com\/index.php?rest_route=\/wp\/v2\/posts"}],"about":[{"href":"https:\/\/katinkaskitchen.com\/index.php?rest_route=\/wp\/v2\/types\/post"}],"author":[{"embeddable":true,"href":"https:\/\/katinkaskitchen.com\/index.php?rest_route=\/wp\/v2\/users\/5"}],"replies":[{"embeddable":true,"href":"https:\/\/katinkaskitchen.com\/index.php?rest_route=%2Fwp%2Fv2%2Fcomments&post=21181"}],"version-history":[{"count":4,"href":"https:\/\/katinkaskitchen.com\/index.php?rest_route=\/wp\/v2\/posts\/21181\/revisions"}],"predecessor-version":[{"id":31933,"href":"https:\/\/katinkaskitchen.com\/index.php?rest_route=\/wp\/v2\/posts\/21181\/revisions\/31933"}],"wp:featuredmedia":[{"embeddable":true,"href":"https:\/\/katinkaskitchen.com\/index.php?rest_route=\/wp\/v2\/media\/21183"}],"wp:attachment":[{"href":"https:\/\/katinkaskitchen.com\/index.php?rest_route=%2Fwp%2Fv2%2Fmedia&parent=21181"}],"wp:term":[{"taxonomy":"category","embeddable":true,"href":"https:\/\/katinkaskitchen.com\/index.php?rest_route=%2Fwp%2Fv2%2Fcategories&post=21181"},{"taxonomy":"post_tag","embeddable":true,"href":"https:\/\/katinkaskitchen.com\/index.php?rest_route=%2Fwp%2Fv2%2Ftags&post=21181"}],"curies":[{"name":"wp","href":"https:\/\/api.w.org\/{rel}","templated":true}]}}