{"id":21355,"date":"2014-12-31T03:00:20","date_gmt":"2014-12-31T03:00:20","guid":{"rendered":"http:\/\/katinkaskitchen.com\/?p=21355"},"modified":"2022-12-13T12:48:35","modified_gmt":"2022-12-13T11:48:35","slug":"gott-nytt-ar-2","status":"publish","type":"post","link":"https:\/\/katinkaskitchen.com\/?p=21355","title":{"rendered":"GOTT NYTT \u00c5R!!!"},"content":{"rendered":"<p>&nbsp;<\/p>\n<p><strong><a href=\"http:\/\/files.katinkaskitchen.com\/2014\/12\/IMG_4132.jpg\"><img loading=\"lazy\" decoding=\"async\" class=\"alignright size-medium wp-image-21354\" src=\"http:\/\/files.katinkaskitchen.com\/2014\/12\/IMG_4132-300x225.jpg\" alt=\"IMG_4132\" width=\"300\" height=\"225\" srcset=\"https:\/\/files.katinkaskitchen.com\/2014\/12\/IMG_4132-300x225.jpg 300w, https:\/\/files.katinkaskitchen.com\/2014\/12\/IMG_4132-150x113.jpg 150w, https:\/\/files.katinkaskitchen.com\/2014\/12\/IMG_4132-1024x768.jpg 1024w\" sizes=\"auto, (max-width: 300px) 100vw, 300px\" \/><\/a>S\u00e5 \u00e4r det h\u00e4r \u00e5ret slut, och det \u00e4r med blandade k\u00e4nslor som jag l\u00e4mnar det och g\u00e5r in i det nya \u00e5ret med f\u00f6rtr\u00f6stan och f\u00f6rhoppningar. Det h\u00e4r \u00e5ret var \u00e5ret d\u00e5 jag fick br\u00f6stcancer och d\u00e4rmed f\u00f6rsvann den h\u00e4r h\u00f6sten, fr\u00e5n jobb, skrivande och allt &#8211; in i en bubbla av \u00f6verlevnad och sm\u00e4rta. Nu n\u00e4r jag \u00e4r f\u00f6rklarad botad fr\u00e5n cancern \u00e4r det bara resten av \u00e5terh\u00e4mtningen kvar, och en till operation. Men samtidigt som det finns mycket sorg och sm\u00e4rta \u00e4r det \u00f6verv\u00e4gande gl\u00e4djen jag tar med mig in i n\u00e4sta \u00e5r. <a href=\"http:\/\/files.katinkaskitchen.com\/2014\/12\/IMG_2739.jpg\"><img loading=\"lazy\" decoding=\"async\" class=\"alignright size-medium wp-image-21353\" src=\"http:\/\/files.katinkaskitchen.com\/2014\/12\/IMG_2739-300x225.jpg\" alt=\"IMG_2739\" width=\"300\" height=\"225\" srcset=\"https:\/\/files.katinkaskitchen.com\/2014\/12\/IMG_2739-300x225.jpg 300w, https:\/\/files.katinkaskitchen.com\/2014\/12\/IMG_2739-150x113.jpg 150w, https:\/\/files.katinkaskitchen.com\/2014\/12\/IMG_2739.jpg 640w\" sizes=\"auto, (max-width: 300px) 100vw, 300px\" \/><\/a>Gl\u00e4dje \u00f6ver att vara cancerfri, gl\u00e4dje och k\u00e4rlek \u00f6ver livet och till&nbsp;alla m\u00e4nniskor som&nbsp;st\u00f6ttat mig s\u00e5. Dessutom har jag ju alltid min k\u00e4rlek till maten och kommer forts\u00e4tta leverera recept till er h\u00e4r p\u00e5 Katinkas Kitchen, ibland ur g\u00f6mmorna men ofta helt nyskapade r\u00e4tter.<\/strong><\/p>\n<p><strong>P\u00e5 Ny\u00e5r g\u00e4ller som vanligt min devis &#8211; god, enkel mat, med k\u00e4rlek och magi!:) Laga n\u00e5got gott, umg\u00e5s med v\u00e4nner, sl\u00e4kt, familj eller bara dig sj\u00e4lv. Njut av smakerna och njut av livet!&nbsp;<a href=\"http:\/\/files.katinkaskitchen.com\/2014\/12\/IMG_6657.jpg\"><img loading=\"lazy\" decoding=\"async\" class=\"alignright size-medium wp-image-21356\" src=\"http:\/\/files.katinkaskitchen.com\/2014\/12\/IMG_6657-300x225.jpg\" alt=\"IMG_6657\" width=\"300\" height=\"225\" srcset=\"https:\/\/files.katinkaskitchen.com\/2014\/12\/IMG_6657-300x225.jpg 300w, https:\/\/files.katinkaskitchen.com\/2014\/12\/IMG_6657-150x113.jpg 150w, https:\/\/files.katinkaskitchen.com\/2014\/12\/IMG_6657.jpg 640w\" sizes=\"auto, (max-width: 300px) 100vw, 300px\" \/><\/a><\/strong><\/p>\n<p><strong>Med v\u00e4nliga mat- och livsglada h\u00e4lsningar fr\u00e5n Katinkas Kitchen!<\/strong><\/p>\n<p>Katinka Hammarski\u00f6ld<\/p>\n<p>katinka.hammarskiold@hotmail.com<\/p>\n<p>www.katinkaskitchen.com<\/p>\n","protected":false},"excerpt":{"rendered":"<p>&nbsp; S\u00e5 \u00e4r det h\u00e4r \u00e5ret slut, och det \u00e4r med blandade k\u00e4nslor som jag l\u00e4mnar det och g\u00e5r in i det nya \u00e5ret med f\u00f6rtr\u00f6stan och f\u00f6rhoppningar. Det h\u00e4r \u00e5ret var \u00e5ret d\u00e5 jag fick br\u00f6stcancer och d\u00e4rmed f\u00f6rsvann den h\u00e4r h\u00f6sten, fr\u00e5n jobb, skrivande och allt &#8211; in [&hellip;]<\/p>\n","protected":false},"author":5,"featured_media":21356,"comment_status":"open","ping_status":"closed","sticky":false,"template":"","format":"standard","meta":{"footnotes":""},"categories":[4023],"tags":[],"class_list":["post-21355","post","type-post","status-publish","format-standard","has-post-thumbnail","hentry","category-nyar-och-festmiddagar"],"_links":{"self":[{"href":"https:\/\/katinkaskitchen.com\/index.php?rest_route=\/wp\/v2\/posts\/21355","targetHints":{"allow":["GET"]}}],"collection":[{"href":"https:\/\/katinkaskitchen.com\/index.php?rest_route=\/wp\/v2\/posts"}],"about":[{"href":"https:\/\/katinkaskitchen.com\/index.php?rest_route=\/wp\/v2\/types\/post"}],"author":[{"embeddable":true,"href":"https:\/\/katinkaskitchen.com\/index.php?rest_route=\/wp\/v2\/users\/5"}],"replies":[{"embeddable":true,"href":"https:\/\/katinkaskitchen.com\/index.php?rest_route=%2Fwp%2Fv2%2Fcomments&post=21355"}],"version-history":[{"count":3,"href":"https:\/\/katinkaskitchen.com\/index.php?rest_route=\/wp\/v2\/posts\/21355\/revisions"}],"predecessor-version":[{"id":36097,"href":"https:\/\/katinkaskitchen.com\/index.php?rest_route=\/wp\/v2\/posts\/21355\/revisions\/36097"}],"wp:featuredmedia":[{"embeddable":true,"href":"https:\/\/katinkaskitchen.com\/index.php?rest_route=\/wp\/v2\/media\/21356"}],"wp:attachment":[{"href":"https:\/\/katinkaskitchen.com\/index.php?rest_route=%2Fwp%2Fv2%2Fmedia&parent=21355"}],"wp:term":[{"taxonomy":"category","embeddable":true,"href":"https:\/\/katinkaskitchen.com\/index.php?rest_route=%2Fwp%2Fv2%2Fcategories&post=21355"},{"taxonomy":"post_tag","embeddable":true,"href":"https:\/\/katinkaskitchen.com\/index.php?rest_route=%2Fwp%2Fv2%2Ftags&post=21355"}],"curies":[{"name":"wp","href":"https:\/\/api.w.org\/{rel}","templated":true}]}}