{"id":22328,"date":"2015-05-23T03:00:29","date_gmt":"2015-05-23T03:00:29","guid":{"rendered":"http:\/\/katinkaskitchen.com\/?p=22328"},"modified":"2022-12-13T14:51:17","modified_gmt":"2022-12-13T13:51:17","slug":"hallonkola-chokladgodis","status":"publish","type":"post","link":"https:\/\/katinkaskitchen.com\/?p=22328","title":{"rendered":"Hallonkola-chokladgodis veganskt"},"content":{"rendered":"<p><a href=\"http:\/\/files.katinkaskitchen.com\/2015\/05\/IMG_0921.jpg\"><img loading=\"lazy\" decoding=\"async\" class=\"alignright size-medium wp-image-22331\" src=\"http:\/\/files.katinkaskitchen.com\/2015\/05\/IMG_0921-300x225.jpg\" alt=\"IMG_0921\" width=\"300\" height=\"225\" srcset=\"https:\/\/files.katinkaskitchen.com\/2015\/05\/IMG_0921-300x225.jpg 300w, https:\/\/files.katinkaskitchen.com\/2015\/05\/IMG_0921-150x113.jpg 150w, https:\/\/files.katinkaskitchen.com\/2015\/05\/IMG_0921-1024x768.jpg 1024w\" sizes=\"auto, (max-width: 300px) 100vw, 300px\" \/><\/a><\/p>\n<p><strong>Dottern har blivit fantastisk p\u00e5 att sv\u00e4nga ihop n\u00e5got supergott att mumsa p\u00e5 efter maten, till kaffet eller n\u00e4r som helst. Det blir ett lite nyttigare godis som dessutom kvalificerar som raw-food, glutenfritt, laktosfritt, vegetariskt och vegan. Gott \u00e4r det hur som helst och just den h\u00e4r varianten blev extragod med sin fr\u00e4scha hallonsmak i saltig kola p\u00e5 mandelbotten med choklad \u00f6verst.&nbsp;<\/strong><\/p>\n<p><em><strong>Du beh\u00f6ver:&nbsp;<\/strong><\/em><\/p>\n<p><em>Till botten:&nbsp;<a href=\"http:\/\/files.katinkaskitchen.com\/2015\/05\/IMG_0919.jpg\"><img loading=\"lazy\" decoding=\"async\" class=\"alignright size-medium wp-image-22332\" src=\"http:\/\/files.katinkaskitchen.com\/2015\/05\/IMG_0919-300x225.jpg\" alt=\"IMG_0919\" width=\"300\" height=\"225\" srcset=\"https:\/\/files.katinkaskitchen.com\/2015\/05\/IMG_0919-300x225.jpg 300w, https:\/\/files.katinkaskitchen.com\/2015\/05\/IMG_0919-150x113.jpg 150w, https:\/\/files.katinkaskitchen.com\/2015\/05\/IMG_0919-1024x768.jpg 1024w\" sizes=\"auto, (max-width: 300px) 100vw, 300px\" \/><\/a><\/em><\/p>\n<p>1 dl mandlar, oskalade helst bl\u00f6tlagda<\/p>\n<p>2-3 dadlar, urk\u00e4rnade<\/p>\n<p>1 msk kokosolja<\/p>\n<p>en gnutta salt om man vill<\/p>\n<p><i>Till karamellen:&nbsp;<a href=\"http:\/\/files.katinkaskitchen.com\/2015\/05\/IMG_0920.jpg\"><img loading=\"lazy\" decoding=\"async\" class=\"alignright size-medium wp-image-22333\" src=\"http:\/\/files.katinkaskitchen.com\/2015\/05\/IMG_0920-300x225.jpg\" alt=\"IMG_0920\" width=\"300\" height=\"225\" srcset=\"https:\/\/files.katinkaskitchen.com\/2015\/05\/IMG_0920-300x225.jpg 300w, https:\/\/files.katinkaskitchen.com\/2015\/05\/IMG_0920-150x113.jpg 150w, https:\/\/files.katinkaskitchen.com\/2015\/05\/IMG_0920-1024x768.jpg 1024w\" sizes=\"auto, (max-width: 300px) 100vw, 300px\" \/><\/a><\/i><\/p>\n<p>8 dadlar, urk\u00e4rnade<\/p>\n<p>1\/2 dl vatten<\/p>\n<p>1 msk kokosolja<\/p>\n<p>1 msk mandelsm\u00f6r (alt. jordn\u00f6tssm\u00f6r eller hasseln\u00f6tssm\u00f6r)<\/p>\n<p>1\/2 tsk vaniljfr\u00f6n<\/p>\n<p>1 nypa havssalt<\/p>\n<p>1 msk l\u00f6nnsirap<\/p>\n<p>1\/2 paket frysta eller f\u00e4rska hallon<\/p>\n<p><em>Till chokladen:&nbsp;<\/em><\/p>\n<p>2 msk kokosolja<\/p>\n<p>1 1\/2 msk raw kakao eller vanligt kakaopulver<\/p>\n<p>l\u00f6nnsirap efter smak (1-2 tsk)<\/p>\n<p><em><strong>G\u00f6r s\u00e5 h\u00e4r:&nbsp;<a href=\"http:\/\/files.katinkaskitchen.com\/2015\/05\/IMG_3279.jpg\"><img loading=\"lazy\" decoding=\"async\" class=\"alignright size-medium wp-image-22202\" src=\"http:\/\/files.katinkaskitchen.com\/2015\/05\/IMG_3279-300x225.jpg\" alt=\"IMG_3279\" width=\"300\" height=\"225\" srcset=\"https:\/\/files.katinkaskitchen.com\/2015\/05\/IMG_3279-300x225.jpg 300w, https:\/\/files.katinkaskitchen.com\/2015\/05\/IMG_3279-150x113.jpg 150w, https:\/\/files.katinkaskitchen.com\/2015\/05\/IMG_3279.jpg 640w\" sizes=\"auto, (max-width: 300px) 100vw, 300px\" \/><\/a><\/strong><\/em><\/p>\n<p>Mixa ingredienserna till botten l\u00e4nge och v\u00e4l s\u00e5 det blir en slags smulig smet. bred ut den i botten p\u00e5 en plastform som du kantat med bakpl\u00e5tspapper.<\/p>\n<p>Mixa d\u00e4refter ingredienserna till karamelle likaledes l\u00e4nge och v\u00e4l och bred det \u00f6ver bottnen. Mosa hallonen, h\u00e4ll dem \u00f6ver och tryck ner dem lite i karamellen. St\u00e4ll kallt s\u00e5 l\u00e4nge.<\/p>\n<p>R\u00f6r sist samman ingredienserna till chokladtoppingen och smaka av s\u00e5 du tycker du har fin balans p\u00e5 s\u00f6tman. Det ska bli en kr\u00e4m som sedan stelnar i kyla. Bred den \u00f6ver karamellen och st\u00e4ll godiset kallt, g\u00e4rna i frysen. Lyft upp bakpl\u00e5tspappret ur plastbunken, sk\u00e4r godiset i bitar och servera l\u00e4tt upptinat. H\u00e4r g\u00e5r meningarna is\u00e4r i familjen &#8211; maken och dottern tycker det \u00e4r j\u00e4ttegott att \u00e4ta godiset direkt fr\u00e5n frysen medan jag f\u00f6redrar det upptinat:) Vad blir din favorit?<\/p>\n<p>Bon app\u00e9tit \u00f6nskas med v\u00e4nliga matglada h\u00e4lsningar fr\u00e5n Katinkas Kitchen!<\/p>\n<p>Katinka Hammarski\u00f6ld<\/p>\n<p>katinka.hammarskiold@hotmail.com<\/p>\n<p>www.katinkaskitchen.com<\/p>\n","protected":false},"excerpt":{"rendered":"<p>Dottern har blivit fantastisk p\u00e5 att sv\u00e4nga ihop n\u00e5got supergott att mumsa p\u00e5 efter maten, till kaffet eller n\u00e4r som helst. Det blir ett lite nyttigare godis som dessutom kvalificerar som raw-food, glutenfritt, laktosfritt, vegetariskt och vegan. Gott \u00e4r det hur som helst och just den h\u00e4r varianten blev extragod [&hellip;]<\/p>\n","protected":false},"author":5,"featured_media":22331,"comment_status":"open","ping_status":"closed","sticky":false,"template":"","format":"standard","meta":{"footnotes":""},"categories":[108,71,89,75,11792,11743,11747],"tags":[],"class_list":["post-22328","post","type-post","status-publish","format-standard","has-post-thumbnail","hentry","category-choklad-kakao","category-efterratter","category-glutenfritt","category-godis-sott","category-hallon","category-vegan","category-vegetariskt"],"_links":{"self":[{"href":"https:\/\/katinkaskitchen.com\/index.php?rest_route=\/wp\/v2\/posts\/22328","targetHints":{"allow":["GET"]}}],"collection":[{"href":"https:\/\/katinkaskitchen.com\/index.php?rest_route=\/wp\/v2\/posts"}],"about":[{"href":"https:\/\/katinkaskitchen.com\/index.php?rest_route=\/wp\/v2\/types\/post"}],"author":[{"embeddable":true,"href":"https:\/\/katinkaskitchen.com\/index.php?rest_route=\/wp\/v2\/users\/5"}],"replies":[{"embeddable":true,"href":"https:\/\/katinkaskitchen.com\/index.php?rest_route=%2Fwp%2Fv2%2Fcomments&post=22328"}],"version-history":[{"count":5,"href":"https:\/\/katinkaskitchen.com\/index.php?rest_route=\/wp\/v2\/posts\/22328\/revisions"}],"predecessor-version":[{"id":36168,"href":"https:\/\/katinkaskitchen.com\/index.php?rest_route=\/wp\/v2\/posts\/22328\/revisions\/36168"}],"wp:featuredmedia":[{"embeddable":true,"href":"https:\/\/katinkaskitchen.com\/index.php?rest_route=\/wp\/v2\/media\/22331"}],"wp:attachment":[{"href":"https:\/\/katinkaskitchen.com\/index.php?rest_route=%2Fwp%2Fv2%2Fmedia&parent=22328"}],"wp:term":[{"taxonomy":"category","embeddable":true,"href":"https:\/\/katinkaskitchen.com\/index.php?rest_route=%2Fwp%2Fv2%2Fcategories&post=22328"},{"taxonomy":"post_tag","embeddable":true,"href":"https:\/\/katinkaskitchen.com\/index.php?rest_route=%2Fwp%2Fv2%2Ftags&post=22328"}],"curies":[{"name":"wp","href":"https:\/\/api.w.org\/{rel}","templated":true}]}}