{"id":22734,"date":"2015-07-12T03:00:44","date_gmt":"2015-07-12T03:00:44","guid":{"rendered":"http:\/\/katinkaskitchen.com\/?p=22734"},"modified":"2022-12-13T15:03:26","modified_gmt":"2022-12-13T14:03:26","slug":"marangsviss-pa-spanska","status":"publish","type":"post","link":"https:\/\/katinkaskitchen.com\/?p=22734","title":{"rendered":"Mar\u00e4ngsviss p\u00e5 spanska"},"content":{"rendered":"<p><a href=\"http:\/\/files.katinkaskitchen.com\/2015\/07\/IMG_1580.jpg\"><img loading=\"lazy\" decoding=\"async\" class=\"alignright size-medium wp-image-22737\" src=\"http:\/\/files.katinkaskitchen.com\/2015\/07\/IMG_1580-300x225.jpg\" alt=\"IMG_1580\" width=\"300\" height=\"225\" srcset=\"https:\/\/files.katinkaskitchen.com\/2015\/07\/IMG_1580-300x225.jpg 300w, https:\/\/files.katinkaskitchen.com\/2015\/07\/IMG_1580-150x113.jpg 150w, https:\/\/files.katinkaskitchen.com\/2015\/07\/IMG_1580-1024x768.jpg 1024w\" sizes=\"auto, (max-width: 300px) 100vw, 300px\" \/><\/a><\/p>\n<p><strong>P\u00e5 marknaden hittade jag underbara f\u00e4rska fikon. De skars i bitar och blandades med vispad gr\u00e4dde smaksatt med spansk konjak eller co\u00f1ac som det stavas p\u00e5 spanska samt l\u00e4tt krossade supergoda minimar\u00e4nger med mandel fr\u00e5n Alpujarras, en region i sydligaste Spanien k\u00e4nd f\u00f6r m\u00e5nga delikatesser. Det blev en enkel och alldeles delikat efterr\u00e4tt att mumsa p\u00e5 i den ljumma kv\u00e4llen efter en god grillmiddag. Smaken av sydligare breddgrader g\u00e5r att \u00e5terskapa med f\u00e4rska fikon som brukar komma uppe hos oss i <a href=\"http:\/\/files.katinkaskitchen.com\/2015\/07\/IMG_1581.jpg\"><img loading=\"lazy\" decoding=\"async\" class=\"alignright size-medium wp-image-22738\" src=\"http:\/\/files.katinkaskitchen.com\/2015\/07\/IMG_1581-300x225.jpg\" alt=\"IMG_1581\" width=\"300\" height=\"225\" srcset=\"https:\/\/files.katinkaskitchen.com\/2015\/07\/IMG_1581-300x225.jpg 300w, https:\/\/files.katinkaskitchen.com\/2015\/07\/IMG_1581-150x113.jpg 150w, https:\/\/files.katinkaskitchen.com\/2015\/07\/IMG_1581-1024x768.jpg 1024w\" sizes=\"auto, (max-width: 300px) 100vw, 300px\" \/><\/a>slutet av sommaren.&nbsp;<\/strong><\/p>\n<p><em><strong>Du beh\u00f6ver f\u00f6r ca 4-6 personer:&nbsp;<\/strong><\/em><\/p>\n<p>4-6 f\u00e4rska fikon, tv\u00e4ttade och eventuellt skalade samt hackade<\/p>\n<p>2-3 dl vispgr\u00e4dde, l\u00f6svispad<\/p>\n<p>1-2 msk konjak eller brandy<\/p>\n<p>1-2 dl mandelmar\u00e4nger eller vanliga mar\u00e4nger, l\u00e4tt smulade<\/p>\n<p><em><strong>G\u00f6r s\u00e5 h\u00e4r:&nbsp;<\/strong><\/em><\/p>\n<p>Blanda gr\u00e4dden med konjaken, vispa till relativt l\u00f6s konsistens eftersom den stelnar n\u00e5got n\u00e4r den sedan st\u00e5r till sig om du vill f\u00f6rbereda efterr\u00e4tten. Blanda den vispade gr\u00e4dden med de hackade fikonen och de l\u00e4tt krossade mar\u00e4ngerna. Skeda upp i sk\u00e5lar eller glas och st\u00e4ll kallt till servering.<\/p>\n<p>Buon approveche \u00f6nskas med v\u00e4nliga matglada h\u00e4lsningar fr\u00e5n Katinkas Kitchen!<\/p>\n<p>Katinka Hammarski\u00f6ld<\/p>\n<p>katinka.hammarskiold@hotmail.com<\/p>\n<p>www.katinkaskitchen.com<\/p>\n<p>&nbsp;<\/p>\n","protected":false},"excerpt":{"rendered":"<p>P\u00e5 marknaden hittade jag underbara f\u00e4rska fikon. De skars i bitar och blandades med vispad gr\u00e4dde smaksatt med spansk konjak eller co\u00f1ac som det stavas p\u00e5 spanska samt l\u00e4tt krossade supergoda minimar\u00e4nger med mandel fr\u00e5n Alpujarras, en region i sydligaste Spanien k\u00e4nd f\u00f6r m\u00e5nga delikatesser. Det blev en enkel och [&hellip;]<\/p>\n","protected":false},"author":5,"featured_media":22737,"comment_status":"open","ping_status":"closed","sticky":false,"template":"","format":"standard","meta":{"footnotes":""},"categories":[71,110,11769],"tags":[],"class_list":["post-22734","post","type-post","status-publish","format-standard","has-post-thumbnail","hentry","category-efterratter","category-lattlagat-efterratter","category-marang"],"_links":{"self":[{"href":"https:\/\/katinkaskitchen.com\/index.php?rest_route=\/wp\/v2\/posts\/22734","targetHints":{"allow":["GET"]}}],"collection":[{"href":"https:\/\/katinkaskitchen.com\/index.php?rest_route=\/wp\/v2\/posts"}],"about":[{"href":"https:\/\/katinkaskitchen.com\/index.php?rest_route=\/wp\/v2\/types\/post"}],"author":[{"embeddable":true,"href":"https:\/\/katinkaskitchen.com\/index.php?rest_route=\/wp\/v2\/users\/5"}],"replies":[{"embeddable":true,"href":"https:\/\/katinkaskitchen.com\/index.php?rest_route=%2Fwp%2Fv2%2Fcomments&post=22734"}],"version-history":[{"count":3,"href":"https:\/\/katinkaskitchen.com\/index.php?rest_route=\/wp\/v2\/posts\/22734\/revisions"}],"predecessor-version":[{"id":36190,"href":"https:\/\/katinkaskitchen.com\/index.php?rest_route=\/wp\/v2\/posts\/22734\/revisions\/36190"}],"wp:featuredmedia":[{"embeddable":true,"href":"https:\/\/katinkaskitchen.com\/index.php?rest_route=\/wp\/v2\/media\/22737"}],"wp:attachment":[{"href":"https:\/\/katinkaskitchen.com\/index.php?rest_route=%2Fwp%2Fv2%2Fmedia&parent=22734"}],"wp:term":[{"taxonomy":"category","embeddable":true,"href":"https:\/\/katinkaskitchen.com\/index.php?rest_route=%2Fwp%2Fv2%2Fcategories&post=22734"},{"taxonomy":"post_tag","embeddable":true,"href":"https:\/\/katinkaskitchen.com\/index.php?rest_route=%2Fwp%2Fv2%2Ftags&post=22734"}],"curies":[{"name":"wp","href":"https:\/\/api.w.org\/{rel}","templated":true}]}}