{"id":23374,"date":"2015-10-04T02:50:20","date_gmt":"2015-10-04T02:50:20","guid":{"rendered":"http:\/\/katinkaskitchen.com\/?p=23374"},"modified":"2022-12-13T15:07:25","modified_gmt":"2022-12-13T14:07:25","slug":"ett-ar-i-mitt-liv","status":"publish","type":"post","link":"https:\/\/katinkaskitchen.com\/?p=23374","title":{"rendered":"Ett \u00e5r i mitt liv&#8230;"},"content":{"rendered":"<p><a href=\"http:\/\/files.katinkaskitchen.com\/2015\/10\/IMG_2464.jpg\"><img loading=\"lazy\" decoding=\"async\" class=\"alignright size-large wp-image-23376\" src=\"http:\/\/files.katinkaskitchen.com\/2015\/10\/IMG_2464-1024x683.jpg\" alt=\"IMG_2464\" width=\"1024\" height=\"683\" srcset=\"https:\/\/files.katinkaskitchen.com\/2015\/10\/IMG_2464-1024x683.jpg 1024w, https:\/\/files.katinkaskitchen.com\/2015\/10\/IMG_2464-150x100.jpg 150w, https:\/\/files.katinkaskitchen.com\/2015\/10\/IMG_2464-300x200.jpg 300w, https:\/\/files.katinkaskitchen.com\/2015\/10\/IMG_2464.jpg 1280w\" sizes=\"auto, (max-width: 1024px) 100vw, 1024px\" \/><\/a><\/p>\n<p><strong>Den trogna l\u00e4saren vet att jag f\u00f6r ett \u00e5r sedan inte kunde skriva n\u00e5gra nya recept eftersom <a href=\"http:\/\/files.katinkaskitchen.com\/2015\/10\/IMG_3115.jpg\"><img loading=\"lazy\" decoding=\"async\" class=\"alignright size-medium wp-image-23379\" src=\"http:\/\/files.katinkaskitchen.com\/2015\/10\/IMG_3115-225x300.jpg\" alt=\"IMG_3115\" width=\"225\" height=\"300\" srcset=\"https:\/\/files.katinkaskitchen.com\/2015\/10\/IMG_3115-225x300.jpg 225w, https:\/\/files.katinkaskitchen.com\/2015\/10\/IMG_3115-113x150.jpg 113w, https:\/\/files.katinkaskitchen.com\/2015\/10\/IMG_3115-768x1024.jpg 768w\" sizes=\"auto, (max-width: 225px) 100vw, 225px\" \/><\/a>jag inte kunde laga mat p\u00e5 flera m\u00e5nader. Jag opererades f\u00f6r br\u00f6stcancer som de hittade p\u00e5 ett mycket tidigt skede, och jag har blivit fri fr\u00e5n cancercellerna. Ett \u00e5r senare \u00e4r jag inte riktigt tillbaka d\u00e4r jag var innan, men jag kan laga mat och g\u00f6r det g\u00e4rna. Jag har valt att vara \u00f6ppen om det som h\u00e4nt mig och \u00e4ven bloggat p\u00e5 finest.se\/katinkaskitchen.&nbsp;<a href=\"http:\/\/files.katinkaskitchen.com\/2015\/10\/IMG_3117.jpg\"><img loading=\"lazy\" decoding=\"async\" class=\"alignright size-medium wp-image-23380\" src=\"http:\/\/files.katinkaskitchen.com\/2015\/10\/IMG_3117-300x225.jpg\" alt=\"IMG_3117\" width=\"300\" height=\"225\" srcset=\"https:\/\/files.katinkaskitchen.com\/2015\/10\/IMG_3117-300x225.jpg 300w, https:\/\/files.katinkaskitchen.com\/2015\/10\/IMG_3117-150x113.jpg 150w, https:\/\/files.katinkaskitchen.com\/2015\/10\/IMG_3117-1024x768.jpg 1024w\" sizes=\"auto, (max-width: 300px) 100vw, 300px\" \/><\/a><\/strong><\/p>\n<p><strong>Jag fick strax f\u00f6re sommaren ett samtal fr\u00e5n chefredakt\u00f6ren f\u00f6r M Magasin, hon har f\u00f6ljt min cancerresa och precis som jag sj\u00e4lv \u00f6verraskats av att cancercellerna kan v\u00e4xa i mj\u00f6lkk\u00f6rtelg\u00e5ngarna s\u00e5 man m\u00e5ste ta bort hela br\u00f6stet trots att det \u00e4nnu inte blivit en invasiv cancer. Man m\u00e5ste&nbsp;<a href=\"http:\/\/files.katinkaskitchen.com\/2015\/10\/IMG_2461.jpg\"><img loading=\"lazy\" decoding=\"async\" class=\"alignright size-medium wp-image-23378\" src=\"http:\/\/files.katinkaskitchen.com\/2015\/10\/IMG_2461-281x300.jpg\" alt=\"IMG_2461\" width=\"281\" height=\"300\" srcset=\"https:\/\/files.katinkaskitchen.com\/2015\/10\/IMG_2461-281x300.jpg 281w, https:\/\/files.katinkaskitchen.com\/2015\/10\/IMG_2461-140x150.jpg 140w, https:\/\/files.katinkaskitchen.com\/2015\/10\/IMG_2461.jpg 680w\" sizes=\"auto, (max-width: 281px) 100vw, 281px\" \/><\/a><em>b\u00e5de&nbsp;<\/em>kl\u00e4mma och k\u00e4nna p\u00e5 br\u00f6sten&nbsp;<em>och&nbsp;<\/em>noga g\u00e5 p\u00e5 sin mammografi. Jag tyckte det var sj\u00e4lvklart att st\u00e4lla upp och hj\u00e4lpa till att sprida kunskap om denna hemska sjukdom men ocks\u00e5 inge hopp. \u00d6verlevnaden har \u00f6kat dramatiskt, delvis tack vare forskning och st\u00f6d till den s\u00e5 som Rosa Bandet. Det k\u00e4ndes \u00e4rligt talat lite konstigt att visa upp mig s\u00e5pass &#8221;naken&#8221;, men n\u00e4r man varit br\u00f6stcancerpatient \u00e4r det vardagsmat att visa br\u00f6sten, och det nya h\u00f6gra k\u00e4nns inte ens som ett br\u00f6st:) Strax f\u00f6re semestern kom en journalist och intervjuade mig och efter semestern kom proffsfotografen. Vi hade riktigt trevligt vid b\u00e5da tillf\u00e4llena och nu har allts\u00e5 tidningen kommit ut, p\u00e5 \u00e5rsdagen f\u00f6r min operation d\u00e5 de opererade bort br\u00f6stet och byggde ett nytt. Den f\u00f6rsta oktober \u00e4r \u00e4ven f\u00f6rsta dagen p\u00e5 Rosa Bandet-m\u00e5naden. Precis som det st\u00e5r i artikeln har det h\u00e4r omtumlande \u00e5ret givit mig tankar och perspektiv p\u00e5 mycket i livet. S\u00e5 nu hoppas jag att n\u00e5gon chefredakt\u00f6r ska h\u00f6ra av sig g\u00e4llande mitt matskrivande, kanske f\u00f6r en kolumn med matid\u00e9er och inspiration\u2026 &nbsp;<\/strong><\/p>\n<p><strong>Med v\u00e4nliga matglada h\u00e4lsningar fr\u00e5n Katinka i mitt Kitchen!&nbsp;<\/strong><\/p>\n<p>Bilderna \u00e4r tagna av Paulina Westerlind och journalisten heter Lis Landmark. Ursprungsrubriken p\u00e5 artikeln var &#8221;Vad ska jag s\u00e4ga till barnen..?&#8221; men den \u00e4ndrades till &#8221;n\u00e5got mer hoppingivande&#8221; p\u00e5 oklara grunder:)<\/p>\n","protected":false},"excerpt":{"rendered":"<p>Den trogna l\u00e4saren vet att jag f\u00f6r ett \u00e5r sedan inte kunde skriva n\u00e5gra nya recept eftersom jag inte kunde laga mat p\u00e5 flera m\u00e5nader. Jag opererades f\u00f6r br\u00f6stcancer som de hittade p\u00e5 ett mycket tidigt skede, och jag har blivit fri fr\u00e5n cancercellerna. Ett \u00e5r senare \u00e4r jag inte [&hellip;]<\/p>\n","protected":false},"author":5,"featured_media":23376,"comment_status":"open","ping_status":"closed","sticky":false,"template":"","format":"standard","meta":{"footnotes":""},"categories":[114],"tags":[],"class_list":["post-23374","post","type-post","status-publish","format-standard","has-post-thumbnail","hentry","category-varmt-valkommen"],"_links":{"self":[{"href":"https:\/\/katinkaskitchen.com\/index.php?rest_route=\/wp\/v2\/posts\/23374","targetHints":{"allow":["GET"]}}],"collection":[{"href":"https:\/\/katinkaskitchen.com\/index.php?rest_route=\/wp\/v2\/posts"}],"about":[{"href":"https:\/\/katinkaskitchen.com\/index.php?rest_route=\/wp\/v2\/types\/post"}],"author":[{"embeddable":true,"href":"https:\/\/katinkaskitchen.com\/index.php?rest_route=\/wp\/v2\/users\/5"}],"replies":[{"embeddable":true,"href":"https:\/\/katinkaskitchen.com\/index.php?rest_route=%2Fwp%2Fv2%2Fcomments&post=23374"}],"version-history":[{"count":5,"href":"https:\/\/katinkaskitchen.com\/index.php?rest_route=\/wp\/v2\/posts\/23374\/revisions"}],"predecessor-version":[{"id":36197,"href":"https:\/\/katinkaskitchen.com\/index.php?rest_route=\/wp\/v2\/posts\/23374\/revisions\/36197"}],"wp:featuredmedia":[{"embeddable":true,"href":"https:\/\/katinkaskitchen.com\/index.php?rest_route=\/wp\/v2\/media\/23376"}],"wp:attachment":[{"href":"https:\/\/katinkaskitchen.com\/index.php?rest_route=%2Fwp%2Fv2%2Fmedia&parent=23374"}],"wp:term":[{"taxonomy":"category","embeddable":true,"href":"https:\/\/katinkaskitchen.com\/index.php?rest_route=%2Fwp%2Fv2%2Fcategories&post=23374"},{"taxonomy":"post_tag","embeddable":true,"href":"https:\/\/katinkaskitchen.com\/index.php?rest_route=%2Fwp%2Fv2%2Ftags&post=23374"}],"curies":[{"name":"wp","href":"https:\/\/api.w.org\/{rel}","templated":true}]}}