{"id":23574,"date":"2015-10-20T03:00:01","date_gmt":"2015-10-20T03:00:01","guid":{"rendered":"http:\/\/katinkaskitchen.com\/?p=23574"},"modified":"2022-12-13T15:05:40","modified_gmt":"2022-12-13T14:05:40","slug":"makens-kottfarssas","status":"publish","type":"post","link":"https:\/\/katinkaskitchen.com\/?p=23574","title":{"rendered":"Henriks k\u00f6ttf\u00e4rss\u00e5s"},"content":{"rendered":"<p><a href=\"http:\/\/files.katinkaskitchen.com\/2015\/10\/IMG_3437.jpg\"><img loading=\"lazy\" decoding=\"async\" class=\"alignright size-large wp-image-23581\" src=\"http:\/\/files.katinkaskitchen.com\/2015\/10\/IMG_3437-1024x730.jpg\" alt=\"IMG_3437\" width=\"1024\" height=\"730\" srcset=\"https:\/\/files.katinkaskitchen.com\/2015\/10\/IMG_3437-1024x730.jpg 1024w, https:\/\/files.katinkaskitchen.com\/2015\/10\/IMG_3437-150x107.jpg 150w, https:\/\/files.katinkaskitchen.com\/2015\/10\/IMG_3437-300x214.jpg 300w\" sizes=\"auto, (max-width: 1024px) 100vw, 1024px\" \/><\/a><\/p>\n<p><strong>Jag har ju min k\u00f6ttf\u00e4rss\u00e5s special sedan m\u00e5nga \u00e5r &#8211; med gl\u00f6gg i(!) Maken har sin version som han sv\u00e4r lika mycket vid, och barnen s\u00e4ger artigt att de gillar b\u00e5da. Den h\u00e4r inneh\u00e5ller inte gl\u00f6gg, men v\u00e4l en liten skv\u00e4tt vin. F\u00f6r \u00f6vrigt \u00e4r skillnaden att den h\u00e4r inneh\u00e5ller gul l\u00f6k och f\u00e4rska tomater, men annars \u00e4r det i \u00e4rlighetens namn inte s\u00e5 v\u00e4ldigt stor skillnad eftersom en k\u00f6ttf\u00e4rss\u00e5s \u00e4r en k\u00f6ttf\u00e4rss\u00e5s:)&nbsp;<\/strong><\/p>\n<p>Maken uttryckte sitt missn\u00f6je med fotot och jag har lovat att ta b\u00e4ttre bilder n\u00e4sta g\u00e5ng han g\u00f6r sin goda k\u00f6ttf\u00e4rss\u00e5s.<\/p>\n<p><em><strong>Du beh\u00f6ver f\u00f6r ca 4 personer:&nbsp;<a href=\"http:\/\/files.katinkaskitchen.com\/2015\/10\/IMG_3437.jpg\"><img loading=\"lazy\" decoding=\"async\" class=\"alignright size-medium wp-image-23581\" src=\"http:\/\/files.katinkaskitchen.com\/2015\/10\/IMG_3437-300x214.jpg\" alt=\"IMG_3437\" width=\"300\" height=\"214\" srcset=\"https:\/\/files.katinkaskitchen.com\/2015\/10\/IMG_3437-300x214.jpg 300w, https:\/\/files.katinkaskitchen.com\/2015\/10\/IMG_3437-150x107.jpg 150w, https:\/\/files.katinkaskitchen.com\/2015\/10\/IMG_3437-1024x730.jpg 1024w\" sizes=\"auto, (max-width: 300px) 100vw, 300px\" \/><\/a><\/strong><\/em><\/p>\n<p>500 gram k\u00f6ttf\u00e4rs<\/p>\n<p>1 burk hackade tomater av god kvalitet<\/p>\n<p>6 f\u00e4rska tomater, sk\u00f6ljda och hackade<\/p>\n<p>1 gul l\u00f6k, skalad och hackad<\/p>\n<p>1-2 vitl\u00f6ksklyftor, skalade och hackade<\/p>\n<p>massa \u00f6rtkryddor &#8211; oregano, basilika, k\u00f6rvel, timjan, rosmarin<\/p>\n<p>3-4 msk tomatpur\u00e9<\/p>\n<p>en skv\u00e4tt vin<\/p>\n<p>2 buljongt\u00e4rningar (maken tar helst k\u00f6ttbuljong medan jag tar gr\u00f6nsaksbuljong)<\/p>\n<p>salt och peppar<\/p>\n<p>ev. en aning chili (det har han i f\u00f6r att blidka oss andra:)<\/p>\n<p>olivolja eller annan olja att steka i<\/p>\n<p><em><strong>G\u00f6r s\u00e5 h\u00e4r:&nbsp;<\/strong><\/em><\/p>\n<p>Bryn k\u00f6ttf\u00e4rsen s\u00e5 den smular sig, tills\u00e4tt l\u00f6k och vitl\u00f6k och stek tills den \u00e4r mjuk utan att ta f\u00e4rg. Tills\u00e4tt vinet, l\u00e5t puttra ihop lite, tills\u00e4tt tomaterna, tomatpur\u00e9n och kryddorna samt buljongen. L\u00e5t puttra p\u00e5 ganska l\u00e5g v\u00e4rme s\u00e5 smakerna blandas ordentligt och s\u00e5sen tjocknar en aning. Koka pasta efter tillg\u00e5ng och smak. Servera din nykokta al dente-pasta direkt med k\u00f6ttf\u00e4rss\u00e5sen.<\/p>\n<p>Bon app\u00e9tit \u00f6nskas med v\u00e4nliga matglada h\u00e4lsningar fr\u00e5n Katinkas Kitchen<\/p>\n<p>Katinka Hammarski\u00f6ld<\/p>\n<p>katinka.hammarskiold@hotmail.com<\/p>\n<p>www.katinkaskitchen.com<\/p>\n<p>&nbsp;<\/p>\n","protected":false},"excerpt":{"rendered":"<p>Jag har ju min k\u00f6ttf\u00e4rss\u00e5s special sedan m\u00e5nga \u00e5r &#8211; med gl\u00f6gg i(!) Maken har sin version som han sv\u00e4r lika mycket vid, och barnen s\u00e4ger artigt att de gillar b\u00e5da. Den h\u00e4r inneh\u00e5ller inte gl\u00f6gg, men v\u00e4l en liten skv\u00e4tt vin. F\u00f6r \u00f6vrigt \u00e4r skillnaden att den h\u00e4r inneh\u00e5ller [&hellip;]<\/p>\n","protected":false},"author":5,"featured_media":23581,"comment_status":"open","ping_status":"closed","sticky":false,"template":"","format":"standard","meta":{"footnotes":""},"categories":[112,11765,4008,106,4036,11754,4034],"tags":[],"class_list":["post-23574","post","type-post","status-publish","format-standard","has-post-thumbnail","hentry","category-pasta-italienskt","category-retro","category-kott","category-lattlagat","category-notkott","category-pasta","category-vardagsmiddag"],"_links":{"self":[{"href":"https:\/\/katinkaskitchen.com\/index.php?rest_route=\/wp\/v2\/posts\/23574","targetHints":{"allow":["GET"]}}],"collection":[{"href":"https:\/\/katinkaskitchen.com\/index.php?rest_route=\/wp\/v2\/posts"}],"about":[{"href":"https:\/\/katinkaskitchen.com\/index.php?rest_route=\/wp\/v2\/types\/post"}],"author":[{"embeddable":true,"href":"https:\/\/katinkaskitchen.com\/index.php?rest_route=\/wp\/v2\/users\/5"}],"replies":[{"embeddable":true,"href":"https:\/\/katinkaskitchen.com\/index.php?rest_route=%2Fwp%2Fv2%2Fcomments&post=23574"}],"version-history":[{"count":6,"href":"https:\/\/katinkaskitchen.com\/index.php?rest_route=\/wp\/v2\/posts\/23574\/revisions"}],"predecessor-version":[{"id":36194,"href":"https:\/\/katinkaskitchen.com\/index.php?rest_route=\/wp\/v2\/posts\/23574\/revisions\/36194"}],"wp:featuredmedia":[{"embeddable":true,"href":"https:\/\/katinkaskitchen.com\/index.php?rest_route=\/wp\/v2\/media\/23581"}],"wp:attachment":[{"href":"https:\/\/katinkaskitchen.com\/index.php?rest_route=%2Fwp%2Fv2%2Fmedia&parent=23574"}],"wp:term":[{"taxonomy":"category","embeddable":true,"href":"https:\/\/katinkaskitchen.com\/index.php?rest_route=%2Fwp%2Fv2%2Fcategories&post=23574"},{"taxonomy":"post_tag","embeddable":true,"href":"https:\/\/katinkaskitchen.com\/index.php?rest_route=%2Fwp%2Fv2%2Ftags&post=23574"}],"curies":[{"name":"wp","href":"https:\/\/api.w.org\/{rel}","templated":true}]}}