{"id":23799,"date":"2015-11-08T03:00:50","date_gmt":"2015-11-08T03:00:50","guid":{"rendered":"http:\/\/katinkaskitchen.com\/?p=23799"},"modified":"2022-12-13T15:21:37","modified_gmt":"2022-12-13T14:21:37","slug":"agg-i-kokott-med-spenat-och-pumpapure","status":"publish","type":"post","link":"https:\/\/katinkaskitchen.com\/?p=23799","title":{"rendered":"\u00c4gg i kokott med spenat och pumpapur\u00e9"},"content":{"rendered":"<p><a href=\"http:\/\/files.katinkaskitchen.com\/2015\/11\/IMG_4308.jpg\"><img loading=\"lazy\" decoding=\"async\" class=\"alignright size-full wp-image-23802\" src=\"http:\/\/files.katinkaskitchen.com\/2015\/11\/IMG_4308.jpg\" alt=\"IMG_4308\" width=\"640\" height=\"480\" srcset=\"https:\/\/files.katinkaskitchen.com\/2015\/11\/IMG_4308.jpg 640w, https:\/\/files.katinkaskitchen.com\/2015\/11\/IMG_4308-150x113.jpg 150w, https:\/\/files.katinkaskitchen.com\/2015\/11\/IMG_4308-300x225.jpg 300w\" sizes=\"auto, (max-width: 640px) 100vw, 640px\" \/><\/a><\/p>\n<p><strong>Jag hade kvar lite av den goda pumpapur\u00e9n jag g\u00e4rna serverar s\u00e5 h\u00e4r \u00e5rs som tillbeh\u00f6r till b\u00e5de fisk, k\u00f6tt och kyckling. <a href=\"http:\/\/files.katinkaskitchen.com\/2015\/11\/IMG_4306.jpg\"><img loading=\"lazy\" decoding=\"async\" class=\"alignright size-medium wp-image-23807\" src=\"http:\/\/files.katinkaskitchen.com\/2015\/11\/IMG_4306-300x225.jpg\" alt=\"IMG_4306\" width=\"300\" height=\"225\" srcset=\"https:\/\/files.katinkaskitchen.com\/2015\/11\/IMG_4306-300x225.jpg 300w, https:\/\/files.katinkaskitchen.com\/2015\/11\/IMG_4306-150x113.jpg 150w, https:\/\/files.katinkaskitchen.com\/2015\/11\/IMG_4306.jpg 640w\" sizes=\"auto, (max-width: 300px) 100vw, 300px\" \/><\/a>F\u00e4rsk bladspenat fick sm\u00e4lta ner i sm\u00f6rstekt schalottenl\u00f6k som bottnade kokotterna som p\u00e5 franska heter ramequins, d\u00e4refter en klick pumpapur\u00e9 toppat av ett \u00e4gg med lite gr\u00e4dde \u00f6verst f\u00f6r att h\u00e5lla \u00e4gget saftigt. Baka s\u00e5 att \u00e4ggulan fortfarande \u00e4r l\u00f6s och servera med en sallad och kanske ett gott br\u00f6d s\u00e5 har du en alldeles underbar l\u00e4ttlagad brunch.&nbsp;<\/strong><\/p>\n<p>Det brukar g\u00e5 \u00e5t tv\u00e5 kokotter per person.<a href=\"http:\/\/files.katinkaskitchen.com\/2015\/11\/IMG_4302.jpg\"><img loading=\"lazy\" decoding=\"async\" class=\"alignright size-medium wp-image-23803\" src=\"http:\/\/files.katinkaskitchen.com\/2015\/11\/IMG_4302-225x300.jpg\" alt=\"IMG_4302\" width=\"225\" height=\"300\" srcset=\"https:\/\/files.katinkaskitchen.com\/2015\/11\/IMG_4302-225x300.jpg 225w, https:\/\/files.katinkaskitchen.com\/2015\/11\/IMG_4302-113x150.jpg 113w, https:\/\/files.katinkaskitchen.com\/2015\/11\/IMG_4302.jpg 480w\" sizes=\"auto, (max-width: 225px) 100vw, 225px\" \/><\/a><\/p>\n<p><em><strong>Du beh\u00f6ver f\u00f6r 4 personer:&nbsp;<\/strong><\/em><\/p>\n<p>8 \u00e4gg, g\u00e4rna ekologiska<\/p>\n<p>en p\u00e5se f\u00e4rsk bladspenat eller fryst bladspenat<\/p>\n<p>1-2 schalottenl\u00f6kar, skalade och finhackade<\/p>\n<p>en rej\u00e4l klick sm\u00f6r<\/p>\n<p>pumpapur\u00e9 &#8211; f\u00f6lj eget recept h\u00e4r p\u00e5 Katinkas Kitchen &#8211; s\u00f6k i s\u00f6krutan uppe till h\u00f6ger<\/p>\n<p>n\u00e5gra msk gr\u00e4dde att h\u00e4lla \u00f6ver<a href=\"http:\/\/files.katinkaskitchen.com\/2015\/11\/IMG_4303.jpg\"><img loading=\"lazy\" decoding=\"async\" class=\"alignright size-medium wp-image-23804\" src=\"http:\/\/files.katinkaskitchen.com\/2015\/11\/IMG_4303-225x300.jpg\" alt=\"IMG_4303\" width=\"225\" height=\"300\" srcset=\"https:\/\/files.katinkaskitchen.com\/2015\/11\/IMG_4303-225x300.jpg 225w, https:\/\/files.katinkaskitchen.com\/2015\/11\/IMG_4303-113x150.jpg 113w, https:\/\/files.katinkaskitchen.com\/2015\/11\/IMG_4303.jpg 480w\" sizes=\"auto, (max-width: 225px) 100vw, 225px\" \/><\/a><\/p>\n<p>salt &amp; nymald peppar<\/p>\n<p>g\u00e4rna lite \u00f6rtsalt<\/p>\n<p>timjan eller annan \u00f6rtkrydda<\/p>\n<p>1 msk sm\u00f6r att sm\u00f6rja formarna med<\/p>\n<p><em><strong>G\u00f6r s\u00e5 h\u00e4r:&nbsp;<\/strong><\/em><\/p>\n<p>Fr\u00e4s schalottenl\u00f6ken p\u00e5 l\u00e5g v\u00e4rme i sm\u00f6ret s\u00e5 att l\u00f6ken mjuknar utan att ta f\u00e4rg. Tills\u00e4tt spenaten och v\u00e4nd runt s\u00e5 att bladen precis vissnar ner. <a href=\"http:\/\/files.katinkaskitchen.com\/2015\/11\/IMG_4304.jpg\"><img loading=\"lazy\" decoding=\"async\" class=\"alignright size-medium wp-image-23805\" src=\"http:\/\/files.katinkaskitchen.com\/2015\/11\/IMG_4304-225x300.jpg\" alt=\"IMG_4304\" width=\"225\" height=\"300\" srcset=\"https:\/\/files.katinkaskitchen.com\/2015\/11\/IMG_4304-225x300.jpg 225w, https:\/\/files.katinkaskitchen.com\/2015\/11\/IMG_4304-113x150.jpg 113w, https:\/\/files.katinkaskitchen.com\/2015\/11\/IMG_4304.jpg 480w\" sizes=\"auto, (max-width: 225px) 100vw, 225px\" \/><\/a>Sm\u00f6rj 8 formar\/kokotter med sm\u00f6r. F\u00f6rdela spenaten i botten av formarna. L\u00e4gg d\u00e4refter i en sked pumpapur\u00e9 i varje form\/kokott. Kn\u00e4ck ett \u00e4gg i varje form\/kokott, krydda och h\u00e4ll f\u00f6rsiktigt lite gr\u00e4dde \u00f6ver varje \u00e4gg. St\u00e4ll in formarna i ugnen som du v\u00e4rmt till 150 grader. Det tar ca 15-20 minuter &#8211; h\u00e5ll koll p\u00e5 dem s\u00e5 att vitan precis har stelnat men \u00e4ggulan fortfarande \u00e4r l\u00f6s. Servera direkt, g\u00e4rna med en sallad.<\/p>\n<p>Bon app\u00e9tit \u00f6nskas med v\u00e4nliga matglada h\u00e4lsningar fr\u00e5n Katinkas Kitchen!<\/p>\n<p>Katinka Hammarski\u00f6ld<\/p>\n<p>katinka.hammarskiold@hotmail.com<a href=\"http:\/\/files.katinkaskitchen.com\/2015\/11\/IMG_4305.jpg\"><img loading=\"lazy\" decoding=\"async\" class=\"alignright size-medium wp-image-23806\" src=\"http:\/\/files.katinkaskitchen.com\/2015\/11\/IMG_4305-300x225.jpg\" alt=\"IMG_4305\" width=\"300\" height=\"225\" srcset=\"https:\/\/files.katinkaskitchen.com\/2015\/11\/IMG_4305-300x225.jpg 300w, https:\/\/files.katinkaskitchen.com\/2015\/11\/IMG_4305-150x113.jpg 150w, https:\/\/files.katinkaskitchen.com\/2015\/11\/IMG_4305.jpg 640w\" sizes=\"auto, (max-width: 300px) 100vw, 300px\" \/><\/a><\/p>\n<p>www.katinkaskitchen.com<a href=\"http:\/\/files.katinkaskitchen.com\/2015\/11\/IMG_4307.jpg\"><img loading=\"lazy\" decoding=\"async\" class=\"alignright size-medium wp-image-23808\" src=\"http:\/\/files.katinkaskitchen.com\/2015\/11\/IMG_4307-300x225.jpg\" alt=\"IMG_4307\" width=\"300\" height=\"225\" srcset=\"https:\/\/files.katinkaskitchen.com\/2015\/11\/IMG_4307-300x225.jpg 300w, https:\/\/files.katinkaskitchen.com\/2015\/11\/IMG_4307-150x113.jpg 150w, https:\/\/files.katinkaskitchen.com\/2015\/11\/IMG_4307.jpg 640w\" sizes=\"auto, (max-width: 300px) 100vw, 300px\" \/><\/a><\/p>\n","protected":false},"excerpt":{"rendered":"<p>Jag hade kvar lite av den goda pumpapur\u00e9n jag g\u00e4rna serverar s\u00e5 h\u00e4r \u00e5rs som tillbeh\u00f6r till b\u00e5de fisk, k\u00f6tt och kyckling. F\u00e4rsk bladspenat fick sm\u00e4lta ner i sm\u00f6rstekt schalottenl\u00f6k som bottnade kokotterna som p\u00e5 franska heter ramequins, d\u00e4refter en klick pumpapur\u00e9 toppat av ett \u00e4gg med lite gr\u00e4dde \u00f6verst [&hellip;]<\/p>\n","protected":false},"author":5,"featured_media":23802,"comment_status":"open","ping_status":"closed","sticky":false,"template":"","format":"standard","meta":{"footnotes":""},"categories":[103,4026,11782,39,88],"tags":[],"class_list":["post-23799","post","type-post","status-publish","format-standard","has-post-thumbnail","hentry","category-agg","category-brunch","category-nyttig-mat","category-pumpa","category-spenat"],"_links":{"self":[{"href":"https:\/\/katinkaskitchen.com\/index.php?rest_route=\/wp\/v2\/posts\/23799","targetHints":{"allow":["GET"]}}],"collection":[{"href":"https:\/\/katinkaskitchen.com\/index.php?rest_route=\/wp\/v2\/posts"}],"about":[{"href":"https:\/\/katinkaskitchen.com\/index.php?rest_route=\/wp\/v2\/types\/post"}],"author":[{"embeddable":true,"href":"https:\/\/katinkaskitchen.com\/index.php?rest_route=\/wp\/v2\/users\/5"}],"replies":[{"embeddable":true,"href":"https:\/\/katinkaskitchen.com\/index.php?rest_route=%2Fwp%2Fv2%2Fcomments&post=23799"}],"version-history":[{"count":3,"href":"https:\/\/katinkaskitchen.com\/index.php?rest_route=\/wp\/v2\/posts\/23799\/revisions"}],"predecessor-version":[{"id":30951,"href":"https:\/\/katinkaskitchen.com\/index.php?rest_route=\/wp\/v2\/posts\/23799\/revisions\/30951"}],"wp:featuredmedia":[{"embeddable":true,"href":"https:\/\/katinkaskitchen.com\/index.php?rest_route=\/wp\/v2\/media\/23802"}],"wp:attachment":[{"href":"https:\/\/katinkaskitchen.com\/index.php?rest_route=%2Fwp%2Fv2%2Fmedia&parent=23799"}],"wp:term":[{"taxonomy":"category","embeddable":true,"href":"https:\/\/katinkaskitchen.com\/index.php?rest_route=%2Fwp%2Fv2%2Fcategories&post=23799"},{"taxonomy":"post_tag","embeddable":true,"href":"https:\/\/katinkaskitchen.com\/index.php?rest_route=%2Fwp%2Fv2%2Ftags&post=23799"}],"curies":[{"name":"wp","href":"https:\/\/api.w.org\/{rel}","templated":true}]}}