{"id":24554,"date":"2015-12-18T03:00:44","date_gmt":"2015-12-18T03:00:44","guid":{"rendered":"http:\/\/katinkaskitchen.com\/?p=24554"},"modified":"2022-12-13T15:15:12","modified_gmt":"2022-12-13T14:15:12","slug":"kanderade-mandlar-praline","status":"publish","type":"post","link":"https:\/\/katinkaskitchen.com\/?p=24554","title":{"rendered":"Kanderade mandlar &#8211; pralin\u00e9"},"content":{"rendered":"<p><img loading=\"lazy\" decoding=\"async\" class=\"alignright size-full wp-image-24556\" src=\"http:\/\/files.katinkaskitchen.com\/2015\/12\/IMG_4591.jpg\" alt=\"IMG_4591\" width=\"640\" height=\"480\" srcset=\"https:\/\/files.katinkaskitchen.com\/2015\/12\/IMG_4591.jpg 640w, https:\/\/files.katinkaskitchen.com\/2015\/12\/IMG_4591-150x113.jpg 150w, https:\/\/files.katinkaskitchen.com\/2015\/12\/IMG_4591-300x225.jpg 300w\" sizes=\"auto, (max-width: 640px) 100vw, 640px\" \/><\/p>\n<p><strong>Att kandera n\u00f6tter, eller om det heter karamellisera, kan verka ganska l\u00e4tt och beskrivs l\u00e4ttvindigt i m\u00e5nga recept. Jag slet l\u00e4nge<img loading=\"lazy\" decoding=\"async\" class=\"alignright size-medium wp-image-24558\" src=\"http:\/\/files.katinkaskitchen.com\/2015\/12\/IMG_4585-300x225.jpg\" alt=\"IMG_4585\" width=\"300\" height=\"225\" srcset=\"https:\/\/files.katinkaskitchen.com\/2015\/12\/IMG_4585-300x225.jpg 300w, https:\/\/files.katinkaskitchen.com\/2015\/12\/IMG_4585-150x113.jpg 150w, https:\/\/files.katinkaskitchen.com\/2015\/12\/IMG_4585.jpg 640w\" sizes=\"auto, (max-width: 300px) 100vw, 300px\" \/> mitt h\u00e5r och kunde inte begripa varf\u00f6r mina n\u00f6tter bara slutade i ett knastrigt sockervitt klibb \u00e4nda tills jag travade in p\u00e5 Xoco i Stockholm f\u00f6r att fr\u00e5ga en livs levande duktig patissi\u00e8re hur man egentligen g\u00f6r. Det visar sig att man m\u00e5ste ha t\u00e5lamod &#8211; det tar mycket l\u00e4ngre tid \u00e4n man kan f\u00f6rledas att tro i alla recept. Men n\u00e4r man v\u00e4l st\u00e5r d\u00e4r och r\u00f6r och r\u00f6r s\u00e5 bel\u00f6nas man med verkligt goda n\u00f6tter t\u00e4ckta av den h\u00e5rdkrispiga sockerkanderingen.<\/strong><\/p>\n<p><strong>De kan sedan anv\u00e4ndas i chokladgodisar och efterr\u00e4tter som till exempel en underbar vaniljglass med kanderade n\u00f6tter, liknande en <img loading=\"lazy\" decoding=\"async\" class=\"alignright size-medium wp-image-24559\" src=\"http:\/\/files.katinkaskitchen.com\/2015\/12\/IMG_4586-300x225.jpg\" alt=\"IMG_4586\" width=\"300\" height=\"225\" srcset=\"https:\/\/files.katinkaskitchen.com\/2015\/12\/IMG_4586-300x225.jpg 300w, https:\/\/files.katinkaskitchen.com\/2015\/12\/IMG_4586-150x113.jpg 150w, https:\/\/files.katinkaskitchen.com\/2015\/12\/IMG_4586.jpg 640w\" sizes=\"auto, (max-width: 300px) 100vw, 300px\" \/>pralines and cream.&nbsp;Jag pr\u00f6vade f\u00f6rst att k\u00f6ra de&nbsp;kanderade pecann\u00f6tterna i mixern men det visade sig vara en d\u00e5lig id\u00e9 som bara drar av kanderingen fr\u00e5n n\u00f6tterna. Det \u00e4r b\u00e4st att hacka dem och sedan blanda dem med din n\u00e4stan f\u00e4rdigslungade eller helt f\u00e4rdigslungade hemgjorda vaniljglassen.&nbsp;<\/strong><\/p>\n<p><em><strong>Du beh\u00f6ver:&nbsp;<\/strong><\/em><\/p>\n<p>300 gram&nbsp;mandlar<\/p>\n<p>120 gram vatten<\/p>\n<p>240 gram socker<img loading=\"lazy\" decoding=\"async\" class=\"alignright size-medium wp-image-24560\" src=\"http:\/\/files.katinkaskitchen.com\/2015\/12\/IMG_4589-300x225.jpg\" alt=\"IMG_4589\" width=\"300\" height=\"225\" srcset=\"https:\/\/files.katinkaskitchen.com\/2015\/12\/IMG_4589-300x225.jpg 300w, https:\/\/files.katinkaskitchen.com\/2015\/12\/IMG_4589-150x113.jpg 150w, https:\/\/files.katinkaskitchen.com\/2015\/12\/IMG_4589.jpg 640w\" sizes=\"auto, (max-width: 300px) 100vw, 300px\" \/><\/p>\n<p><em><strong>G\u00f6r s\u00e5 h\u00e4r:&nbsp;<\/strong><\/em><\/p>\n<p>Blanda socker och vatten i en tjockbottnad kastrull, g\u00e4rna lite vidare i nederkant, typ trakt\u00f6rpanna eller&nbsp;sauteuse. L\u00e5t sockret sm\u00e4lta p\u00e5 medelh\u00f6g temperatur. L\u00e5t koka ihop till en karamell. M\u00e4t med termometer n\u00e4r den \u00e4r 115 grader varm. H\u00e4ll d\u00e5 i mandlarna. R\u00f6r hela tiden med en slickepott, tr\u00e4sked eller tr\u00e4spatel \u00f6ver medelh\u00f6g temperatur. Efter ett tag &#8221;d\u00f6r&#8221; sockret och blir vitkristalligt &#8211; det \u00e4r d\u00e5 jag trodde att jag helt misslyckats och uppgivet h\u00e4llde upp mina f\u00e5niga mandlar och suckade. Men tricket \u00e4r att <img loading=\"lazy\" decoding=\"async\" class=\"alignright size-medium wp-image-24561\" src=\"http:\/\/files.katinkaskitchen.com\/2015\/12\/IMG_4590-300x225.jpg\" alt=\"IMG_4590\" width=\"300\" height=\"225\" srcset=\"https:\/\/files.katinkaskitchen.com\/2015\/12\/IMG_4590-300x225.jpg 300w, https:\/\/files.katinkaskitchen.com\/2015\/12\/IMG_4590-150x113.jpg 150w, https:\/\/files.katinkaskitchen.com\/2015\/12\/IMG_4590.jpg 640w\" sizes=\"auto, (max-width: 300px) 100vw, 300px\" \/>forts\u00e4tta, det ska bli s\u00e5 h\u00e4r, och efter ett tag &#8211; faktiskt ett bra tag(!) &#8211; b\u00f6rjar sockret sm\u00e4lta igen och sakta karamelliseras. Forts\u00e4tt r\u00f6ra hela tiden s\u00e5 varje mandel t\u00e4cks av den sm\u00e4ltande karamellen. Det poppar i mandlarna och vi \u00e4r nu uppe p\u00e5 h\u00f6ga temperaturer s\u00e5 var f\u00f6rsiktig s\u00e5 du inte br\u00e4nner dig. Om man har f\u00f6r l\u00e5g v\u00e4rme h\u00e4nder inte<br \/>\njust karamelliseringen och har man f\u00f6r h\u00f6g v\u00e4rme blir det bara svart, br\u00e4nt och beskt. En sv\u00e5r avv\u00e4gning men jag valde att h\u00e5lla mig p\u00e5 5-6 p\u00e5 induktionsh\u00e4ll d\u00e4r graderingen g\u00e5r upp till nio. N\u00e4r all karamell blivit brun och alla mandlar \u00e4r fint t\u00e4ckta h\u00e4ller du upp och brer snabbt ut dina lyckade karamelliserade mandlar <img loading=\"lazy\" decoding=\"async\" class=\"alignright size-medium wp-image-24562\" src=\"http:\/\/files.katinkaskitchen.com\/2015\/12\/IMG_4593-300x225.jpg\" alt=\"IMG_4593\" width=\"300\" height=\"225\" srcset=\"https:\/\/files.katinkaskitchen.com\/2015\/12\/IMG_4593-300x225.jpg 300w, https:\/\/files.katinkaskitchen.com\/2015\/12\/IMG_4593-150x113.jpg 150w, https:\/\/files.katinkaskitchen.com\/2015\/12\/IMG_4593.jpg 640w\" sizes=\"auto, (max-width: 300px) 100vw, 300px\" \/>p\u00e5 ett bakpl\u00e5tspapper eller liknande att svalna. Som sagt &#8211; v\u00e4nta innan du smakar f\u00f6r det \u00e4r superhett!<\/p>\n<p>F\u00f6rvara de kanderade mandlarna i en t\u00e4ttslutande burk med lock. Doppa dem i sm\u00e4lt choklad f\u00f6r ljuvlig konfekt, ha i dem i tryfflar, hacka dem och str\u00f6 i eller p\u00e5 efterr\u00e4tter som glass eller l\u00e5t din fantasi hitta p\u00e5 nya fantastiska anv\u00e4ndningsomr\u00e5den &#8211; om du f\u00e5r ha dem kvar s\u00e5 l\u00e4nge eftersom de brukar vara mycket uppskattade \u00e4ven som de \u00e4r!<\/p>\n<p>Lycka till i sockerbagark\u00f6ket \u00f6nskas med v\u00e4nliga matglada h\u00e4lsningar fr\u00e5n Katinkas Kitchen!<img loading=\"lazy\" decoding=\"async\" class=\"alignright size-medium wp-image-24563\" src=\"http:\/\/files.katinkaskitchen.com\/2015\/12\/IMG_4594-300x225.jpg\" alt=\"IMG_4594\" width=\"300\" height=\"225\" srcset=\"https:\/\/files.katinkaskitchen.com\/2015\/12\/IMG_4594-300x225.jpg 300w, https:\/\/files.katinkaskitchen.com\/2015\/12\/IMG_4594-150x113.jpg 150w, https:\/\/files.katinkaskitchen.com\/2015\/12\/IMG_4594.jpg 640w\" sizes=\"auto, (max-width: 300px) 100vw, 300px\" \/><\/p>\n<p>Katinka Hammarski\u00f6ld<\/p>\n<p>katinka.hammarskiold@hotmail.com<\/p>\n<p>www.katinkaskitchen.com<\/p>\n","protected":false},"excerpt":{"rendered":"<p>Att kandera n\u00f6tter, eller om det heter karamellisera, kan verka ganska l\u00e4tt och beskrivs l\u00e4ttvindigt i m\u00e5nga recept. Jag slet l\u00e4nge mitt h\u00e5r och kunde inte begripa varf\u00f6r mina n\u00f6tter bara slutade i ett knastrigt sockervitt klibb \u00e4nda tills jag travade in p\u00e5 Xoco i Stockholm f\u00f6r att fr\u00e5ga en [&hellip;]<\/p>\n","protected":false},"author":5,"featured_media":24556,"comment_status":"open","ping_status":"closed","sticky":false,"template":"","format":"standard","meta":{"footnotes":""},"categories":[115,71,75,4006,11765],"tags":[],"class_list":["post-24554","post","type-post","status-publish","format-standard","has-post-thumbnail","hentry","category-baka-sott-kakor-pajer-bullar","category-efterratter","category-godis-sott","category-jul","category-retro"],"_links":{"self":[{"href":"https:\/\/katinkaskitchen.com\/index.php?rest_route=\/wp\/v2\/posts\/24554","targetHints":{"allow":["GET"]}}],"collection":[{"href":"https:\/\/katinkaskitchen.com\/index.php?rest_route=\/wp\/v2\/posts"}],"about":[{"href":"https:\/\/katinkaskitchen.com\/index.php?rest_route=\/wp\/v2\/types\/post"}],"author":[{"embeddable":true,"href":"https:\/\/katinkaskitchen.com\/index.php?rest_route=\/wp\/v2\/users\/5"}],"replies":[{"embeddable":true,"href":"https:\/\/katinkaskitchen.com\/index.php?rest_route=%2Fwp%2Fv2%2Fcomments&post=24554"}],"version-history":[{"count":4,"href":"https:\/\/katinkaskitchen.com\/index.php?rest_route=\/wp\/v2\/posts\/24554\/revisions"}],"predecessor-version":[{"id":36211,"href":"https:\/\/katinkaskitchen.com\/index.php?rest_route=\/wp\/v2\/posts\/24554\/revisions\/36211"}],"wp:featuredmedia":[{"embeddable":true,"href":"https:\/\/katinkaskitchen.com\/index.php?rest_route=\/wp\/v2\/media\/24556"}],"wp:attachment":[{"href":"https:\/\/katinkaskitchen.com\/index.php?rest_route=%2Fwp%2Fv2%2Fmedia&parent=24554"}],"wp:term":[{"taxonomy":"category","embeddable":true,"href":"https:\/\/katinkaskitchen.com\/index.php?rest_route=%2Fwp%2Fv2%2Fcategories&post=24554"},{"taxonomy":"post_tag","embeddable":true,"href":"https:\/\/katinkaskitchen.com\/index.php?rest_route=%2Fwp%2Fv2%2Ftags&post=24554"}],"curies":[{"name":"wp","href":"https:\/\/api.w.org\/{rel}","templated":true}]}}