{"id":25890,"date":"2016-11-27T03:00:10","date_gmt":"2016-11-27T03:00:10","guid":{"rendered":"http:\/\/katinkaskitchen.com\/?p=25890"},"modified":"2022-12-17T16:53:55","modified_gmt":"2022-12-17T15:53:55","slug":"redan-forsta-advent","status":"publish","type":"post","link":"https:\/\/katinkaskitchen.com\/?p=25890","title":{"rendered":"Redan f\u00f6rsta advent&#8230;"},"content":{"rendered":"<p>&nbsp;<\/p>\n<p><img loading=\"lazy\" decoding=\"async\" class=\"alignright size-large wp-image-25892\" src=\"http:\/\/files.katinkaskitchen.com\/2016\/11\/IMG_9215-1024x1024.jpg\" alt=\"img_9215\" width=\"1024\" height=\"1024\" srcset=\"https:\/\/files.katinkaskitchen.com\/2016\/11\/IMG_9215-1024x1024.jpg 1024w, https:\/\/files.katinkaskitchen.com\/2016\/11\/IMG_9215-150x150.jpg 150w, https:\/\/files.katinkaskitchen.com\/2016\/11\/IMG_9215-300x300.jpg 300w, https:\/\/files.katinkaskitchen.com\/2016\/11\/IMG_9215-768x768.jpg 768w\" sizes=\"auto, (max-width: 1024px) 100vw, 1024px\" \/><\/p>\n<p><strong>S\u00e5 kom det d\u00e5 en gnutt sn\u00f6 igen i Stockholm lagom till f\u00f6rsta advent. Det k\u00e4nns ofta konstigt n\u00e4r advent infaller, som att man inte riktigt \u00e4r beredd p\u00e5 att julen och \u00e5rets slut n\u00e4rmar sig. Och n\u00e4r f\u00f6rsta advent \u00e4r s\u00e5 tidigt som den 27 november k\u00e4nns det <img loading=\"lazy\" decoding=\"async\" class=\"alignright size-medium wp-image-25893\" src=\"http:\/\/files.katinkaskitchen.com\/2016\/11\/IMG_9214-1-300x225.jpg\" alt=\"img_9214\" width=\"300\" height=\"225\" srcset=\"https:\/\/files.katinkaskitchen.com\/2016\/11\/IMG_9214-1-300x225.jpg 300w, https:\/\/files.katinkaskitchen.com\/2016\/11\/IMG_9214-1-150x113.jpg 150w, https:\/\/files.katinkaskitchen.com\/2016\/11\/IMG_9214-1-768x576.jpg 768w, https:\/\/files.katinkaskitchen.com\/2016\/11\/IMG_9214-1-1024x768.jpg 1024w\" sizes=\"auto, (max-width: 300px) 100vw, 300px\" \/>extra \u00f6verrumplande. Fram med l\u00e5dan med adventsstj\u00e4rnor och -ljusstakar och fram med en bakform f\u00f6r h\u00e4r ska bakas&nbsp;n\u00e5got juligt &#8211; vad det blir kommer du att se fram\u00e5t andra advent om du inte f\u00f6ljer mig p\u00e5 Instagram d\u00e4r det syns redan senare idag. <\/strong><\/p>\n<p><strong>Lussebullar k\u00e4nner jag mig inte riktigt mogen f\u00f6r \u00e4nnu, \u00e4ven om jag vet att m\u00e5nga b\u00f6rjat tidigt med det. Tips och en massa recept p\u00e5 allt som h\u00f6r advent och julen till hittar du i en egen kategori i kolumnen h\u00e4r till h\u00f6ger &#8211; JUL. Kanske n\u00e5gra mumsiga julgodisar, eller en <img loading=\"lazy\" decoding=\"async\" class=\"alignright size-medium wp-image-25894\" src=\"http:\/\/files.katinkaskitchen.com\/2016\/11\/IMG_9227-300x300.jpg\" alt=\"img_9227\" width=\"300\" height=\"300\" srcset=\"https:\/\/files.katinkaskitchen.com\/2016\/11\/IMG_9227-300x300.jpg 300w, https:\/\/files.katinkaskitchen.com\/2016\/11\/IMG_9227-150x150.jpg 150w, https:\/\/files.katinkaskitchen.com\/2016\/11\/IMG_9227-768x768.jpg 768w, https:\/\/files.katinkaskitchen.com\/2016\/11\/IMG_9227-1024x1024.jpg 1024w\" sizes=\"auto, (max-width: 300px) 100vw, 300px\" \/>liten saffranspannacotta med lingon- eller tranb\u00e4rstopping? I alla h\u00e4ndelser \u00f6nskar jag dig och de dina en riktigt trevlig f\u00f6rsta advent!<\/strong><\/p>\n<p>Pannacottan lyfter jag \u00e4ven fram s\u00e5 du hittar den p\u00e5 f\u00f6rsta sidan bredvid det h\u00e4r inl\u00e4gget:)<\/p>\n<p>P\u00e5 en bild h\u00e4r ser du en l\u00e5ng chokladkl\u00e4dd marsipanorm som goda v\u00e4nner g\u00f6r till sin adventsgl\u00f6gg varje \u00e5r &#8211; helt underbar!<\/p>\n<p><strong>Med v\u00e4nliga matglada h\u00e4lsningar fr\u00e5n Katinkas Kitchen<\/strong><\/p>\n<p>Katinka Hammarski\u00f6ld<\/p>\n<p>katinka.hammarski\u00f6ld@hotmail.com<img loading=\"lazy\" decoding=\"async\" class=\"alignright size-medium wp-image-25895\" src=\"http:\/\/files.katinkaskitchen.com\/2016\/11\/IMG_9207-240x300.jpg\" alt=\"img_9207\" width=\"240\" height=\"300\" srcset=\"https:\/\/files.katinkaskitchen.com\/2016\/11\/IMG_9207-240x300.jpg 240w, https:\/\/files.katinkaskitchen.com\/2016\/11\/IMG_9207-120x150.jpg 120w, https:\/\/files.katinkaskitchen.com\/2016\/11\/IMG_9207-768x960.jpg 768w, https:\/\/files.katinkaskitchen.com\/2016\/11\/IMG_9207-819x1024.jpg 819w\" sizes=\"auto, (max-width: 240px) 100vw, 240px\" \/><\/p>\n<p>www.katinkaskitchen.com<\/p>\n<p>&nbsp;<\/p>\n","protected":false},"excerpt":{"rendered":"<p>&nbsp; S\u00e5 kom det d\u00e5 en gnutt sn\u00f6 igen i Stockholm lagom till f\u00f6rsta advent. Det k\u00e4nns ofta konstigt n\u00e4r advent infaller, som att man inte riktigt \u00e4r beredd p\u00e5 att julen och \u00e5rets slut n\u00e4rmar sig. Och n\u00e4r f\u00f6rsta advent \u00e4r s\u00e5 tidigt som den 27 november k\u00e4nns det [&hellip;]<\/p>\n","protected":false},"author":5,"featured_media":25892,"comment_status":"open","ping_status":"closed","sticky":false,"template":"","format":"standard","meta":{"footnotes":""},"categories":[115,71,4006],"tags":[],"class_list":["post-25890","post","type-post","status-publish","format-standard","has-post-thumbnail","hentry","category-baka-sott-kakor-pajer-bullar","category-efterratter","category-jul"],"_links":{"self":[{"href":"https:\/\/katinkaskitchen.com\/index.php?rest_route=\/wp\/v2\/posts\/25890","targetHints":{"allow":["GET"]}}],"collection":[{"href":"https:\/\/katinkaskitchen.com\/index.php?rest_route=\/wp\/v2\/posts"}],"about":[{"href":"https:\/\/katinkaskitchen.com\/index.php?rest_route=\/wp\/v2\/types\/post"}],"author":[{"embeddable":true,"href":"https:\/\/katinkaskitchen.com\/index.php?rest_route=\/wp\/v2\/users\/5"}],"replies":[{"embeddable":true,"href":"https:\/\/katinkaskitchen.com\/index.php?rest_route=%2Fwp%2Fv2%2Fcomments&post=25890"}],"version-history":[{"count":2,"href":"https:\/\/katinkaskitchen.com\/index.php?rest_route=\/wp\/v2\/posts\/25890\/revisions"}],"predecessor-version":[{"id":36372,"href":"https:\/\/katinkaskitchen.com\/index.php?rest_route=\/wp\/v2\/posts\/25890\/revisions\/36372"}],"wp:featuredmedia":[{"embeddable":true,"href":"https:\/\/katinkaskitchen.com\/index.php?rest_route=\/wp\/v2\/media\/25892"}],"wp:attachment":[{"href":"https:\/\/katinkaskitchen.com\/index.php?rest_route=%2Fwp%2Fv2%2Fmedia&parent=25890"}],"wp:term":[{"taxonomy":"category","embeddable":true,"href":"https:\/\/katinkaskitchen.com\/index.php?rest_route=%2Fwp%2Fv2%2Fcategories&post=25890"},{"taxonomy":"post_tag","embeddable":true,"href":"https:\/\/katinkaskitchen.com\/index.php?rest_route=%2Fwp%2Fv2%2Ftags&post=25890"}],"curies":[{"name":"wp","href":"https:\/\/api.w.org\/{rel}","templated":true}]}}