{"id":25951,"date":"2016-12-04T03:00:45","date_gmt":"2016-12-04T03:00:45","guid":{"rendered":"http:\/\/katinkaskitchen.com\/?p=25951"},"modified":"2022-12-17T16:52:30","modified_gmt":"2022-12-17T15:52:30","slug":"andra-advent","status":"publish","type":"post","link":"https:\/\/katinkaskitchen.com\/?p=25951","title":{"rendered":"Andra advent!"},"content":{"rendered":"<p>&nbsp;<\/p>\n<p>&nbsp;<\/p>\n<p><img loading=\"lazy\" decoding=\"async\" class=\"alignright size-large wp-image-25956\" src=\"http:\/\/files.katinkaskitchen.com\/2016\/12\/IMG_0135-1024x768.jpg\" alt=\"img_0135\" width=\"1024\" height=\"768\" srcset=\"https:\/\/files.katinkaskitchen.com\/2016\/12\/IMG_0135-1024x768.jpg 1024w, https:\/\/files.katinkaskitchen.com\/2016\/12\/IMG_0135-150x113.jpg 150w, https:\/\/files.katinkaskitchen.com\/2016\/12\/IMG_0135-300x225.jpg 300w, https:\/\/files.katinkaskitchen.com\/2016\/12\/IMG_0135-768x576.jpg 768w\" sizes=\"auto, (max-width: 1024px) 100vw, 1024px\" \/><\/p>\n<p><strong>S\u00e5 \u00e4r redan andra advent h\u00e4r och vi t\u00e4nder ljus, \u00e4ter saffransl\u00e4ngd, dricker gl\u00f6gg och <img loading=\"lazy\" decoding=\"async\" class=\"alignright size-medium wp-image-25957\" src=\"http:\/\/files.katinkaskitchen.com\/2016\/12\/IMG_0138-300x300.jpg\" alt=\"img_0138\" width=\"300\" height=\"300\" srcset=\"https:\/\/files.katinkaskitchen.com\/2016\/12\/IMG_0138-300x300.jpg 300w, https:\/\/files.katinkaskitchen.com\/2016\/12\/IMG_0138-150x150.jpg 150w, https:\/\/files.katinkaskitchen.com\/2016\/12\/IMG_0138-768x768.jpg 768w, https:\/\/files.katinkaskitchen.com\/2016\/12\/IMG_0138-1024x1024.jpg 1024w\" sizes=\"auto, (max-width: 300px) 100vw, 300px\" \/>eldar i brasan. Idag plockar jag fram ett favoritrecept som passar \u00e5ret om. Nu p\u00e5 vintern och i juletid g\u00f6r jag g\u00e4rna apelsinsalladen till de underbara chokladfondanterna. Receptet \u00e4r v\u00e4l utpr\u00f6vat och framexperimenterat som du kan l\u00e4sa i inl\u00e4gget h\u00e4r bredvid. F\u00f6r mer advents- och julaktig inspiration g\u00e5r du l\u00e4mpligen in i kategorin jul i kolumnen h\u00e4r till h\u00f6ger d\u00e4r en hel del recept finns.&nbsp;<\/strong><\/p>\n<p><strong>Nya experiment p\u00e5g\u00e5r i mitt k\u00f6k &#8211; denna g\u00e5ng f\u00f6r att f\u00e5 till en optimal kolakladdkaka, receptet kommer inom kort! <\/strong><\/p>\n<p><strong>En riktigt trevlig andra advent \u00f6nskar jag alla, med v\u00e4nliga matglada h\u00e4lsningar fr\u00e5n <img loading=\"lazy\" decoding=\"async\" class=\"alignright size-medium wp-image-25960\" src=\"http:\/\/files.katinkaskitchen.com\/2016\/12\/fullsizeoutput_226-225x300.jpeg\" alt=\"fullsizeoutput_226\" width=\"225\" height=\"300\" srcset=\"https:\/\/files.katinkaskitchen.com\/2016\/12\/fullsizeoutput_226-225x300.jpeg 225w, https:\/\/files.katinkaskitchen.com\/2016\/12\/fullsizeoutput_226-113x150.jpeg 113w, https:\/\/files.katinkaskitchen.com\/2016\/12\/fullsizeoutput_226-768x1024.jpeg 768w\" sizes=\"auto, (max-width: 225px) 100vw, 225px\" \/>Katinkas Kitchen!&nbsp;<\/strong><\/p>\n<p>PS jag har absolut ingen aning om varf\u00f6r bilden som jag f\u00f6rst f\u00f6rs\u00f6kte l\u00e4gga upp bara hamnar p\u00e5 sniskan &#8211; och nu ligger den kvar p\u00e5 f\u00f6rsta sidan.. Well, teknikens under:)<\/p>\n","protected":false},"excerpt":{"rendered":"<p>&nbsp; &nbsp; S\u00e5 \u00e4r redan andra advent h\u00e4r och vi t\u00e4nder ljus, \u00e4ter saffransl\u00e4ngd, dricker gl\u00f6gg och eldar i brasan. Idag plockar jag fram ett favoritrecept som passar \u00e5ret om. Nu p\u00e5 vintern och i juletid g\u00f6r jag g\u00e4rna apelsinsalladen till de underbara chokladfondanterna. Receptet \u00e4r v\u00e4l utpr\u00f6vat och framexperimenterat [&hellip;]<\/p>\n","protected":false},"author":5,"featured_media":25957,"comment_status":"open","ping_status":"closed","sticky":false,"template":"","format":"standard","meta":{"footnotes":""},"categories":[115,4006],"tags":[],"class_list":["post-25951","post","type-post","status-publish","format-standard","has-post-thumbnail","hentry","category-baka-sott-kakor-pajer-bullar","category-jul"],"_links":{"self":[{"href":"https:\/\/katinkaskitchen.com\/index.php?rest_route=\/wp\/v2\/posts\/25951","targetHints":{"allow":["GET"]}}],"collection":[{"href":"https:\/\/katinkaskitchen.com\/index.php?rest_route=\/wp\/v2\/posts"}],"about":[{"href":"https:\/\/katinkaskitchen.com\/index.php?rest_route=\/wp\/v2\/types\/post"}],"author":[{"embeddable":true,"href":"https:\/\/katinkaskitchen.com\/index.php?rest_route=\/wp\/v2\/users\/5"}],"replies":[{"embeddable":true,"href":"https:\/\/katinkaskitchen.com\/index.php?rest_route=%2Fwp%2Fv2%2Fcomments&post=25951"}],"version-history":[{"count":3,"href":"https:\/\/katinkaskitchen.com\/index.php?rest_route=\/wp\/v2\/posts\/25951\/revisions"}],"predecessor-version":[{"id":36370,"href":"https:\/\/katinkaskitchen.com\/index.php?rest_route=\/wp\/v2\/posts\/25951\/revisions\/36370"}],"wp:featuredmedia":[{"embeddable":true,"href":"https:\/\/katinkaskitchen.com\/index.php?rest_route=\/wp\/v2\/media\/25957"}],"wp:attachment":[{"href":"https:\/\/katinkaskitchen.com\/index.php?rest_route=%2Fwp%2Fv2%2Fmedia&parent=25951"}],"wp:term":[{"taxonomy":"category","embeddable":true,"href":"https:\/\/katinkaskitchen.com\/index.php?rest_route=%2Fwp%2Fv2%2Fcategories&post=25951"},{"taxonomy":"post_tag","embeddable":true,"href":"https:\/\/katinkaskitchen.com\/index.php?rest_route=%2Fwp%2Fv2%2Ftags&post=25951"}],"curies":[{"name":"wp","href":"https:\/\/api.w.org\/{rel}","templated":true}]}}