{"id":25978,"date":"2016-12-11T03:00:12","date_gmt":"2016-12-11T03:00:12","guid":{"rendered":"http:\/\/katinkaskitchen.com\/?p=25978"},"modified":"2022-12-17T16:51:10","modified_gmt":"2022-12-17T15:51:10","slug":"redan-tredje-advent","status":"publish","type":"post","link":"https:\/\/katinkaskitchen.com\/?p=25978","title":{"rendered":"Redan tredje advent!"},"content":{"rendered":"<p><strong><img loading=\"lazy\" decoding=\"async\" class=\"alignright size-full wp-image-25980\" src=\"http:\/\/files.katinkaskitchen.com\/2016\/12\/fullsizeoutput_27d.jpeg\" alt=\"\" width=\"3794\" height=\"3024\" srcset=\"https:\/\/files.katinkaskitchen.com\/2016\/12\/fullsizeoutput_27d.jpeg 3794w, https:\/\/files.katinkaskitchen.com\/2016\/12\/fullsizeoutput_27d-150x120.jpeg 150w, https:\/\/files.katinkaskitchen.com\/2016\/12\/fullsizeoutput_27d-300x239.jpeg 300w, https:\/\/files.katinkaskitchen.com\/2016\/12\/fullsizeoutput_27d-768x612.jpeg 768w, https:\/\/files.katinkaskitchen.com\/2016\/12\/fullsizeoutput_27d-1024x816.jpeg 1024w\" sizes=\"auto, (max-width: 3794px) 100vw, 3794px\" \/><\/strong><\/p>\n<p><strong>Men&nbsp;hj\u00e4lp&nbsp;vad tiden rusar p\u00e5 &#8211; redan tredje advent och \u00e4ven om det \u00e5ter \u00e4r vintervitt i <img loading=\"lazy\" decoding=\"async\" class=\"alignright size-medium wp-image-25981\" src=\"http:\/\/files.katinkaskitchen.com\/2016\/12\/IMG_0236-300x300.jpg\" alt=\"\" width=\"300\" height=\"300\" srcset=\"https:\/\/files.katinkaskitchen.com\/2016\/12\/IMG_0236-300x300.jpg 300w, https:\/\/files.katinkaskitchen.com\/2016\/12\/IMG_0236-150x150.jpg 150w, https:\/\/files.katinkaskitchen.com\/2016\/12\/IMG_0236-768x768.jpg 768w, https:\/\/files.katinkaskitchen.com\/2016\/12\/IMG_0236-1024x1024.jpg 1024w\" sizes=\"auto, (max-width: 300px) 100vw, 300px\" \/>Stockholm \u00e4r det lite kvar till den riktiga julk\u00e4nslan tycker jag. Kanske kan den b\u00e4ttras p\u00e5 med lite lussebak och annat k\u00f6kspyssel med julkryddor. Jag funderar p\u00e5 om jag ska plocka upp det gamla familjereceptet p\u00e5 gl\u00f6gg och s\u00e4tta en sats med kanel, nejlikor, pomerans, ingef\u00e4ra, kardemumma, stj\u00e4rnanis, russin och torkade fikon. Ursprungligen gjordes det p\u00e5 l\u00e4karsprit, men hederlig vodka f\u00e5r duga. <\/strong><\/p>\n<p><strong>Du hittar en massa juliga recept i kategorin jul i kolumnen h\u00e4r till h\u00f6ger d\u00e4r du kan inspireras.&nbsp;<\/strong><strong>Idag plockar jag fram mitt b\u00e4sta recept p\u00e5 lussebullar &#8211; de blir saftiga, fluffiga och goda. <\/strong><\/p>\n<p><strong>En riktigt trevlig tredje advent \u00f6nskar jag alla, med&nbsp;v\u00e4nliga matglada h\u00e4lsningar fr\u00e5n <img loading=\"lazy\" decoding=\"async\" class=\"alignright size-medium wp-image-25983\" src=\"http:\/\/files.katinkaskitchen.com\/2016\/12\/IMG_0232-300x225.jpg\" alt=\"\" width=\"300\" height=\"225\" srcset=\"https:\/\/files.katinkaskitchen.com\/2016\/12\/IMG_0232-300x225.jpg 300w, https:\/\/files.katinkaskitchen.com\/2016\/12\/IMG_0232-150x113.jpg 150w, https:\/\/files.katinkaskitchen.com\/2016\/12\/IMG_0232-768x576.jpg 768w, https:\/\/files.katinkaskitchen.com\/2016\/12\/IMG_0232-1024x768.jpg 1024w\" sizes=\"auto, (max-width: 300px) 100vw, 300px\" \/>Katinkas Kitchen!<\/strong><\/p>\n<p>Katinka Hammarski\u00f6ld<\/p>\n<p>katinka.hammarskiold@hotmail.com<\/p>\n<p>www.katinkaskitchen.com<\/p>\n","protected":false},"excerpt":{"rendered":"<p>Men&nbsp;hj\u00e4lp&nbsp;vad tiden rusar p\u00e5 &#8211; redan tredje advent och \u00e4ven om det \u00e5ter \u00e4r vintervitt i Stockholm \u00e4r det lite kvar till den riktiga julk\u00e4nslan tycker jag. Kanske kan den b\u00e4ttras p\u00e5 med lite lussebak och annat k\u00f6kspyssel med julkryddor. Jag funderar p\u00e5 om jag ska plocka upp det gamla [&hellip;]<\/p>\n","protected":false},"author":5,"featured_media":25980,"comment_status":"open","ping_status":"closed","sticky":false,"template":"","format":"standard","meta":{"footnotes":""},"categories":[115,4006],"tags":[],"class_list":["post-25978","post","type-post","status-publish","format-standard","has-post-thumbnail","hentry","category-baka-sott-kakor-pajer-bullar","category-jul"],"_links":{"self":[{"href":"https:\/\/katinkaskitchen.com\/index.php?rest_route=\/wp\/v2\/posts\/25978","targetHints":{"allow":["GET"]}}],"collection":[{"href":"https:\/\/katinkaskitchen.com\/index.php?rest_route=\/wp\/v2\/posts"}],"about":[{"href":"https:\/\/katinkaskitchen.com\/index.php?rest_route=\/wp\/v2\/types\/post"}],"author":[{"embeddable":true,"href":"https:\/\/katinkaskitchen.com\/index.php?rest_route=\/wp\/v2\/users\/5"}],"replies":[{"embeddable":true,"href":"https:\/\/katinkaskitchen.com\/index.php?rest_route=%2Fwp%2Fv2%2Fcomments&post=25978"}],"version-history":[{"count":3,"href":"https:\/\/katinkaskitchen.com\/index.php?rest_route=\/wp\/v2\/posts\/25978\/revisions"}],"predecessor-version":[{"id":36366,"href":"https:\/\/katinkaskitchen.com\/index.php?rest_route=\/wp\/v2\/posts\/25978\/revisions\/36366"}],"wp:featuredmedia":[{"embeddable":true,"href":"https:\/\/katinkaskitchen.com\/index.php?rest_route=\/wp\/v2\/media\/25980"}],"wp:attachment":[{"href":"https:\/\/katinkaskitchen.com\/index.php?rest_route=%2Fwp%2Fv2%2Fmedia&parent=25978"}],"wp:term":[{"taxonomy":"category","embeddable":true,"href":"https:\/\/katinkaskitchen.com\/index.php?rest_route=%2Fwp%2Fv2%2Fcategories&post=25978"},{"taxonomy":"post_tag","embeddable":true,"href":"https:\/\/katinkaskitchen.com\/index.php?rest_route=%2Fwp%2Fv2%2Ftags&post=25978"}],"curies":[{"name":"wp","href":"https:\/\/api.w.org\/{rel}","templated":true}]}}