{"id":27317,"date":"2017-08-10T03:00:00","date_gmt":"2017-08-10T03:00:00","guid":{"rendered":"http:\/\/katinkaskitchen.com\/?p=27317"},"modified":"2022-12-17T16:18:36","modified_gmt":"2022-12-17T15:18:36","slug":"en-lang-paus","status":"publish","type":"post","link":"https:\/\/katinkaskitchen.com\/?p=27317","title":{"rendered":"En l\u00e5ng paus&#8230;.."},"content":{"rendered":"<p>&nbsp;<\/p>\n<p><img loading=\"lazy\" decoding=\"async\" class=\"alignright size-large wp-image-27323\" src=\"http:\/\/files.katinkaskitchen.com\/2017\/08\/IMG_7587-1024x1024.jpg\" alt=\"\" width=\"1024\" height=\"1024\" srcset=\"https:\/\/files.katinkaskitchen.com\/2017\/08\/IMG_7587-1024x1024.jpg 1024w, https:\/\/files.katinkaskitchen.com\/2017\/08\/IMG_7587-150x150.jpg 150w, https:\/\/files.katinkaskitchen.com\/2017\/08\/IMG_7587-300x300.jpg 300w, https:\/\/files.katinkaskitchen.com\/2017\/08\/IMG_7587-768x768.jpg 768w\" sizes=\"auto, (max-width: 1024px) 100vw, 1024px\" \/><\/p>\n<p><strong>Den trogne l\u00e4saren har noterat att det varit en ovanligt l\u00e5ng paus i Katinkas <img loading=\"lazy\" decoding=\"async\" class=\"alignright size-medium wp-image-27324\" src=\"http:\/\/files.katinkaskitchen.com\/2017\/08\/IMG_7857-300x300.jpg\" alt=\"\" width=\"300\" height=\"300\" srcset=\"https:\/\/files.katinkaskitchen.com\/2017\/08\/IMG_7857-300x300.jpg 300w, https:\/\/files.katinkaskitchen.com\/2017\/08\/IMG_7857-150x150.jpg 150w, https:\/\/files.katinkaskitchen.com\/2017\/08\/IMG_7857-768x768.jpg 768w, https:\/\/files.katinkaskitchen.com\/2017\/08\/IMG_7857-1024x1024.jpg 1024w\" sizes=\"auto, (max-width: 300px) 100vw, 300px\" \/>Kitchen.Det beror p\u00e5 att jag faktiskt inte kan laga mat just nu och det i sin tur beror p\u00e5 att min h\u00f6gra hand opererats f\u00f6r karpaltunnelsyndrom. <\/strong><\/p>\n<p><strong>Efter tv\u00e5 veckor i stort bandage \u00e4r handen sedan en vecka l\u00f6ssl\u00e4ppt men med restriktioner. \u00c4ven om jag ska f\u00f6rs\u00f6ka r\u00f6ra den som vanligt, s\u00e5 gott det nu g\u00e5r &#8211; och d\u00e4rtill en hel del pl\u00e5gsam sjukgymnastik, ska den inte belastas och den \u00e4r f\u00f6rtvivlat svag. S\u00e5 maken st\u00e5r f\u00f6r matlagningen och jag l\u00e4ser b\u00f6cker och g\u00e5r promenader och f\u00f6rs\u00f6ker se till att den stackars v\u00e4nsterhanden inte blir \u00f6verbelastad. Det har \u00e4ven blivit en del <img loading=\"lazy\" decoding=\"async\" class=\"alignright size-medium wp-image-27321\" src=\"http:\/\/files.katinkaskitchen.com\/2017\/08\/IMG_7853-300x300.jpg\" alt=\"\" width=\"300\" height=\"300\" srcset=\"https:\/\/files.katinkaskitchen.com\/2017\/08\/IMG_7853-300x300.jpg 300w, https:\/\/files.katinkaskitchen.com\/2017\/08\/IMG_7853-150x150.jpg 150w, https:\/\/files.katinkaskitchen.com\/2017\/08\/IMG_7853-768x768.jpg 768w, https:\/\/files.katinkaskitchen.com\/2017\/08\/IMG_7853-1024x1024.jpg 1024w\" sizes=\"auto, (max-width: 300px) 100vw, 300px\" \/>restaurangbes\u00f6k d\u00e4r jag sitter<\/strong><b>&nbsp;som ett barn och f\u00e5r maten uppskuren s\u00e5 den kan \u00e4tas med en hand:) <\/b><\/p>\n<p><b>Jag hoppas snart vara tillbaka i full sving och hoppas du under tiden hittar n\u00e5gra trevliga recept bland de&nbsp;\u00f6ver 1600 som jag hittills skrivit. <\/b><\/p>\n<p><b>Mycket gl\u00e4dje i ditt sommark\u00f6k \u00f6nskas med v\u00e4nliga&nbsp;matglada h\u00e4lsningar fr\u00e5n K<\/b><b>atinka i mitt v\u00e4nsterh\u00e4nta Kitchen (allt tar sin tid med bara en stackars hand, och &#8221;fel&#8221; dessutom)<\/b><\/p>\n<p>Innan operationen uppdaterade jag genom att plocka fram recept ur de gamla g\u00f6mmorna som lagts upp f\u00f6r flera \u00e5r sedan, men under konvalescensen har vi varit i Falsterbo och utan uppkoppling varf\u00f6r det blev en total och sannolikt v\u00e4lbeh\u00f6vlig paus. (Jag \u00e4r s\u00e5 glad att de p\u00e5 S\u00d6S specialisthandkirurgi kunde operera p\u00e5 sommaren s\u00e5 inte spiller in i h\u00f6sten.) Ni kan t\u00e4nka er att mitt huvud \u00e4r fullt av recept och receptid\u00e9er som bara v\u00e4ntar p\u00e5 att f\u00e5 skrivas&#8230;:) s\u00e5 v\u00e4lkommen igen och igen!<\/p>\n<p>Katinka Hammarski\u00f6ld<\/p>\n<p>katinka.hammarskiold@hotmail.com<img loading=\"lazy\" decoding=\"async\" class=\"alignright size-medium wp-image-27322\" src=\"http:\/\/files.katinkaskitchen.com\/2017\/08\/IMG_7949-300x225.jpg\" alt=\"\" width=\"300\" height=\"225\" srcset=\"https:\/\/files.katinkaskitchen.com\/2017\/08\/IMG_7949-300x225.jpg 300w, https:\/\/files.katinkaskitchen.com\/2017\/08\/IMG_7949-150x113.jpg 150w, https:\/\/files.katinkaskitchen.com\/2017\/08\/IMG_7949-768x576.jpg 768w, https:\/\/files.katinkaskitchen.com\/2017\/08\/IMG_7949-1024x768.jpg 1024w\" sizes=\"auto, (max-width: 300px) 100vw, 300px\" \/><\/p>\n<p>www.katinkaskitchen.com<\/p>\n","protected":false},"excerpt":{"rendered":"<p>&nbsp; Den trogne l\u00e4saren har noterat att det varit en ovanligt l\u00e5ng paus i Katinkas Kitchen.Det beror p\u00e5 att jag faktiskt inte kan laga mat just nu och det i sin tur beror p\u00e5 att min h\u00f6gra hand opererats f\u00f6r karpaltunnelsyndrom. Efter tv\u00e5 veckor i stort bandage \u00e4r handen sedan [&hellip;]<\/p>\n","protected":false},"author":5,"featured_media":27321,"comment_status":"open","ping_status":"closed","sticky":false,"template":"","format":"standard","meta":{"footnotes":""},"categories":[114],"tags":[],"class_list":["post-27317","post","type-post","status-publish","format-standard","has-post-thumbnail","hentry","category-varmt-valkommen"],"_links":{"self":[{"href":"https:\/\/katinkaskitchen.com\/index.php?rest_route=\/wp\/v2\/posts\/27317","targetHints":{"allow":["GET"]}}],"collection":[{"href":"https:\/\/katinkaskitchen.com\/index.php?rest_route=\/wp\/v2\/posts"}],"about":[{"href":"https:\/\/katinkaskitchen.com\/index.php?rest_route=\/wp\/v2\/types\/post"}],"author":[{"embeddable":true,"href":"https:\/\/katinkaskitchen.com\/index.php?rest_route=\/wp\/v2\/users\/5"}],"replies":[{"embeddable":true,"href":"https:\/\/katinkaskitchen.com\/index.php?rest_route=%2Fwp%2Fv2%2Fcomments&post=27317"}],"version-history":[{"count":8,"href":"https:\/\/katinkaskitchen.com\/index.php?rest_route=\/wp\/v2\/posts\/27317\/revisions"}],"predecessor-version":[{"id":36315,"href":"https:\/\/katinkaskitchen.com\/index.php?rest_route=\/wp\/v2\/posts\/27317\/revisions\/36315"}],"wp:featuredmedia":[{"embeddable":true,"href":"https:\/\/katinkaskitchen.com\/index.php?rest_route=\/wp\/v2\/media\/27321"}],"wp:attachment":[{"href":"https:\/\/katinkaskitchen.com\/index.php?rest_route=%2Fwp%2Fv2%2Fmedia&parent=27317"}],"wp:term":[{"taxonomy":"category","embeddable":true,"href":"https:\/\/katinkaskitchen.com\/index.php?rest_route=%2Fwp%2Fv2%2Fcategories&post=27317"},{"taxonomy":"post_tag","embeddable":true,"href":"https:\/\/katinkaskitchen.com\/index.php?rest_route=%2Fwp%2Fv2%2Ftags&post=27317"}],"curies":[{"name":"wp","href":"https:\/\/api.w.org\/{rel}","templated":true}]}}