{"id":27714,"date":"2017-11-18T03:00:03","date_gmt":"2017-11-18T03:00:03","guid":{"rendered":"http:\/\/katinkaskitchen.com\/?p=27714"},"modified":"2022-12-17T16:12:47","modified_gmt":"2022-12-17T15:12:47","slug":"mandel-rabarberkaka","status":"publish","type":"post","link":"https:\/\/katinkaskitchen.com\/?p=27714","title":{"rendered":"Mandel-rabarberkaka"},"content":{"rendered":"<p><img loading=\"lazy\" decoding=\"async\" class=\"alignright size-large wp-image-27718\" src=\"http:\/\/files.katinkaskitchen.com\/2017\/11\/IMG_9664-1024x1024.jpg\" alt=\"\" width=\"1024\" height=\"1024\" srcset=\"https:\/\/files.katinkaskitchen.com\/2017\/11\/IMG_9664-1024x1024.jpg 1024w, https:\/\/files.katinkaskitchen.com\/2017\/11\/IMG_9664-150x150.jpg 150w, https:\/\/files.katinkaskitchen.com\/2017\/11\/IMG_9664-300x300.jpg 300w, https:\/\/files.katinkaskitchen.com\/2017\/11\/IMG_9664-768x768.jpg 768w\" sizes=\"auto, (max-width: 1024px) 100vw, 1024px\" \/><\/p>\n<p><strong>Vi hade rabarber i frysen som beh\u00f6vde tas om hand. Den hade frusits in r\u00e5, skuren i <em><img loading=\"lazy\" decoding=\"async\" class=\"alignright size-medium wp-image-27719\" src=\"http:\/\/files.katinkaskitchen.com\/2017\/11\/fullsizeoutput_1057-300x225.jpeg\" alt=\"\" width=\"300\" height=\"225\" srcset=\"https:\/\/files.katinkaskitchen.com\/2017\/11\/fullsizeoutput_1057-300x225.jpeg 300w, https:\/\/files.katinkaskitchen.com\/2017\/11\/fullsizeoutput_1057-150x113.jpeg 150w, https:\/\/files.katinkaskitchen.com\/2017\/11\/fullsizeoutput_1057-768x576.jpeg 768w, https:\/\/files.katinkaskitchen.com\/2017\/11\/fullsizeoutput_1057-1024x768.jpeg 1024w\" sizes=\"auto, (max-width: 300px) 100vw, 300px\" \/><\/em>tunna skivor med socker f\u00f6r att l\u00e4tt kunna anv\u00e4ndas till paj, kaka eller sorbet. Det&nbsp;h\u00e4r blev en l\u00e4ttgjord kaka som \u00e4r kr\u00e4mig inuti och knaperseg p\u00e5 ytan. Den \u00e4r bakad p\u00e5 mandelmj\u00f6l och lite glutenfritt mj\u00f6l och har smak av citronskal, vanilj och kardemumma som jag tycker passar s\u00e5 bra till rabarbern. Servera kakan ljummen eller avsvalnad, som den \u00e4r eller med gr\u00e4dde alternativt glass.&nbsp;<\/strong><\/p>\n<p><em><strong>Du beh\u00f6ver:&nbsp;<img loading=\"lazy\" decoding=\"async\" class=\"alignright size-medium wp-image-27720\" src=\"http:\/\/files.katinkaskitchen.com\/2017\/11\/fullsizeoutput_105b-300x225.jpeg\" alt=\"\" width=\"300\" height=\"225\" srcset=\"https:\/\/files.katinkaskitchen.com\/2017\/11\/fullsizeoutput_105b-300x225.jpeg 300w, https:\/\/files.katinkaskitchen.com\/2017\/11\/fullsizeoutput_105b-150x113.jpeg 150w, https:\/\/files.katinkaskitchen.com\/2017\/11\/fullsizeoutput_105b-768x576.jpeg 768w, https:\/\/files.katinkaskitchen.com\/2017\/11\/fullsizeoutput_105b-1024x768.jpeg 1024w\" sizes=\"auto, (max-width: 300px) 100vw, 300px\" \/><br \/>\n<\/strong><\/em><\/p>\n<p>4 \u00e4gg<\/p>\n<p>2 dl socker, helst finkornigt r\u00e5socker (ta lite er socker om rabarbern du anv\u00e4nder \u00e4r f\u00e4rsk och inte frusits in med socker)<\/p>\n<p>4 dl mandelmj\u00f6l<\/p>\n<p>200 gram sm\u00f6r som bryns (du anv\u00e4nder sedan kanske 150 gram eftersom en del blir till solida partiklar i botten av kastrullen och en del evaporerar)<img loading=\"lazy\" decoding=\"async\" class=\"alignright size-medium wp-image-27721\" src=\"http:\/\/files.katinkaskitchen.com\/2017\/11\/fullsizeoutput_1055-300x225.jpeg\" alt=\"\" width=\"300\" height=\"225\" srcset=\"https:\/\/files.katinkaskitchen.com\/2017\/11\/fullsizeoutput_1055-300x225.jpeg 300w, https:\/\/files.katinkaskitchen.com\/2017\/11\/fullsizeoutput_1055-150x113.jpeg 150w, https:\/\/files.katinkaskitchen.com\/2017\/11\/fullsizeoutput_1055-768x576.jpeg 768w, https:\/\/files.katinkaskitchen.com\/2017\/11\/fullsizeoutput_1055-1024x768.jpeg 1024w\" sizes=\"auto, (max-width: 300px) 100vw, 300px\" \/><\/p>\n<p>1 1\/2 dl glutenfri mj\u00f6lblandning (jag anv\u00e4nder den fr\u00e5n Finax)<\/p>\n<p>det finrivna skalet av en citron, v\u00e4l tv\u00e4ttad och helst ekologisk<\/p>\n<p>1 tsk vaniljsocker<\/p>\n<p>1\/2 tsk mald kardemumma<\/p>\n<p>ca 500 gram rabarber, skalad och tunt skivad<\/p>\n<p>nymalen kardemumma att str\u00f6 \u00f6ver kakan<img loading=\"lazy\" decoding=\"async\" class=\"alignright size-medium wp-image-27722\" src=\"http:\/\/files.katinkaskitchen.com\/2017\/11\/fullsizeoutput_1053-300x225.jpeg\" alt=\"\" width=\"300\" height=\"225\" srcset=\"https:\/\/files.katinkaskitchen.com\/2017\/11\/fullsizeoutput_1053-300x225.jpeg 300w, https:\/\/files.katinkaskitchen.com\/2017\/11\/fullsizeoutput_1053-150x113.jpeg 150w, https:\/\/files.katinkaskitchen.com\/2017\/11\/fullsizeoutput_1053-768x576.jpeg 768w, https:\/\/files.katinkaskitchen.com\/2017\/11\/fullsizeoutput_1053-1024x768.jpeg 1024w\" sizes=\"auto, (max-width: 300px) 100vw, 300px\" \/><\/p>\n<p>socker, helst finkornigt r\u00e5socker, att str\u00f6 \u00f6ver kakan innan gr\u00e4ddning<\/p>\n<p><em><strong>G\u00f6r s\u00e5 h\u00e4r:&nbsp;<\/strong><\/em><\/p>\n<p>B\u00f6rja med att bryna sm\u00f6ret. L\u00e4gg det i en tjockbottnad kastrull och st\u00e4ll den p\u00e5 medelh\u00f6g v\u00e4rme. L\u00e5t den st\u00e5 medan du passar den noga och kanske skakar runt kastrullen lite d\u00e5 och d\u00e5. Det b\u00f6rjar skv\u00e4tta efter ett tag s\u00e5 det \u00e4r bra att ha f\u00f6rkl\u00e4de p\u00e5 sig. N\u00e4r det blir <img loading=\"lazy\" decoding=\"async\" class=\"alignright size-medium wp-image-27718\" src=\"http:\/\/files.katinkaskitchen.com\/2017\/11\/IMG_9664-300x300.jpg\" alt=\"\" width=\"300\" height=\"300\" srcset=\"https:\/\/files.katinkaskitchen.com\/2017\/11\/IMG_9664-300x300.jpg 300w, https:\/\/files.katinkaskitchen.com\/2017\/11\/IMG_9664-150x150.jpg 150w, https:\/\/files.katinkaskitchen.com\/2017\/11\/IMG_9664-768x768.jpg 768w, https:\/\/files.katinkaskitchen.com\/2017\/11\/IMG_9664-1024x1024.jpg 1024w\" sizes=\"auto, (max-width: 300px) 100vw, 300px\" \/>regelbundna bubblor som n\u00e4stan blir sexkantiga passar du extra noga. Efter ett tag blir bubblorna mindre och ov\u00e4sendet tystnar. N\u00e4r du ser att sm\u00f6ret b\u00f6rjar bli gyllenbrunt och dofta gott tar du det av v\u00e4rmen och l\u00e5ter det st\u00e5 s\u00e5 att partiklarna som best\u00e5r av mj\u00f6lkrester sjunker till botten och sm\u00f6ret svalnar.<\/p>\n<p>Vispa \u00e4ggen med sockret tills du f\u00e5r ett riktigt fluffigt skum, det tar \u00e5tminstone fem minuter s\u00e5 ha t\u00e5lamod! Blanda mandelmj\u00f6let med den glutenfria mj\u00f6lblandningen i ett literm\u00e5tt. H\u00e4ll det avsvalnade brynta sm\u00f6ret i \u00e4ggvispet &#8211; h\u00e4ll g\u00e4rna genom en finmaskig sil s\u00e5 att du int f\u00e5r med n\u00e5gra solida partiklar som kan smaka beskt och dessutom vara tr\u00e5kiga f\u00f6r konsistensen. Du kommer inte att anv\u00e4nda riktigt allt sm\u00f6r eftersom resterna p\u00e5 botten och allt som \u00e4r mer br\u00e4nt ska l\u00e4mnas &#8211; du vill bara anv\u00e4nda det klara brynta sm\u00f6ret med den fina n\u00f6taktiga kolaliknande smaken.<\/p>\n<p>Vispa runt helt kort och tills\u00e4tt d\u00e4refter mj\u00f6lblandningen med vaniljsocker samt citronskal och kardemumma. Blanda ihop smeten. H\u00e4ll den i en smord form med l\u00f6stagbara kanter. L\u00e4gg i rabarberskivorna, tryck ner de helt l\u00e4tt i smeten och str\u00f6 nymald kardemumma och socker \u00f6ver. Jag har alltid en pepparkvarn st\u00e5ende med hela kardemummafr\u00f6n i f\u00f6r att alltid kunna f\u00e5 f\u00e4rsk mald kardemumma som ger en helt annan smak \u00e4n det f\u00e4rdigmalda pulver man k\u00f6per p\u00e5 burk. Gr\u00e4dda kakan i ugnen som du v\u00e4rmt till ca 160 grader. Den ska precis stelna i mitten och bli vackert l\u00e4tt gyllene och frasig p\u00e5 ytan. Det tog ca 50 minuter i min ugn. Pr\u00f6va med en sticka. Ta ut kakan, l\u00e5t den svalna, ta bort ringen och l\u00e5t den svalna mer eller servera den redan ljummen.<\/p>\n<p>Bon app\u00e9tit \u00f6nskas med v\u00e4nliga matglada h\u00e4lsningar fr\u00e5n Katinkas Kitchen!<\/p>\n<p>Katinka Hammarski\u00f6ld<\/p>\n<p>katinka.hammarskiold@hotmail.com<\/p>\n<p>www.katinkaskitchen.com<\/p>\n","protected":false},"excerpt":{"rendered":"<p>Vi hade rabarber i frysen som beh\u00f6vde tas om hand. Den hade frusits in r\u00e5, skuren i tunna skivor med socker f\u00f6r att l\u00e4tt kunna anv\u00e4ndas till paj, kaka eller sorbet. Det&nbsp;h\u00e4r blev en l\u00e4ttgjord kaka som \u00e4r kr\u00e4mig inuti och knaperseg p\u00e5 ytan. Den \u00e4r bakad p\u00e5 mandelmj\u00f6l och [&hellip;]<\/p>\n","protected":false},"author":5,"featured_media":27718,"comment_status":"open","ping_status":"closed","sticky":false,"template":"","format":"standard","meta":{"footnotes":""},"categories":[103,115,71,89,110,59,121],"tags":[],"class_list":["post-27714","post","type-post","status-publish","format-standard","has-post-thumbnail","hentry","category-agg","category-baka-sott-kakor-pajer-bullar","category-efterratter","category-glutenfritt","category-lattlagat-efterratter","category-mandel","category-rabarber"],"_links":{"self":[{"href":"https:\/\/katinkaskitchen.com\/index.php?rest_route=\/wp\/v2\/posts\/27714","targetHints":{"allow":["GET"]}}],"collection":[{"href":"https:\/\/katinkaskitchen.com\/index.php?rest_route=\/wp\/v2\/posts"}],"about":[{"href":"https:\/\/katinkaskitchen.com\/index.php?rest_route=\/wp\/v2\/types\/post"}],"author":[{"embeddable":true,"href":"https:\/\/katinkaskitchen.com\/index.php?rest_route=\/wp\/v2\/users\/5"}],"replies":[{"embeddable":true,"href":"https:\/\/katinkaskitchen.com\/index.php?rest_route=%2Fwp%2Fv2%2Fcomments&post=27714"}],"version-history":[{"count":4,"href":"https:\/\/katinkaskitchen.com\/index.php?rest_route=\/wp\/v2\/posts\/27714\/revisions"}],"predecessor-version":[{"id":36303,"href":"https:\/\/katinkaskitchen.com\/index.php?rest_route=\/wp\/v2\/posts\/27714\/revisions\/36303"}],"wp:featuredmedia":[{"embeddable":true,"href":"https:\/\/katinkaskitchen.com\/index.php?rest_route=\/wp\/v2\/media\/27718"}],"wp:attachment":[{"href":"https:\/\/katinkaskitchen.com\/index.php?rest_route=%2Fwp%2Fv2%2Fmedia&parent=27714"}],"wp:term":[{"taxonomy":"category","embeddable":true,"href":"https:\/\/katinkaskitchen.com\/index.php?rest_route=%2Fwp%2Fv2%2Fcategories&post=27714"},{"taxonomy":"post_tag","embeddable":true,"href":"https:\/\/katinkaskitchen.com\/index.php?rest_route=%2Fwp%2Fv2%2Ftags&post=27714"}],"curies":[{"name":"wp","href":"https:\/\/api.w.org\/{rel}","templated":true}]}}