{"id":29077,"date":"2018-06-24T03:00:04","date_gmt":"2018-06-24T03:00:04","guid":{"rendered":"http:\/\/katinkaskitchen.com\/?p=29077"},"modified":"2022-12-17T14:45:38","modified_gmt":"2022-12-17T13:45:38","slug":"midsommardag","status":"publish","type":"post","link":"https:\/\/katinkaskitchen.com\/?p=29077","title":{"rendered":"Midsommardag och -s\u00f6ndag"},"content":{"rendered":"<p><img loading=\"lazy\" decoding=\"async\" class=\"alignright size-large wp-image-29081\" src=\"http:\/\/files.katinkaskitchen.com\/2018\/06\/I6nYPKPQRFaSLhlhWiyXw-1024x768.jpg\" alt=\"\" width=\"1024\" height=\"768\" srcset=\"https:\/\/files.katinkaskitchen.com\/2018\/06\/I6nYPKPQRFaSLhlhWiyXw-1024x768.jpg 1024w, https:\/\/files.katinkaskitchen.com\/2018\/06\/I6nYPKPQRFaSLhlhWiyXw-150x113.jpg 150w, https:\/\/files.katinkaskitchen.com\/2018\/06\/I6nYPKPQRFaSLhlhWiyXw-300x225.jpg 300w, https:\/\/files.katinkaskitchen.com\/2018\/06\/I6nYPKPQRFaSLhlhWiyXw-768x576.jpg 768w\" sizes=\"auto, (max-width: 1024px) 100vw, 1024px\" \/><\/p>\n<p><strong>Det h\u00e4r \u00e4r en dag att vila, vila, vara, njuta, titta p\u00e5 det magiska ljuset n\u00e4r himlen aldrig <img loading=\"lazy\" decoding=\"async\" class=\"alignright size-medium wp-image-29083\" src=\"http:\/\/files.katinkaskitchen.com\/2018\/06\/84KMjQBQGWThZBEbdfB7w-300x225.jpg\" alt=\"\" width=\"300\" height=\"225\" srcset=\"https:\/\/files.katinkaskitchen.com\/2018\/06\/84KMjQBQGWThZBEbdfB7w-300x225.jpg 300w, https:\/\/files.katinkaskitchen.com\/2018\/06\/84KMjQBQGWThZBEbdfB7w-150x113.jpg 150w, https:\/\/files.katinkaskitchen.com\/2018\/06\/84KMjQBQGWThZBEbdfB7w-768x576.jpg 768w, https:\/\/files.katinkaskitchen.com\/2018\/06\/84KMjQBQGWThZBEbdfB7w-1024x768.jpg 1024w\" sizes=\"auto, (max-width: 300px) 100vw, 300px\" \/>blir helt m\u00f6rk under natten utan skiftar i olika nyanser av bl\u00e5tt, gr\u00e5tt lila.. (fotot till h\u00f6ger \u00e4r taget halv ett p\u00e5 natten). Eftersom midsommarafton oftast \u00e4r&nbsp;regnig \u00f6kar chanserna f\u00f6r lite b\u00e4ttre sommarv\u00e4der. <\/strong><\/p>\n<p><strong>D\u00e5 vi \u00e5terv\u00e4nde fr\u00e5n Trosa sk\u00e4rg\u00e5rd till huvudstaden \u00e5terv\u00e4nde \u00e4ven v\u00e4rmen. Vi passade p\u00e5 att sommarfixa terrassen med blommorna jag handlat p\u00e5 Ulriksdal precis innan midsommar d\u00e5 det b\u00f6rjade \u00e5ska och <img loading=\"lazy\" decoding=\"async\" class=\"alignright size-medium wp-image-29085\" src=\"http:\/\/files.katinkaskitchen.com\/2018\/06\/FwNr39uDQb2AV2GGychyw-300x225.jpg\" alt=\"\" width=\"300\" height=\"225\" srcset=\"https:\/\/files.katinkaskitchen.com\/2018\/06\/FwNr39uDQb2AV2GGychyw-300x225.jpg 300w, https:\/\/files.katinkaskitchen.com\/2018\/06\/FwNr39uDQb2AV2GGychyw-150x113.jpg 150w, https:\/\/files.katinkaskitchen.com\/2018\/06\/FwNr39uDQb2AV2GGychyw-768x576.jpg 768w, https:\/\/files.katinkaskitchen.com\/2018\/06\/FwNr39uDQb2AV2GGychyw-1024x768.jpg 1024w\" sizes=\"auto, (max-width: 300px) 100vw, 300px\" \/>regna tropiskt. <\/strong><\/p>\n<p><strong>Midsommardagskv\u00e4llen bj\u00f6d en riktig folkfest vid Djurg\u00e5rdsbron d\u00e4r man samlades f\u00f6r att titta p\u00e5 VM- matchen som Sverige dessv\u00e4rre f\u00f6rlorade mot m\u00e4starna Tyskland. Det \u00e4r en h\u00e4rlig k\u00e4nsla att vandra genom sommarstockholm med sitt myller; Stockholmare, turister fr\u00e5n en m\u00e4ngd l\u00e4nder och utifr\u00e5n landet &#8211; familjer, f\u00f6r\u00e4lskade par, \u00e4ldre, hundar&#8230;<img loading=\"lazy\" decoding=\"async\" class=\"alignright size-medium wp-image-29087\" src=\"http:\/\/files.katinkaskitchen.com\/2018\/06\/IMG_3678-300x300.jpg\" alt=\"\" width=\"300\" height=\"300\" srcset=\"https:\/\/files.katinkaskitchen.com\/2018\/06\/IMG_3678-300x300.jpg 300w, https:\/\/files.katinkaskitchen.com\/2018\/06\/IMG_3678-150x150.jpg 150w, https:\/\/files.katinkaskitchen.com\/2018\/06\/IMG_3678-768x768.jpg 768w, https:\/\/files.katinkaskitchen.com\/2018\/06\/IMG_3678-1024x1024.jpg 1024w\" sizes=\"auto, (max-width: 300px) 100vw, 300px\" \/> <\/strong><\/p>\n<p><strong>Vi slog oss ner vid Strandbryggan och tog ett glas i kv\u00e4llssolen innan vi strosade hem med v\u00e5r hund Max. En snabb saltig sommarpasta med spenat, sardeller, vitl\u00f6k, citron, kapris,&nbsp;basilika och parmesan blev perfekt middag till fotbollen dagen efter midsommarfirandet. <\/strong><\/p>\n<p><strong>Nu sitter jag och njuter en kopp te p\u00e5 v\u00e5r solblommiga terrass och funderar p\u00e5 recept jag ska skriva och kv\u00e4llens middag. Vi f\u00e5r bes\u00f6k fr\u00e5n England s\u00e5 det blir en svensk middag med bland annat r\u00f6ding, l\u00f6jrom, gr\u00e4sl\u00f6k, blomk\u00e5l och en jordgubbssorbet till efterr\u00e4tt.<img loading=\"lazy\" decoding=\"async\" class=\"alignright size-medium wp-image-29084\" src=\"http:\/\/files.katinkaskitchen.com\/2018\/06\/AMfMlAdXSmisNr3zoAl9fA-300x225.jpg\" alt=\"\" width=\"300\" height=\"225\" srcset=\"https:\/\/files.katinkaskitchen.com\/2018\/06\/AMfMlAdXSmisNr3zoAl9fA-300x225.jpg 300w, https:\/\/files.katinkaskitchen.com\/2018\/06\/AMfMlAdXSmisNr3zoAl9fA-150x113.jpg 150w, https:\/\/files.katinkaskitchen.com\/2018\/06\/AMfMlAdXSmisNr3zoAl9fA-768x576.jpg 768w, https:\/\/files.katinkaskitchen.com\/2018\/06\/AMfMlAdXSmisNr3zoAl9fA-1024x768.jpg 1024w\" sizes=\"auto, (max-width: 300px) 100vw, 300px\" \/> <\/strong><\/p>\n<p><strong>En sk\u00f6n avslutning p\u00e5 midsommarhelgen \u00f6nskas med v\u00e4nliga matglada h\u00e4lsningar fr\u00e5n Katinkas Kitchen!&nbsp;<\/strong><\/p>\n<p>Katinka Hammarski\u00f6ld<\/p>\n<p>katinka.hammarskiold@hotmail.com<\/p>\n<p>www.katinkaskitchen.com<img loading=\"lazy\" decoding=\"async\" class=\"alignright size-medium wp-image-29090\" src=\"http:\/\/files.katinkaskitchen.com\/2018\/06\/IMG_3690-300x300.jpg\" alt=\"\" width=\"300\" height=\"300\" srcset=\"https:\/\/files.katinkaskitchen.com\/2018\/06\/IMG_3690-300x300.jpg 300w, https:\/\/files.katinkaskitchen.com\/2018\/06\/IMG_3690-150x150.jpg 150w, https:\/\/files.katinkaskitchen.com\/2018\/06\/IMG_3690-768x768.jpg 768w, https:\/\/files.katinkaskitchen.com\/2018\/06\/IMG_3690-1024x1024.jpg 1024w\" sizes=\"auto, (max-width: 300px) 100vw, 300px\" \/><\/p>\n","protected":false},"excerpt":{"rendered":"<p>Det h\u00e4r \u00e4r en dag att vila, vila, vara, njuta, titta p\u00e5 det magiska ljuset n\u00e4r himlen aldrig blir helt m\u00f6rk under natten utan skiftar i olika nyanser av bl\u00e5tt, gr\u00e5tt lila.. (fotot till h\u00f6ger \u00e4r taget halv ett p\u00e5 natten). Eftersom midsommarafton oftast \u00e4r&nbsp;regnig \u00f6kar chanserna f\u00f6r lite b\u00e4ttre [&hellip;]<\/p>\n","protected":false},"author":5,"featured_media":29081,"comment_status":"open","ping_status":"closed","sticky":false,"template":"","format":"standard","meta":{"footnotes":""},"categories":[130],"tags":[],"class_list":["post-29077","post","type-post","status-publish","format-standard","has-post-thumbnail","hentry","category-midsommar"],"_links":{"self":[{"href":"https:\/\/katinkaskitchen.com\/index.php?rest_route=\/wp\/v2\/posts\/29077","targetHints":{"allow":["GET"]}}],"collection":[{"href":"https:\/\/katinkaskitchen.com\/index.php?rest_route=\/wp\/v2\/posts"}],"about":[{"href":"https:\/\/katinkaskitchen.com\/index.php?rest_route=\/wp\/v2\/types\/post"}],"author":[{"embeddable":true,"href":"https:\/\/katinkaskitchen.com\/index.php?rest_route=\/wp\/v2\/users\/5"}],"replies":[{"embeddable":true,"href":"https:\/\/katinkaskitchen.com\/index.php?rest_route=%2Fwp%2Fv2%2Fcomments&post=29077"}],"version-history":[{"count":6,"href":"https:\/\/katinkaskitchen.com\/index.php?rest_route=\/wp\/v2\/posts\/29077\/revisions"}],"predecessor-version":[{"id":36242,"href":"https:\/\/katinkaskitchen.com\/index.php?rest_route=\/wp\/v2\/posts\/29077\/revisions\/36242"}],"wp:featuredmedia":[{"embeddable":true,"href":"https:\/\/katinkaskitchen.com\/index.php?rest_route=\/wp\/v2\/media\/29081"}],"wp:attachment":[{"href":"https:\/\/katinkaskitchen.com\/index.php?rest_route=%2Fwp%2Fv2%2Fmedia&parent=29077"}],"wp:term":[{"taxonomy":"category","embeddable":true,"href":"https:\/\/katinkaskitchen.com\/index.php?rest_route=%2Fwp%2Fv2%2Fcategories&post=29077"},{"taxonomy":"post_tag","embeddable":true,"href":"https:\/\/katinkaskitchen.com\/index.php?rest_route=%2Fwp%2Fv2%2Ftags&post=29077"}],"curies":[{"name":"wp","href":"https:\/\/api.w.org\/{rel}","templated":true}]}}