{"id":29355,"date":"2018-09-09T03:00:54","date_gmt":"2018-09-09T03:00:54","guid":{"rendered":"http:\/\/katinkaskitchen.com\/?p=29355"},"modified":"2022-12-13T14:20:28","modified_gmt":"2022-12-13T13:20:28","slug":"raksallad-med-ramsloksmajonnas","status":"publish","type":"post","link":"https:\/\/katinkaskitchen.com\/?p=29355","title":{"rendered":"R\u00e4ksallad med ramsl\u00f6ksmajonn\u00e4s"},"content":{"rendered":"<p><img loading=\"lazy\" decoding=\"async\" class=\"alignright size-large wp-image-29374\" src=\"http:\/\/files.katinkaskitchen.com\/2018\/09\/IMG_5586-1024x1024.jpg\" alt=\"\" width=\"1024\" height=\"1024\" srcset=\"https:\/\/files.katinkaskitchen.com\/2018\/09\/IMG_5586-1024x1024.jpg 1024w, https:\/\/files.katinkaskitchen.com\/2018\/09\/IMG_5586-150x150.jpg 150w, https:\/\/files.katinkaskitchen.com\/2018\/09\/IMG_5586-300x300.jpg 300w, https:\/\/files.katinkaskitchen.com\/2018\/09\/IMG_5586-768x768.jpg 768w\" sizes=\"auto, (max-width: 1024px) 100vw, 1024px\" \/><\/p>\n<p><strong>R\u00e4ksallad &#8211; eller r\u00e4kcocktail n\u00e4r den serveras i lite mindre format, kanske i en coupe &#8211; den perfekta l\u00e4tt- och snabblagade f\u00f6rr\u00e4tten alternativt lunchen.&nbsp;<\/strong><\/p>\n<p>N\u00e4r jag vill att det ska g\u00e5 extra fort k\u00f6per jag handskalade r\u00e4kor i lag &#8211; de \u00e4r riktigt bra!<\/p>\n<p>Se eget inl\u00e4gg f\u00f6r receptet p\u00e5 ramsl\u00f6ksmajonn\u00e4s h\u00e4r bredvid eller s\u00f6k i s\u00f6krutan uppe till h\u00f6ger.<\/p>\n<p><em><strong>Du beh\u00f6ver f\u00f6r 4 personer:&nbsp;<img loading=\"lazy\" decoding=\"async\" class=\"alignright size-medium wp-image-29376\" src=\"http:\/\/files.katinkaskitchen.com\/2018\/09\/fullsizeoutput_1a52-225x300.jpeg\" alt=\"\" width=\"225\" height=\"300\" srcset=\"https:\/\/files.katinkaskitchen.com\/2018\/09\/fullsizeoutput_1a52-225x300.jpeg 225w, https:\/\/files.katinkaskitchen.com\/2018\/09\/fullsizeoutput_1a52-113x150.jpeg 113w, https:\/\/files.katinkaskitchen.com\/2018\/09\/fullsizeoutput_1a52-768x1024.jpeg 768w\" sizes=\"auto, (max-width: 225px) 100vw, 225px\" \/><\/strong><\/em><\/p>\n<p>250-300 &nbsp;gram skalade r\u00e4kor<\/p>\n<p>salladsblad &#8211; jag tog romansallad, men det \u00e4r gott med en blandning av salladsblad<\/p>\n<p>16 cocktailtomater, skurna i halvor (jag tog h\u00e4lften gula och h\u00e4lften r\u00f6da)<\/p>\n<p>2 avokados, skurna i skivor<\/p>\n<p>4 skedar ramsl\u00f6ksmajonn\u00e4s eller annan helst hemslungad majonn\u00e4s (s\u00e5 mycket godare!)<\/p>\n<p>salt och peppar<\/p>\n<p><strong><em>G\u00f6r s\u00e5 h\u00e4r:&nbsp;<img loading=\"lazy\" decoding=\"async\" class=\"alignright size-medium wp-image-29377\" src=\"http:\/\/files.katinkaskitchen.com\/2018\/09\/fullsizeoutput_1a50-300x225.jpeg\" alt=\"\" width=\"300\" height=\"225\" srcset=\"https:\/\/files.katinkaskitchen.com\/2018\/09\/fullsizeoutput_1a50-300x225.jpeg 300w, https:\/\/files.katinkaskitchen.com\/2018\/09\/fullsizeoutput_1a50-150x113.jpeg 150w, https:\/\/files.katinkaskitchen.com\/2018\/09\/fullsizeoutput_1a50-768x576.jpeg 768w, https:\/\/files.katinkaskitchen.com\/2018\/09\/fullsizeoutput_1a50-1024x768.jpeg 1024w\" sizes=\"auto, (max-width: 300px) 100vw, 300px\" \/><\/em><\/strong><\/p>\n<p>Sk\u00f6lj och centrifugera eller torka salladen. (En salladsslunga \u00e4r prylen du inte trodde du beh\u00f6vde f\u00f6rr\u00e4n du skaffat en!) L\u00e4gg upp salladen p\u00e5 fat eller i sk\u00e5lar, dekorera med tomathalvorna och avokadoskivorna. Peppra och salta, l\u00e4gg p\u00e5 r\u00e4korna. Toppa med en sked ramsl\u00f6ksmajonn\u00e4s. Servera direkt eller l\u00e5t st\u00e5 ett tag medan du f\u00f6rbereder resten av middagen tills det \u00e4r dags att servera f\u00f6rr\u00e4tten. .<\/p>\n<p>Bon app\u00e9tit \u00f6nskas med v\u00e4nliga matglada h\u00e4lsningar fr\u00e5n Katinkas Kitchen!<\/p>\n<p>Katinka Hammarski\u00f6ld<\/p>\n<p>katinka.hammarskiold@hotmail.com<\/p>\n<p>www.katinkaskitchen.com<\/p>\n","protected":false},"excerpt":{"rendered":"<p>R\u00e4ksallad &#8211; eller r\u00e4kcocktail n\u00e4r den serveras i lite mindre format, kanske i en coupe &#8211; den perfekta l\u00e4tt- och snabblagade f\u00f6rr\u00e4tten alternativt lunchen.&nbsp; N\u00e4r jag vill att det ska g\u00e5 extra fort k\u00f6per jag handskalade r\u00e4kor i lag &#8211; de \u00e4r riktigt bra! Se eget inl\u00e4gg f\u00f6r receptet p\u00e5 [&hellip;]<\/p>\n","protected":false},"author":5,"featured_media":29374,"comment_status":"open","ping_status":"closed","sticky":false,"template":"","format":"standard","meta":{"footnotes":""},"categories":[103,11808,78,109,11806,11749,11737],"tags":[],"class_list":["post-29355","post","type-post","status-publish","format-standard","has-post-thumbnail","hentry","category-agg","category-avokado","category-fisk","category-lattlagat-forratter-tilltugg","category-rakor","category-ramslok","category-sallader"],"_links":{"self":[{"href":"https:\/\/katinkaskitchen.com\/index.php?rest_route=\/wp\/v2\/posts\/29355","targetHints":{"allow":["GET"]}}],"collection":[{"href":"https:\/\/katinkaskitchen.com\/index.php?rest_route=\/wp\/v2\/posts"}],"about":[{"href":"https:\/\/katinkaskitchen.com\/index.php?rest_route=\/wp\/v2\/types\/post"}],"author":[{"embeddable":true,"href":"https:\/\/katinkaskitchen.com\/index.php?rest_route=\/wp\/v2\/users\/5"}],"replies":[{"embeddable":true,"href":"https:\/\/katinkaskitchen.com\/index.php?rest_route=%2Fwp%2Fv2%2Fcomments&post=29355"}],"version-history":[{"count":5,"href":"https:\/\/katinkaskitchen.com\/index.php?rest_route=\/wp\/v2\/posts\/29355\/revisions"}],"predecessor-version":[{"id":30965,"href":"https:\/\/katinkaskitchen.com\/index.php?rest_route=\/wp\/v2\/posts\/29355\/revisions\/30965"}],"wp:featuredmedia":[{"embeddable":true,"href":"https:\/\/katinkaskitchen.com\/index.php?rest_route=\/wp\/v2\/media\/29374"}],"wp:attachment":[{"href":"https:\/\/katinkaskitchen.com\/index.php?rest_route=%2Fwp%2Fv2%2Fmedia&parent=29355"}],"wp:term":[{"taxonomy":"category","embeddable":true,"href":"https:\/\/katinkaskitchen.com\/index.php?rest_route=%2Fwp%2Fv2%2Fcategories&post=29355"},{"taxonomy":"post_tag","embeddable":true,"href":"https:\/\/katinkaskitchen.com\/index.php?rest_route=%2Fwp%2Fv2%2Ftags&post=29355"}],"curies":[{"name":"wp","href":"https:\/\/api.w.org\/{rel}","templated":true}]}}