{"id":30137,"date":"2019-01-17T03:00:42","date_gmt":"2019-01-17T03:00:42","guid":{"rendered":"http:\/\/katinkaskitchen.com\/?p=30137"},"modified":"2022-12-13T13:02:00","modified_gmt":"2022-12-13T12:02:00","slug":"slutkval-i-gavle","status":"publish","type":"post","link":"https:\/\/katinkaskitchen.com\/?p=30137","title":{"rendered":"Slutkval i G\u00e4vle &#8211; vad som h\u00e4nde&#8230;"},"content":{"rendered":"\n<figure class=\"wp-block-image is-resized\"><img loading=\"lazy\" decoding=\"async\" src=\"http:\/\/files.katinkaskitchen.com\/2019\/01\/IMG_8257-1024x1024.jpg\" alt=\"\" class=\"wp-image-30203\" width=\"512\" height=\"512\" srcset=\"https:\/\/files.katinkaskitchen.com\/2019\/01\/IMG_8257-1024x1024.jpg 1024w, https:\/\/files.katinkaskitchen.com\/2019\/01\/IMG_8257-150x150.jpg 150w, https:\/\/files.katinkaskitchen.com\/2019\/01\/IMG_8257-300x300.jpg 300w, https:\/\/files.katinkaskitchen.com\/2019\/01\/IMG_8257-768x768.jpg 768w, https:\/\/files.katinkaskitchen.com\/2019\/01\/IMG_8257.jpg 1619w\" sizes=\"auto, (max-width: 512px) 100vw, 512px\" \/><figcaption class=\"wp-element-caption\">sammanbiten&#8230;<\/figcaption><\/figure>\n\n\n\n<p><strong>N\u00e4r det s\u00e5 blev dags f\u00f6r slutkvalet i G\u00e4vle f\u00f6r Sveriges M\u00e4sterkock var vi alla nerv\u00f6sa och sp\u00e4nda. Och den&nbsp;f\u00f6rsta uppgiften&nbsp;blev&#8230;&nbsp;att&nbsp;g\u00f6ra&nbsp;sm\u00f6rg\u00e5st\u00e5rta! (!!!)<\/strong><\/p>\n\n\n\n<p><strong>Jag&nbsp;har&nbsp;aldrig&nbsp;gjort&nbsp;sm\u00f6rg\u00e5st\u00e5rta&nbsp;tidigare,&nbsp;och&nbsp;knappt&nbsp;\u00e4tit&nbsp;sm\u00f6rg\u00e5st\u00e5rta.&nbsp;<\/strong><\/p>\n\n\n\n<p><strong>F\u00f6r&nbsp;mig&nbsp;\u00e4r&nbsp;det&nbsp;en&nbsp;skapelse&nbsp;d\u00e4r&nbsp;man&nbsp;plopprar&nbsp;ihop&nbsp;m\u00e5nga&nbsp;olika&nbsp;saker&nbsp;som&nbsp;egentligen&nbsp;inte&nbsp;passar&nbsp;s\u00e4rskilt&nbsp;bra&nbsp;ihop.&nbsp;<\/strong><\/p>\n\n\n\n<p><strong>N\u00e5v\u00e4l,&nbsp;h\u00e4r&nbsp;var&nbsp;det&nbsp;inte&nbsp;l\u00e4ge&nbsp;f\u00f6r&nbsp;n\u00e5gra&nbsp;personliga&nbsp;synpunkter,&nbsp;det&nbsp;var&nbsp;bara&nbsp;att&nbsp;snabbt&nbsp;t\u00e4nka&nbsp;till&nbsp;<\/strong><\/p>\n\n\n\n<p><strong>och&nbsp;f\u00f6rs\u00f6ka&nbsp;leverera&nbsp;n\u00e5got&nbsp;riktigt&nbsp;gott&nbsp;och&nbsp;bra.&nbsp;<\/strong><\/p>\n\n\n\n<p><strong>Det k\u00e4ndes som&nbsp;att&nbsp;min&nbsp;tanke&nbsp;var&nbsp;ganska&nbsp;god,&nbsp;d\u00e4r jag utgick fr\u00e5n&nbsp;Italien i min Torta al Tonno (tonfiskt\u00e5rta). <\/strong><\/p>\n\n\n\n<figure class=\"wp-block-image is-resized\"><img loading=\"lazy\" decoding=\"async\" src=\"http:\/\/files.katinkaskitchen.com\/2019\/01\/xeLdUV9lQD2InQQgQ6Xv6w-1024x768.jpg\" alt=\"\" class=\"wp-image-30198\" width=\"512\" height=\"384\" srcset=\"https:\/\/files.katinkaskitchen.com\/2019\/01\/xeLdUV9lQD2InQQgQ6Xv6w-1024x768.jpg 1024w, https:\/\/files.katinkaskitchen.com\/2019\/01\/xeLdUV9lQD2InQQgQ6Xv6w-150x113.jpg 150w, https:\/\/files.katinkaskitchen.com\/2019\/01\/xeLdUV9lQD2InQQgQ6Xv6w-300x225.jpg 300w, https:\/\/files.katinkaskitchen.com\/2019\/01\/xeLdUV9lQD2InQQgQ6Xv6w-768x576.jpg 768w\" sizes=\"auto, (max-width: 512px) 100vw, 512px\" \/><figcaption class=\"wp-element-caption\">rikligt skafferi, men allt r\u00e4cker inte till alla..<\/figcaption><\/figure>\n\n\n\n<p><strong>Alla sprang vilt omkring f\u00f6r att s\u00e4kra ingredienser och utrustning i tr\u00e4ngseln. Det rullade p\u00e5, men det \u00e4r otroligt sv\u00e5rt att laga mat och t\u00e4nka klart under s\u00e5dan tidspress! <\/strong><\/p>\n\n\n\n<figure class=\"wp-block-image is-resized\"><img loading=\"lazy\" decoding=\"async\" src=\"http:\/\/files.katinkaskitchen.com\/2019\/01\/DjNpLUxvTja6Qb8rJGjLGw-1024x768.jpg\" alt=\"\" class=\"wp-image-30199\" width=\"512\" height=\"384\" srcset=\"https:\/\/files.katinkaskitchen.com\/2019\/01\/DjNpLUxvTja6Qb8rJGjLGw-1024x768.jpg 1024w, https:\/\/files.katinkaskitchen.com\/2019\/01\/DjNpLUxvTja6Qb8rJGjLGw-150x113.jpg 150w, https:\/\/files.katinkaskitchen.com\/2019\/01\/DjNpLUxvTja6Qb8rJGjLGw-300x225.jpg 300w, https:\/\/files.katinkaskitchen.com\/2019\/01\/DjNpLUxvTja6Qb8rJGjLGw-768x576.jpg 768w\" sizes=\"auto, (max-width: 512px) 100vw, 512px\" \/><figcaption class=\"wp-element-caption\">och spring f\u00f6r att se vad som finns i skafferiet och f\u00f6rhoppningsvis lyckas ta det som beh\u00f6vs<\/figcaption><\/figure>\n\n\n\n<p><strong>Pl\u00f6tsligt ser jag i \u00f6gonvr\u00e5n d\u00e4r jag st\u00e5r vid den minimala yta varje t\u00e4vlande har hur stavmixern faller med min nyslagna majonn\u00e4s &#8211; <\/strong><\/p>\n\n\n\n<p><strong>i en vid b\u00e5ge och landar rakt p\u00e5 handtaget till durkslaget med kapris p\u00e5 avrinning&#8230; <\/strong><\/p>\n\n\n\n<p><strong>det blir en veritabel kapris- och majonn\u00e4sfest med kladd \u00f6ver hela golvet. <\/strong><\/p>\n\n\n\n<p><strong>Kameramannen kommer flygande med sin handkamera p\u00e5 axeln och jag st\u00e5r och ser minst sagt uppgiven ut. <\/strong><\/p>\n\n\n\n<p><strong>D\u00e4r var jag n\u00e4ra att bara ge upp. Men skam den som ger sig &#8211; iv\u00e4g och h\u00e4mta nya ingredienser, ny stavmixer och bunke. <\/strong><\/p>\n\n\n\n<figure class=\"wp-block-image is-resized\"><img loading=\"lazy\" decoding=\"async\" src=\"http:\/\/files.katinkaskitchen.com\/2019\/01\/c2HUWULGSvKB2foL9saig-1024x768.jpg\" alt=\"\" class=\"wp-image-30200\" width=\"512\" height=\"384\" srcset=\"https:\/\/files.katinkaskitchen.com\/2019\/01\/c2HUWULGSvKB2foL9saig-1024x768.jpg 1024w, https:\/\/files.katinkaskitchen.com\/2019\/01\/c2HUWULGSvKB2foL9saig-150x113.jpg 150w, https:\/\/files.katinkaskitchen.com\/2019\/01\/c2HUWULGSvKB2foL9saig-300x225.jpg 300w, https:\/\/files.katinkaskitchen.com\/2019\/01\/c2HUWULGSvKB2foL9saig-768x576.jpg 768w\" sizes=\"auto, (max-width: 512px) 100vw, 512px\" \/><figcaption class=\"wp-element-caption\">inte l\u00e4tt&#8230;..<\/figcaption><\/figure>\n\n\n\n<p><strong>Men oj, rapsoljan var slut &#8211; har n\u00e5gon olja \u00f6ver till mig? Hj\u00e4lpsamma medt\u00e4vlande kom till unds\u00e4ttning och jag fortsatte. <\/strong><\/p>\n\n\n\n<p><strong>Tiden fl\u00f6g fram och pl\u00f6tsligt var det dags att l\u00e4gga ihop sm\u00f6rg\u00e5st\u00e5rtan f\u00f6r att ha n\u00e5got att presentera. <\/strong><\/p>\n\n\n\n<figure class=\"wp-block-image is-resized\"><img loading=\"lazy\" decoding=\"async\" src=\"http:\/\/files.katinkaskitchen.com\/2019\/01\/8hMLbVQVQSu5l07BS1kSjQ-1024x768.jpg\" alt=\"\" class=\"wp-image-30197\" width=\"512\" height=\"384\" srcset=\"https:\/\/files.katinkaskitchen.com\/2019\/01\/8hMLbVQVQSu5l07BS1kSjQ-1024x768.jpg 1024w, https:\/\/files.katinkaskitchen.com\/2019\/01\/8hMLbVQVQSu5l07BS1kSjQ-150x113.jpg 150w, https:\/\/files.katinkaskitchen.com\/2019\/01\/8hMLbVQVQSu5l07BS1kSjQ-300x225.jpg 300w, https:\/\/files.katinkaskitchen.com\/2019\/01\/8hMLbVQVQSu5l07BS1kSjQ-768x576.jpg 768w\" sizes=\"auto, (max-width: 512px) 100vw, 512px\" \/><figcaption class=\"wp-element-caption\">full koncentration i M\u00e4sterkocksk\u00f6ket och gurkskivor som lever sitt eget liv! <\/figcaption><\/figure>\n\n\n\n<p><strong>Jag sl\u00e4ngde ihop den och det blev v\u00e4l s\u00e5d\u00e4r. Mitt jack i skivan h\u00f6ll i sig och cirklarna var rubbade, <\/strong><\/p>\n\n\n\n<p><strong>f\u00f6rutom att utmaningen var ganska stor f\u00f6r mig som aldrig gjort sm\u00f6rg\u00e5st\u00e5rta. <\/strong><\/p>\n\n\n\n<p><strong>Ut fl\u00f6g inte bara majonn\u00e4sen utan \u00e4ven jag, ur Sveriges M\u00e4sterkock och slutkvalet i G\u00e4vle. <\/strong><\/p>\n\n\n\n<figure class=\"wp-block-image is-resized\"><img loading=\"lazy\" decoding=\"async\" src=\"http:\/\/files.katinkaskitchen.com\/2019\/01\/Ve36jWlT0WCiO90x4SL3w-1024x768.jpg\" alt=\"\" class=\"wp-image-30201\" width=\"512\" height=\"384\" srcset=\"https:\/\/files.katinkaskitchen.com\/2019\/01\/Ve36jWlT0WCiO90x4SL3w-1024x768.jpg 1024w, https:\/\/files.katinkaskitchen.com\/2019\/01\/Ve36jWlT0WCiO90x4SL3w-150x113.jpg 150w, https:\/\/files.katinkaskitchen.com\/2019\/01\/Ve36jWlT0WCiO90x4SL3w-300x225.jpg 300w, https:\/\/files.katinkaskitchen.com\/2019\/01\/Ve36jWlT0WCiO90x4SL3w-768x576.jpg 768w\" sizes=\"auto, (max-width: 512px) 100vw, 512px\" \/><figcaption class=\"wp-element-caption\">F\u00f6rkl\u00e4det l\u00e4mnas in&#8230; <\/figcaption><\/figure>\n\n\n\n<p><strong>Jag har utsatt mig f\u00f6r att laga mat under extrem tids- och psykologisk press och levererade inte det jag skulle.&nbsp;<\/strong><\/p>\n\n\n\n<p><strong>Men det var kul trots allt, h\u00e4rliga m\u00e4nniskor, fantastisk upplevelse och jag \u00e4r fortfarande en av de 39 som valdes ut till G\u00e4vle, och jag har ju f\u00e5tt ett M\u00e4sterkocksf\u00f6rkl\u00e4de! <\/strong><\/p>\n\n\n\n<p><strong>&#8211;&nbsp;det&nbsp;kan&nbsp;ingen&nbsp;ta&nbsp;ifr\u00e5n&nbsp;mig&nbsp;och&nbsp;det&nbsp;gl\u00e4ds&nbsp;jag&nbsp;\u00e5t! Kanske&nbsp;v\u00e5gar&nbsp;jag&nbsp;s\u00f6ka&nbsp;igen&#8230;&nbsp;<\/strong><\/p>\n\n\n\n<p>F\u00f6r den intresserade publiceras receptet p\u00e5 min Torta al Tonno i morgon h\u00e4r p\u00e5 Katinkas Kitchen! <\/p>\n\n\n\n<figure class=\"wp-block-image is-resized\"><img loading=\"lazy\" decoding=\"async\" src=\"http:\/\/files.katinkaskitchen.com\/2019\/01\/YozjPNRZSVWuTjmUa9abZg-1024x768.jpg\" alt=\"\" class=\"wp-image-30202\" width=\"512\" height=\"384\" srcset=\"https:\/\/files.katinkaskitchen.com\/2019\/01\/YozjPNRZSVWuTjmUa9abZg-1024x768.jpg 1024w, https:\/\/files.katinkaskitchen.com\/2019\/01\/YozjPNRZSVWuTjmUa9abZg-150x113.jpg 150w, https:\/\/files.katinkaskitchen.com\/2019\/01\/YozjPNRZSVWuTjmUa9abZg-300x225.jpg 300w, https:\/\/files.katinkaskitchen.com\/2019\/01\/YozjPNRZSVWuTjmUa9abZg-768x576.jpg 768w\" sizes=\"auto, (max-width: 512px) 100vw, 512px\" \/><figcaption class=\"wp-element-caption\">det g\u00e4ller att g\u00f6ra sorti \u00e5t r\u00e4tt h\u00e5ll hehe<\/figcaption><\/figure>\n\n\n\n<p>Med v\u00e4nliga matglada h\u00e4lsningar fr\u00e5n Katinkas Kitchen! <\/p>\n\n\n\n<p>Katinka Hammarski\u00f6ld<\/p>\n\n\n\n<p>katinka.hammarskiold@hotmail.com<\/p>\n\n\n\n<p>www.katinkaskitchen.com<\/p>\n","protected":false},"excerpt":{"rendered":"<p>N\u00e4r det s\u00e5 blev dags f\u00f6r slutkvalet i G\u00e4vle f\u00f6r Sveriges M\u00e4sterkock var vi alla nerv\u00f6sa och sp\u00e4nda. Och den&nbsp;f\u00f6rsta uppgiften&nbsp;blev&#8230;&nbsp;att&nbsp;g\u00f6ra&nbsp;sm\u00f6rg\u00e5st\u00e5rta! (!!!) Jag&nbsp;har&nbsp;aldrig&nbsp;gjort&nbsp;sm\u00f6rg\u00e5st\u00e5rta&nbsp;tidigare,&nbsp;och&nbsp;knappt&nbsp;\u00e4tit&nbsp;sm\u00f6rg\u00e5st\u00e5rta.&nbsp; F\u00f6r&nbsp;mig&nbsp;\u00e4r&nbsp;det&nbsp;en&nbsp;skapelse&nbsp;d\u00e4r&nbsp;man&nbsp;plopprar&nbsp;ihop&nbsp;m\u00e5nga&nbsp;olika&nbsp;saker&nbsp;som&nbsp;egentligen&nbsp;inte&nbsp;passar&nbsp;s\u00e4rskilt&nbsp;bra&nbsp;ihop.&nbsp; N\u00e5v\u00e4l,&nbsp;h\u00e4r&nbsp;var&nbsp;det&nbsp;inte&nbsp;l\u00e4ge&nbsp;f\u00f6r&nbsp;n\u00e5gra&nbsp;personliga&nbsp;synpunkter,&nbsp;det&nbsp;var&nbsp;bara&nbsp;att&nbsp;snabbt&nbsp;t\u00e4nka&nbsp;till&nbsp; och&nbsp;f\u00f6rs\u00f6ka&nbsp;leverera&nbsp;n\u00e5got&nbsp;riktigt&nbsp;gott&nbsp;och&nbsp;bra.&nbsp; Det k\u00e4ndes som&nbsp;att&nbsp;min&nbsp;tanke&nbsp;var&nbsp;ganska&nbsp;god,&nbsp;d\u00e4r jag utgick fr\u00e5n&nbsp;Italien i min Torta al Tonno (tonfiskt\u00e5rta). Alla sprang vilt omkring f\u00f6r att s\u00e4kra ingredienser och utrustning i tr\u00e4ngseln. [&hellip;]<\/p>\n","protected":false},"author":5,"featured_media":30197,"comment_status":"open","ping_status":"closed","sticky":false,"template":"","format":"standard","meta":{"footnotes":""},"categories":[114],"tags":[],"class_list":["post-30137","post","type-post","status-publish","format-standard","has-post-thumbnail","hentry","category-varmt-valkommen"],"_links":{"self":[{"href":"https:\/\/katinkaskitchen.com\/index.php?rest_route=\/wp\/v2\/posts\/30137","targetHints":{"allow":["GET"]}}],"collection":[{"href":"https:\/\/katinkaskitchen.com\/index.php?rest_route=\/wp\/v2\/posts"}],"about":[{"href":"https:\/\/katinkaskitchen.com\/index.php?rest_route=\/wp\/v2\/types\/post"}],"author":[{"embeddable":true,"href":"https:\/\/katinkaskitchen.com\/index.php?rest_route=\/wp\/v2\/users\/5"}],"replies":[{"embeddable":true,"href":"https:\/\/katinkaskitchen.com\/index.php?rest_route=%2Fwp%2Fv2%2Fcomments&post=30137"}],"version-history":[{"count":18,"href":"https:\/\/katinkaskitchen.com\/index.php?rest_route=\/wp\/v2\/posts\/30137\/revisions"}],"predecessor-version":[{"id":36114,"href":"https:\/\/katinkaskitchen.com\/index.php?rest_route=\/wp\/v2\/posts\/30137\/revisions\/36114"}],"wp:featuredmedia":[{"embeddable":true,"href":"https:\/\/katinkaskitchen.com\/index.php?rest_route=\/wp\/v2\/media\/30197"}],"wp:attachment":[{"href":"https:\/\/katinkaskitchen.com\/index.php?rest_route=%2Fwp%2Fv2%2Fmedia&parent=30137"}],"wp:term":[{"taxonomy":"category","embeddable":true,"href":"https:\/\/katinkaskitchen.com\/index.php?rest_route=%2Fwp%2Fv2%2Fcategories&post=30137"},{"taxonomy":"post_tag","embeddable":true,"href":"https:\/\/katinkaskitchen.com\/index.php?rest_route=%2Fwp%2Fv2%2Ftags&post=30137"}],"curies":[{"name":"wp","href":"https:\/\/api.w.org\/{rel}","templated":true}]}}