{"id":30187,"date":"2019-01-16T03:00:39","date_gmt":"2019-01-16T03:00:39","guid":{"rendered":"http:\/\/katinkaskitchen.com\/?p=30187"},"modified":"2021-02-18T13:46:44","modified_gmt":"2021-02-18T12:46:44","slug":"slutkval-i-gavle-2","status":"publish","type":"post","link":"https:\/\/katinkaskitchen.com\/?p=30187","title":{"rendered":"Slutkval i G\u00e4vle!"},"content":{"rendered":"\n<figure class=\"wp-block-image is-resized\"><img loading=\"lazy\" decoding=\"async\" src=\"http:\/\/files.katinkaskitchen.com\/2019\/01\/m8BvPZ14TuMh3AuHcEzQ-1024x768.jpg\" alt=\"\" class=\"wp-image-30188\" width=\"512\" height=\"384\" srcset=\"https:\/\/files.katinkaskitchen.com\/2019\/01\/m8BvPZ14TuMh3AuHcEzQ-1024x768.jpg 1024w, https:\/\/files.katinkaskitchen.com\/2019\/01\/m8BvPZ14TuMh3AuHcEzQ-150x113.jpg 150w, https:\/\/files.katinkaskitchen.com\/2019\/01\/m8BvPZ14TuMh3AuHcEzQ-300x225.jpg 300w, https:\/\/files.katinkaskitchen.com\/2019\/01\/m8BvPZ14TuMh3AuHcEzQ-768x576.jpg 768w\" sizes=\"auto, (max-width: 512px) 100vw, 512px\" \/><\/figure>\n\n\n\n<p>S\u00e5 \u00e4r det ikv\u00e4ll dags f\u00f6r Sveriges M\u00e4sterkock igen &#8211; denna g\u00e5ng b\u00f6rjar slutkvalet i G\u00e4vle, kl 20.00 p\u00e5 TV 4. Och jag \u00e4r med! Efter att jag f\u00e5tt m\u00e4sterkocksf\u00f6rkl\u00e4det vid audition i Helsingborg samlades det in igen f\u00f6r att \u00e5terf\u00e5s i G\u00e4vle. F\u00f6rv\u00e4ntansfulla m\u00f6ttes vi 39 som valts ut bland alla tusentals amat\u00f6rkockar som s\u00f6kt till \u00e5rets omg\u00e5ng. Det var b\u00e5de sp\u00e4nnande och nerv\u00f6st, pirrigt. Man vet inte vad som ska h\u00e4nda, vad utmaningarna best\u00e5r av, hur det g\u00e5r till etc. Det \u00e4r en sak att laga mat och k\u00e4nna sig ganska s\u00e4ker p\u00e5 det, det \u00e4r en helt annan sak att g\u00f6ra det framf\u00f6r kameran, p\u00e5 tid under enorm stress och med alla os\u00e4kerhetsmoment. Nu drar det ig\u00e5ng.. <\/p>\n\n\n\n<figure class=\"wp-block-image is-resized\"><img loading=\"lazy\" decoding=\"async\" src=\"http:\/\/files.katinkaskitchen.com\/2019\/01\/N2YPDbsuRACd98SiHwKTTQ-1024x768.jpg\" alt=\"\" class=\"wp-image-30189\" width=\"512\" height=\"384\" srcset=\"https:\/\/files.katinkaskitchen.com\/2019\/01\/N2YPDbsuRACd98SiHwKTTQ-1024x768.jpg 1024w, https:\/\/files.katinkaskitchen.com\/2019\/01\/N2YPDbsuRACd98SiHwKTTQ-150x113.jpg 150w, https:\/\/files.katinkaskitchen.com\/2019\/01\/N2YPDbsuRACd98SiHwKTTQ-300x225.jpg 300w, https:\/\/files.katinkaskitchen.com\/2019\/01\/N2YPDbsuRACd98SiHwKTTQ-768x576.jpg 768w\" sizes=\"auto, (max-width: 512px) 100vw, 512px\" \/><\/figure>\n\n\n\n<p>Med v\u00e4nliga matglada h\u00e4lsningar <\/p>\n\n\n\n<p>Katinka Hammarski\u00f6ld<\/p>\n\n\n\n<p>katinka.hammarskiold@hotmail.com<\/p>\n\n\n\n<p>www.katinkaskitchen.com<\/p>\n","protected":false},"excerpt":{"rendered":"<p>S\u00e5 \u00e4r det ikv\u00e4ll dags f\u00f6r Sveriges M\u00e4sterkock igen &#8211; denna g\u00e5ng b\u00f6rjar slutkvalet i G\u00e4vle, kl 20.00 p\u00e5 TV 4. Och jag \u00e4r med! Efter att jag f\u00e5tt m\u00e4sterkocksf\u00f6rkl\u00e4det vid audition i Helsingborg samlades det in igen f\u00f6r att \u00e5terf\u00e5s i G\u00e4vle. F\u00f6rv\u00e4ntansfulla m\u00f6ttes vi 39 som valts ut [&hellip;]<\/p>\n","protected":false},"author":5,"featured_media":0,"comment_status":"open","ping_status":"closed","sticky":false,"template":"","format":"standard","meta":{"footnotes":""},"categories":[114],"tags":[],"class_list":["post-30187","post","type-post","status-publish","format-standard","hentry","category-varmt-valkommen"],"_links":{"self":[{"href":"https:\/\/katinkaskitchen.com\/index.php?rest_route=\/wp\/v2\/posts\/30187","targetHints":{"allow":["GET"]}}],"collection":[{"href":"https:\/\/katinkaskitchen.com\/index.php?rest_route=\/wp\/v2\/posts"}],"about":[{"href":"https:\/\/katinkaskitchen.com\/index.php?rest_route=\/wp\/v2\/types\/post"}],"author":[{"embeddable":true,"href":"https:\/\/katinkaskitchen.com\/index.php?rest_route=\/wp\/v2\/users\/5"}],"replies":[{"embeddable":true,"href":"https:\/\/katinkaskitchen.com\/index.php?rest_route=%2Fwp%2Fv2%2Fcomments&post=30187"}],"version-history":[{"count":2,"href":"https:\/\/katinkaskitchen.com\/index.php?rest_route=\/wp\/v2\/posts\/30187\/revisions"}],"predecessor-version":[{"id":33746,"href":"https:\/\/katinkaskitchen.com\/index.php?rest_route=\/wp\/v2\/posts\/30187\/revisions\/33746"}],"wp:attachment":[{"href":"https:\/\/katinkaskitchen.com\/index.php?rest_route=%2Fwp%2Fv2%2Fmedia&parent=30187"}],"wp:term":[{"taxonomy":"category","embeddable":true,"href":"https:\/\/katinkaskitchen.com\/index.php?rest_route=%2Fwp%2Fv2%2Fcategories&post=30187"},{"taxonomy":"post_tag","embeddable":true,"href":"https:\/\/katinkaskitchen.com\/index.php?rest_route=%2Fwp%2Fv2%2Ftags&post=30187"}],"curies":[{"name":"wp","href":"https:\/\/api.w.org\/{rel}","templated":true}]}}