{"id":31611,"date":"2019-09-23T03:10:24","date_gmt":"2019-09-23T03:10:24","guid":{"rendered":"http:\/\/katinkaskitchen.com\/?p=31611"},"modified":"2022-12-13T11:12:35","modified_gmt":"2022-12-13T10:12:35","slug":"koksrenovering","status":"publish","type":"post","link":"https:\/\/katinkaskitchen.com\/?p=31611","title":{"rendered":"K\u00f6ksrenovering!"},"content":{"rendered":"\n<figure class=\"wp-block-image is-resized\"><img loading=\"lazy\" decoding=\"async\" src=\"http:\/\/files.katinkaskitchen.com\/2019\/09\/fullsizeoutput_2cf5-1024x768.jpeg\" alt=\"\" class=\"wp-image-31621\" width=\"512\" height=\"384\" srcset=\"https:\/\/files.katinkaskitchen.com\/2019\/09\/fullsizeoutput_2cf5-1024x768.jpeg 1024w, https:\/\/files.katinkaskitchen.com\/2019\/09\/fullsizeoutput_2cf5-150x113.jpeg 150w, https:\/\/files.katinkaskitchen.com\/2019\/09\/fullsizeoutput_2cf5-300x225.jpeg 300w, https:\/\/files.katinkaskitchen.com\/2019\/09\/fullsizeoutput_2cf5-768x576.jpeg 768w\" sizes=\"auto, (max-width: 512px) 100vw, 512px\" \/><\/figure>\n\n\n\n<p><strong>Ut med det gamla &#8211; in med det nya! F\u00f6r fem \u00e5r sedan i precis dessa septemberdagar gjorde jag mig s\u00e5 f\u00f6rberedd man nu kan p\u00e5 en hastigt p\u00e5kommen br\u00f6stcanceroperation. I samma veva kom de och skulle s\u00e4tta in v\u00e5ra nya takkupor, d\u00e5 de gamla visat sig l\u00e4cka in regnvatten. Vad som skulle vara en endagsoperation blev ett tv\u00e5veckors kaos med total t\u00f6mning av hela k\u00f6ket-vardagsrummet som kr\u00f6ntes med omm\u00e5lning av v\u00e4ggarna och hela taket. Jag konstaterade sakligt med en dos galghumor: Ut med det gamla, in med det nya &#8211; nya f\u00f6nster, nya br\u00f6st. <\/strong><\/p>\n\n\n\n<figure class=\"wp-block-image is-resized\"><img loading=\"lazy\" decoding=\"async\" src=\"http:\/\/files.katinkaskitchen.com\/2019\/09\/ICw23IMcQu6URZXL6IcqQQ-1024x768.jpg\" alt=\"\" class=\"wp-image-31618\" width=\"512\" height=\"384\" srcset=\"https:\/\/files.katinkaskitchen.com\/2019\/09\/ICw23IMcQu6URZXL6IcqQQ-1024x768.jpg 1024w, https:\/\/files.katinkaskitchen.com\/2019\/09\/ICw23IMcQu6URZXL6IcqQQ-150x113.jpg 150w, https:\/\/files.katinkaskitchen.com\/2019\/09\/ICw23IMcQu6URZXL6IcqQQ-300x225.jpg 300w, https:\/\/files.katinkaskitchen.com\/2019\/09\/ICw23IMcQu6URZXL6IcqQQ-768x576.jpg 768w\" sizes=\"auto, (max-width: 512px) 100vw, 512px\" \/><\/figure>\n\n\n\n<p><strong>Fem \u00e5r senare p\u00e5minner det lite om hur det var d\u00e5, men s\u00e5 mycket b\u00e4ttre &#8211; f\u00f6r den h\u00e4r g\u00e5ngen \u00e4r det bara gl\u00e4dje inblandat. Efter sex \u00e5r med det k\u00f6k som fanns h\u00e4r n\u00e4r vi flyttade in ska vi \u00e4ntligen g\u00f6ra slag i saken och byta ut det. Det b\u00f6rjade f\u00f6r ett \u00e5r sedan med att spish\u00e4llen gick s\u00f6nder. Det visade sig att den var 70 cm bred och tillverkas inte l\u00e4ngre. Vi fick l\u00e5na en gammal h\u00e4ll av v\u00e5r trevlige elektriker, en l\u00e5ngsam men fungerande 60 cm-h\u00e4ll som tj\u00e4nat oss troget om \u00e4n med vissa irritationsmoment under det g\u00e5ngna \u00e5ret. <\/strong><\/p>\n\n\n\n<figure class=\"wp-block-image is-resized\"><img loading=\"lazy\" decoding=\"async\" src=\"http:\/\/files.katinkaskitchen.com\/2019\/09\/fullsizeoutput_2cf3-1024x768.jpeg\" alt=\"\" class=\"wp-image-31619\" width=\"512\" height=\"384\" srcset=\"https:\/\/files.katinkaskitchen.com\/2019\/09\/fullsizeoutput_2cf3-1024x768.jpeg 1024w, https:\/\/files.katinkaskitchen.com\/2019\/09\/fullsizeoutput_2cf3-150x113.jpeg 150w, https:\/\/files.katinkaskitchen.com\/2019\/09\/fullsizeoutput_2cf3-300x225.jpeg 300w, https:\/\/files.katinkaskitchen.com\/2019\/09\/fullsizeoutput_2cf3-768x576.jpeg 768w\" sizes=\"auto, (max-width: 512px) 100vw, 512px\" \/><\/figure>\n\n\n\n<p><strong>Med glipor i kanterna av den l\u00e5ngsamma h\u00e4llen har vi funderat p\u00e5 hur omfattande renovering vi ska ge oss i kast med. Det tidigare k\u00f6ket var helt okej, f\u00f6rutom de skrovliga vita b\u00e4nkskivorna som \u00e4r allt annat \u00e4n praktiska n\u00e4r man lagar mycket mat i sitt k\u00f6k. Att g\u00f6ra en liten renovering och bara byta ut dem visade sig mindre l\u00e4tt, d\u00e5 det g\u00e4rna blir en dominoeffekt. Till slut blir det s\u00e5ledes en total renovering, en rej\u00e4l ansiktslyftning &#8211; s\u00e5 sp\u00e4nnande!<\/strong><\/p>\n\n\n\n<figure class=\"wp-block-image is-resized\"><img loading=\"lazy\" decoding=\"async\" src=\"http:\/\/files.katinkaskitchen.com\/2019\/09\/fullsizeoutput_2cf4-768x1024.jpeg\" alt=\"\" class=\"wp-image-31622\" width=\"384\" height=\"512\" srcset=\"https:\/\/files.katinkaskitchen.com\/2019\/09\/fullsizeoutput_2cf4-768x1024.jpeg 768w, https:\/\/files.katinkaskitchen.com\/2019\/09\/fullsizeoutput_2cf4-113x150.jpeg 113w, https:\/\/files.katinkaskitchen.com\/2019\/09\/fullsizeoutput_2cf4-225x300.jpeg 225w\" sizes=\"auto, (max-width: 384px) 100vw, 384px\" \/><\/figure>\n\n\n\n<p><strong> Av f\u00f6rklarliga<\/strong> <strong>sk\u00e4l blir det d\u00e4rf\u00f6r ingen matlagning alls i mitt k\u00f6k p\u00e5 de h\u00e4r veckorna, men d\u00e4refter desto mer. Recept plockas emellertid fram dagligen ur min receptskatt och jag \u00f6nskar alla ni som kan laga mat i era k\u00f6k riktig matlagningsgl\u00e4dje! <\/strong><\/p>\n\n\n\n<p><strong>Med v\u00e4nliga matglada h\u00e4lsningar fr\u00e5n Katinkas Kitchen! <\/strong><\/p>\n\n\n\n<p>Katinka Hammarski\u00f6ld<\/p>\n\n\n\n<p>katinka.hammarskiold@hotmail.com<\/p>\n\n\n\n<p>www.katinkaskitchen.com<\/p>\n","protected":false},"excerpt":{"rendered":"<p>Ut med det gamla &#8211; in med det nya! F\u00f6r fem \u00e5r sedan i precis dessa septemberdagar gjorde jag mig s\u00e5 f\u00f6rberedd man nu kan p\u00e5 en hastigt p\u00e5kommen br\u00f6stcanceroperation. I samma veva kom de och skulle s\u00e4tta in v\u00e5ra nya takkupor, d\u00e5 de gamla visat sig l\u00e4cka in regnvatten. [&hellip;]<\/p>\n","protected":false},"author":5,"featured_media":31621,"comment_status":"open","ping_status":"closed","sticky":false,"template":"","format":"standard","meta":{"footnotes":""},"categories":[114],"tags":[],"class_list":["post-31611","post","type-post","status-publish","format-standard","has-post-thumbnail","hentry","category-varmt-valkommen"],"_links":{"self":[{"href":"https:\/\/katinkaskitchen.com\/index.php?rest_route=\/wp\/v2\/posts\/31611","targetHints":{"allow":["GET"]}}],"collection":[{"href":"https:\/\/katinkaskitchen.com\/index.php?rest_route=\/wp\/v2\/posts"}],"about":[{"href":"https:\/\/katinkaskitchen.com\/index.php?rest_route=\/wp\/v2\/types\/post"}],"author":[{"embeddable":true,"href":"https:\/\/katinkaskitchen.com\/index.php?rest_route=\/wp\/v2\/users\/5"}],"replies":[{"embeddable":true,"href":"https:\/\/katinkaskitchen.com\/index.php?rest_route=%2Fwp%2Fv2%2Fcomments&post=31611"}],"version-history":[{"count":5,"href":"https:\/\/katinkaskitchen.com\/index.php?rest_route=\/wp\/v2\/posts\/31611\/revisions"}],"predecessor-version":[{"id":33708,"href":"https:\/\/katinkaskitchen.com\/index.php?rest_route=\/wp\/v2\/posts\/31611\/revisions\/33708"}],"wp:featuredmedia":[{"embeddable":true,"href":"https:\/\/katinkaskitchen.com\/index.php?rest_route=\/wp\/v2\/media\/31621"}],"wp:attachment":[{"href":"https:\/\/katinkaskitchen.com\/index.php?rest_route=%2Fwp%2Fv2%2Fmedia&parent=31611"}],"wp:term":[{"taxonomy":"category","embeddable":true,"href":"https:\/\/katinkaskitchen.com\/index.php?rest_route=%2Fwp%2Fv2%2Fcategories&post=31611"},{"taxonomy":"post_tag","embeddable":true,"href":"https:\/\/katinkaskitchen.com\/index.php?rest_route=%2Fwp%2Fv2%2Ftags&post=31611"}],"curies":[{"name":"wp","href":"https:\/\/api.w.org\/{rel}","templated":true}]}}