{"id":32115,"date":"2020-01-17T03:00:00","date_gmt":"2020-01-17T03:00:00","guid":{"rendered":"http:\/\/katinkaskitchen.com\/?p=32115"},"modified":"2023-08-24T11:44:28","modified_gmt":"2023-08-24T09:44:28","slug":"min-auditionratt-i-sveriges-masterkock","status":"publish","type":"post","link":"https:\/\/katinkaskitchen.com\/?p=32115","title":{"rendered":"Min auditionr\u00e4tt i Sveriges M\u00e4sterkock"},"content":{"rendered":"\n<figure class=\"wp-block-image size-large is-resized\"><img loading=\"lazy\" decoding=\"async\" src=\"http:\/\/files.katinkaskitchen.com\/fullsizeoutput_328c-1024x768.jpeg\" alt=\"\" class=\"wp-image-32135\" style=\"width:512px;height:384px\" width=\"512\" height=\"384\" srcset=\"https:\/\/files.katinkaskitchen.com\/fullsizeoutput_328c-1024x768.jpeg 1024w, https:\/\/files.katinkaskitchen.com\/fullsizeoutput_328c-300x225.jpeg 300w, https:\/\/files.katinkaskitchen.com\/fullsizeoutput_328c-150x113.jpeg 150w, https:\/\/files.katinkaskitchen.com\/fullsizeoutput_328c-768x576.jpeg 768w, https:\/\/files.katinkaskitchen.com\/fullsizeoutput_328c-1536x1152.jpeg 1536w, https:\/\/files.katinkaskitchen.com\/fullsizeoutput_328c-2048x1536.jpeg 2048w\" sizes=\"auto, (max-width: 512px) 100vw, 512px\" \/><figcaption class=\"wp-element-caption\"> Jag missade i nervositeten helt att fota min r\u00e4tt som presenterades f\u00f6r juryn, och den kom ju inte med i programmet &#8211; men den liknade den h\u00e4r fast snyggare vill jag minnas \ud83d\ude42 <br>Som en elegantare korsning mellan den h\u00e4r och testtallrik 3 nedan<\/figcaption><\/figure>\n\n\n\n<p><strong>N\u00e4r man ska f\u00f6rs\u00f6ka t\u00e4vla i Sveriges M\u00e4sterkock g\u00e5r det \u00e5t mycket fundering och planering f\u00f6r att f\u00e5 fram en l\u00e4mplig t\u00e4vlingsr\u00e4tt. Den ska sedan provlagas om och om igen, och s\u00e5 ska uppl\u00e4ggningen testas fram och tillbaka tills r\u00e4tten k\u00e4nns klar att presentera. Dessutom har man ynka 45 minuter p\u00e5 sig att laga r\u00e4tten, inf\u00f6r TV-kamerorna. \u00c4ven om man f\u00e5r ha med f\u00e4rdig fond, kryddor, f\u00e4rdigskuret k\u00f6tt etc. g\u00e4ller det att allt sitter och man vet precis vad man g\u00f6r f\u00f6r att hinna &#8211; och sedan komma in till juryn med varm mat! <\/strong><\/p>\n\n\n\n<figure class=\"wp-block-image size-large is-resized\"><img loading=\"lazy\" decoding=\"async\" src=\"http:\/\/files.katinkaskitchen.com\/2019\/01\/49773430_3000917983267074_3893604534924083200_o-1-1024x1024.jpg\" alt=\"\" class=\"wp-image-30121\" style=\"width:512px;height:512px\" width=\"512\" height=\"512\" srcset=\"https:\/\/files.katinkaskitchen.com\/2019\/01\/49773430_3000917983267074_3893604534924083200_o-1-1024x1024.jpg 1024w, https:\/\/files.katinkaskitchen.com\/2019\/01\/49773430_3000917983267074_3893604534924083200_o-1-150x150.jpg 150w, https:\/\/files.katinkaskitchen.com\/2019\/01\/49773430_3000917983267074_3893604534924083200_o-1-300x300.jpg 300w, https:\/\/files.katinkaskitchen.com\/2019\/01\/49773430_3000917983267074_3893604534924083200_o-1-768x768.jpg 768w, https:\/\/files.katinkaskitchen.com\/2019\/01\/49773430_3000917983267074_3893604534924083200_o-1.jpg 1080w\" sizes=\"auto, (max-width: 512px) 100vw, 512px\" \/><figcaption class=\"wp-element-caption\">Min t\u00e4vlingsr\u00e4tten g\u00e5ngen innan &#8211; kummelrygg med rotfruktspytt och sm\u00f6rs\u00e5s p\u00e5 reducerad hemkokt havskr\u00e4ftsfond<\/figcaption><\/figure>\n\n\n\n<p><strong>Jag ville ha en r\u00e4tt som visar vem jag \u00e4r, mat lagad med k\u00e4rlek, skapad av mig. Eftersom jag f\u00f6rra \u00e5ret gjorde audition med fisk, n\u00e4rmare best\u00e4mt kummelrygg med rotfruktspytt och sm\u00f6rs\u00e5s p\u00e5 reducerad havskr\u00e4ftsfond, ville jag ha n\u00e5got med k\u00f6tt den h\u00e4r g\u00e5ngen. <\/strong><\/p>\n\n\n\n<figure class=\"wp-block-image size-large is-resized\"><img loading=\"lazy\" decoding=\"async\" src=\"http:\/\/files.katinkaskitchen.com\/fullsizeoutput_327c-1024x768.jpeg\" alt=\"\" class=\"wp-image-32155\" style=\"width:512px;height:384px\" width=\"512\" height=\"384\" srcset=\"https:\/\/files.katinkaskitchen.com\/fullsizeoutput_327c-1024x768.jpeg 1024w, https:\/\/files.katinkaskitchen.com\/fullsizeoutput_327c-300x225.jpeg 300w, https:\/\/files.katinkaskitchen.com\/fullsizeoutput_327c-150x113.jpeg 150w, https:\/\/files.katinkaskitchen.com\/fullsizeoutput_327c-768x576.jpeg 768w, https:\/\/files.katinkaskitchen.com\/fullsizeoutput_327c-1536x1152.jpeg 1536w, https:\/\/files.katinkaskitchen.com\/fullsizeoutput_327c-2048x1536.jpeg 2048w\" sizes=\"auto, (max-width: 512px) 100vw, 512px\" \/><figcaption class=\"wp-element-caption\">Allt \u00e4r f\u00f6rberett och p\u00e5sarna st\u00e5r packade f\u00f6r till Sveriges M\u00e4sterkock &#8211; uttagningen i T\u00e4by Centrum<\/figcaption><\/figure>\n\n\n\n<p><strong>D\u00e5 jag \u00e4lskar hjortk\u00f6tt f\u00f6ll sig valet naturligt; hjortfil\u00e9. Den kryddades med en egenh\u00e4ndigt komponerad kryddblandning med en massa sp\u00e4nnande saker i s\u00e5som rostad vitpeppar, korianderfr\u00f6 och enb\u00e4r, timjan, rosmarin, lagerblad, aromatisk espelettechili, svarta vinb\u00e4rspulver och salt. Tillbeh\u00f6ren d\u00e5? Jag gillar att laga mat efter s\u00e4song och eftersom audition g\u00f6rs i september valde jag selleri och zucchini. Zucchinin stektes i olivolja med saft av grillad citron och fick ytterligare smak av \u00f6rtsalt och en aning espelettechili. Sellerikuber som skurits med precision stektes i brynt sm\u00f6r med en gnutta citron. Persiljer\u00f6tter kokades och f\u00f6rvandlades till pur\u00e9 smaksatt med schalottenl\u00f6k, p\u00e4ron, brynt sm\u00f6r och grillad citron. D\u00e4rtill hade jag strimlat selleri som friterades och kryddades med ett hemgjort sellerisalt som jag gjort p\u00e5 ugnstorkad stj\u00e4lkselleri som mortlades med havssalt. <\/strong><\/p>\n\n\n\n<figure class=\"wp-block-image size-large is-resized\"><img loading=\"lazy\" decoding=\"async\" src=\"http:\/\/files.katinkaskitchen.com\/fullsizeoutput_3298-1024x768.jpeg\" alt=\"\" class=\"wp-image-32123\" style=\"width:512px;height:384px\" width=\"512\" height=\"384\" srcset=\"https:\/\/files.katinkaskitchen.com\/fullsizeoutput_3298-1024x768.jpeg 1024w, https:\/\/files.katinkaskitchen.com\/fullsizeoutput_3298-300x225.jpeg 300w, https:\/\/files.katinkaskitchen.com\/fullsizeoutput_3298-150x113.jpeg 150w, https:\/\/files.katinkaskitchen.com\/fullsizeoutput_3298-768x576.jpeg 768w, https:\/\/files.katinkaskitchen.com\/fullsizeoutput_3298-1536x1152.jpeg 1536w, https:\/\/files.katinkaskitchen.com\/fullsizeoutput_3298-2048x1536.jpeg 2048w\" sizes=\"auto, (max-width: 512px) 100vw, 512px\" \/><figcaption class=\"wp-element-caption\">Selleristrimlor friteras<\/figcaption><\/figure>\n\n\n\n<figure class=\"wp-block-image size-large is-resized\"><img loading=\"lazy\" decoding=\"async\" src=\"http:\/\/files.katinkaskitchen.com\/fullsizeoutput_3280-768x1024.jpeg\" alt=\"\" class=\"wp-image-32121\" style=\"width:384px;height:512px\" width=\"384\" height=\"512\" srcset=\"https:\/\/files.katinkaskitchen.com\/fullsizeoutput_3280-768x1024.jpeg 768w, https:\/\/files.katinkaskitchen.com\/fullsizeoutput_3280-225x300.jpeg 225w, https:\/\/files.katinkaskitchen.com\/fullsizeoutput_3280-113x150.jpeg 113w, https:\/\/files.katinkaskitchen.com\/fullsizeoutput_3280-1152x1536.jpeg 1152w, https:\/\/files.katinkaskitchen.com\/fullsizeoutput_3280-1536x2048.jpeg 1536w, https:\/\/files.katinkaskitchen.com\/fullsizeoutput_3280-scaled.jpeg 1920w\" sizes=\"auto, (max-width: 384px) 100vw, 384px\" \/><figcaption class=\"wp-element-caption\">S\u00e5sen kokas till a\u00f6uditionr\u00e4tten<\/figcaption><\/figure>\n\n\n\n<p><strong>S\u00e5sen m\u00e5ste vara alldeles magisk &#8211; full av k\u00e4rlek och magi! Jag valde att smaks\u00e4tta den med enb\u00e4r och gin, d\u00e4rf\u00f6r att jag i mitt smakn\u00f6rderi tycker att en not som finns i enb\u00e4r \u00e4ven g\u00e5r att k\u00e4nna i selleri<\/strong>. <strong>S\u00e5sen fick ytterligare smak och fyllighet av s\u00e5v\u00e4l schalottenl\u00f6k som p\u00e4ron och \u00e4pple, och en hemkokt fond. Det visade sig om\u00f6jligt att s\u00e5 l\u00e5ngt efter senaste jakten f\u00e5 tag p\u00e5 ben fr\u00e5n hjort, s\u00e5 jag kokade fonden p\u00e5 kalvben som jag k\u00f6pte i \u00d6stermalmshallen. Av en hel j\u00e4ttekastrull med benkok blev det en halv liter intensivt mustig fond som utgjorde basen i s\u00e5sen och reddes av med gr\u00e4dde och en aning arrowrot f\u00f6r r\u00e4tt konsistens.  <\/strong><\/p>\n\n\n\n<figure class=\"wp-block-image size-large is-resized\"><img loading=\"lazy\" decoding=\"async\" src=\"http:\/\/files.katinkaskitchen.com\/fullsizeoutput_3287-1024x768.jpeg\" alt=\"\" class=\"wp-image-32124\" style=\"width:512px;height:384px\" width=\"512\" height=\"384\" srcset=\"https:\/\/files.katinkaskitchen.com\/fullsizeoutput_3287-1024x768.jpeg 1024w, https:\/\/files.katinkaskitchen.com\/fullsizeoutput_3287-300x225.jpeg 300w, https:\/\/files.katinkaskitchen.com\/fullsizeoutput_3287-150x113.jpeg 150w, https:\/\/files.katinkaskitchen.com\/fullsizeoutput_3287-768x576.jpeg 768w, https:\/\/files.katinkaskitchen.com\/fullsizeoutput_3287-1536x1152.jpeg 1536w, https:\/\/files.katinkaskitchen.com\/fullsizeoutput_3287-2048x1536.jpeg 2048w\" sizes=\"auto, (max-width: 512px) 100vw, 512px\" \/><figcaption class=\"wp-element-caption\">Gr\u00f6nsakerna till kalvfonden<\/figcaption><\/figure>\n\n\n\n<figure class=\"wp-block-image size-large is-resized\"><img loading=\"lazy\" decoding=\"async\" src=\"http:\/\/files.katinkaskitchen.com\/fullsizeoutput_3285-1024x768.jpeg\" alt=\"\" class=\"wp-image-32125\" style=\"width:512px;height:384px\" width=\"512\" height=\"384\" srcset=\"https:\/\/files.katinkaskitchen.com\/fullsizeoutput_3285-1024x768.jpeg 1024w, https:\/\/files.katinkaskitchen.com\/fullsizeoutput_3285-300x225.jpeg 300w, https:\/\/files.katinkaskitchen.com\/fullsizeoutput_3285-150x113.jpeg 150w, https:\/\/files.katinkaskitchen.com\/fullsizeoutput_3285-768x576.jpeg 768w, https:\/\/files.katinkaskitchen.com\/fullsizeoutput_3285-1536x1152.jpeg 1536w, https:\/\/files.katinkaskitchen.com\/fullsizeoutput_3285-2048x1536.jpeg 2048w\" sizes=\"auto, (max-width: 512px) 100vw, 512px\" \/><figcaption class=\"wp-element-caption\">Kalvben rostas till fonden<\/figcaption><\/figure>\n\n\n\n<figure class=\"wp-block-image size-large is-resized\"><img loading=\"lazy\" decoding=\"async\" src=\"http:\/\/files.katinkaskitchen.com\/fullsizeoutput_3289-1024x768.jpeg\" alt=\"\" class=\"wp-image-32126\" style=\"width:512px;height:384px\" width=\"512\" height=\"384\" srcset=\"https:\/\/files.katinkaskitchen.com\/fullsizeoutput_3289-1024x768.jpeg 1024w, https:\/\/files.katinkaskitchen.com\/fullsizeoutput_3289-300x225.jpeg 300w, https:\/\/files.katinkaskitchen.com\/fullsizeoutput_3289-150x113.jpeg 150w, https:\/\/files.katinkaskitchen.com\/fullsizeoutput_3289-768x576.jpeg 768w, https:\/\/files.katinkaskitchen.com\/fullsizeoutput_3289-1536x1152.jpeg 1536w, https:\/\/files.katinkaskitchen.com\/fullsizeoutput_3289-2048x1536.jpeg 2048w\" sizes=\"auto, (max-width: 512px) 100vw, 512px\" \/><figcaption class=\"wp-element-caption\">Fonden kokar &#8211; sakta, l\u00e4nge, l\u00e4nge&#8230; det finns inga genv\u00e4gar till en god s\u00e5s! <\/figcaption><\/figure>\n\n\n\n<figure class=\"wp-block-image size-large is-resized\"><img loading=\"lazy\" decoding=\"async\" src=\"http:\/\/files.katinkaskitchen.com\/fullsizeoutput_328a-768x1024.jpeg\" alt=\"\" class=\"wp-image-32127\" style=\"width:384px;height:512px\" width=\"384\" height=\"512\" srcset=\"https:\/\/files.katinkaskitchen.com\/fullsizeoutput_328a-768x1024.jpeg 768w, https:\/\/files.katinkaskitchen.com\/fullsizeoutput_328a-225x300.jpeg 225w, https:\/\/files.katinkaskitchen.com\/fullsizeoutput_328a-113x150.jpeg 113w, https:\/\/files.katinkaskitchen.com\/fullsizeoutput_328a-1152x1536.jpeg 1152w, https:\/\/files.katinkaskitchen.com\/fullsizeoutput_328a-1536x2048.jpeg 1536w, https:\/\/files.katinkaskitchen.com\/fullsizeoutput_328a-scaled.jpeg 1920w\" sizes=\"auto, (max-width: 384px) 100vw, 384px\" \/><figcaption class=\"wp-element-caption\">Av j\u00e4ttekastrullen bidde det en halv liter mustig v\u00e4lsmakande reduktion till s\u00e5sbas<\/figcaption><\/figure>\n\n\n\n<p><strong>Att g\u00f6ra en vacker uppl\u00e4ggning \u00e4r l\u00e4ttare sagt \u00e4n gjort, s\u00e4rskilt n\u00e4r man ska ha s\u00e5s med p\u00e5 tallriken som hoppl\u00f6st vill rinna ut och \u00e4r allt annat \u00e4n fotog\u00e9nique<\/strong>. <strong>M\u00e5nga testvarianter blev det innan vi landade i det jag presenterade. N\u00e4r jag gick p\u00e5 f\u00f6rsta audition (man g\u00e5r f\u00f6rst igenom en slags f\u00f6r-audition f\u00f6r att se om man sl\u00e4pps fram till juryn inf\u00f6r TV-kamerorna) hade jag gr\u00f6n zucchini och friterad gr\u00f6nk\u00e5l med p\u00e5 tallriken. N\u00e4r jag gick vidare till audition inf\u00f6r juryn och TV-kamerorna i T\u00e4by Centrum valde jag att ta bort gr\u00f6nk\u00e5len och jagade r\u00e4tt p\u00e5 gul zucchini f\u00f6r att f\u00e5 mer h\u00f6stk\u00e4nsla p\u00e5 tallriken. Vi skulle ta med egen uppl\u00e4ggningstallrik, eftersom v\u00e5ra uppl\u00e4ggningstallrikar \u00e4r ganska sm\u00e5 och det blir vackrare uppl\u00e4ggning p\u00e5 en st\u00f6rre tallrik gick jag till Matteus butik och botaniserade. Jag hade t\u00e4nkt mig en vit tallrik, men vi kom fram till en varmt gr\u00e5 tallrik blev snyggare och mer h\u00f6stligt. Dessv\u00e4rre visades uppl\u00e4ggningen inte i TV, men Mischa gillade s\u00e5v\u00e4l den som tallriken! Den intresserade kan scrolla ner\u00e5t f\u00f6r n\u00e5gra testtallrikar.. <\/strong><\/p>\n\n\n\n<p><strong>Eftersom jag inte gick vidare fick man inte se min r\u00e4tt eller h\u00f6ra hur alla i juryn ber\u00f6mde min matlagning, hantering av k\u00f6ttet och smakerna &#8211; Mannerstr\u00f6m gick till och med tillbaka till tallriken f\u00f6r att \u00e4ta mer s\u00e5s n\u00e4r jag fick mitt M\u00e4sterkocksf\u00f6rkl\u00e4de p\u00e5h\u00e4ngt! <\/strong><\/p>\n\n\n\n<p><strong>Sedan fick jag v\u00e4nta ett tag i kulisserna och n\u00e4r jag kom ut stod maken och en god v\u00e4n och gjorde v\u00e5gen d\u00e5 de s\u00e5g att jag f\u00e5tt ett f\u00f6rkl\u00e4de! <\/strong><\/p>\n\n\n\n<figure class=\"wp-block-image size-large is-resized\"><img loading=\"lazy\" decoding=\"async\" src=\"http:\/\/files.katinkaskitchen.com\/fullsizeoutput_3299-1024x768.jpeg\" alt=\"\" class=\"wp-image-32130\" style=\"width:512px;height:384px\" width=\"512\" height=\"384\" srcset=\"https:\/\/files.katinkaskitchen.com\/fullsizeoutput_3299-1024x768.jpeg 1024w, https:\/\/files.katinkaskitchen.com\/fullsizeoutput_3299-300x225.jpeg 300w, https:\/\/files.katinkaskitchen.com\/fullsizeoutput_3299-150x113.jpeg 150w, https:\/\/files.katinkaskitchen.com\/fullsizeoutput_3299-768x576.jpeg 768w, https:\/\/files.katinkaskitchen.com\/fullsizeoutput_3299-1536x1152.jpeg 1536w, https:\/\/files.katinkaskitchen.com\/fullsizeoutput_3299-2048x1536.jpeg 2048w\" sizes=\"auto, (max-width: 512px) 100vw, 512px\" \/><figcaption class=\"wp-element-caption\">Jag fick ett f\u00f6rkl\u00e4de &#8211; G\u00e4vle n\u00e4sta! <\/figcaption><\/figure>\n\n\n\n<p><strong>Lycklig och glad \u00e5kte jag hem och vilade innan det var dags att kavla upp \u00e4rmarna och l\u00e4sa p\u00e5 och \u00f6va inf\u00f6r slutkvalet i G\u00e4vle. <\/strong><\/p>\n\n\n\n<figure class=\"wp-block-image size-large is-resized\"><img loading=\"lazy\" decoding=\"async\" src=\"http:\/\/files.katinkaskitchen.com\/fullsizeoutput_3275-768x1024.jpeg\" alt=\"\" class=\"wp-image-32151\" style=\"width:384px;height:512px\" width=\"384\" height=\"512\" srcset=\"https:\/\/files.katinkaskitchen.com\/fullsizeoutput_3275-768x1024.jpeg 768w, https:\/\/files.katinkaskitchen.com\/fullsizeoutput_3275-225x300.jpeg 225w, https:\/\/files.katinkaskitchen.com\/fullsizeoutput_3275-113x150.jpeg 113w, https:\/\/files.katinkaskitchen.com\/fullsizeoutput_3275-1152x1536.jpeg 1152w, https:\/\/files.katinkaskitchen.com\/fullsizeoutput_3275-1536x2048.jpeg 1536w, https:\/\/files.katinkaskitchen.com\/fullsizeoutput_3275-scaled.jpeg 1920w\" sizes=\"auto, (max-width: 384px) 100vw, 384px\" \/><figcaption class=\"wp-element-caption\">Sveriges M\u00e4sterkock &#8211; uttagning i T\u00e4by Centrum<br>Legendaren Mannerstr\u00f6m samlar tankarna<\/figcaption><\/figure>\n\n\n\n<figure class=\"wp-block-image size-large is-resized\"><img loading=\"lazy\" decoding=\"async\" src=\"http:\/\/files.katinkaskitchen.com\/fullsizeoutput_3277-768x1024.jpeg\" alt=\"\" class=\"wp-image-32152\" style=\"width:384px;height:512px\" width=\"384\" height=\"512\" srcset=\"https:\/\/files.katinkaskitchen.com\/fullsizeoutput_3277-768x1024.jpeg 768w, https:\/\/files.katinkaskitchen.com\/fullsizeoutput_3277-225x300.jpeg 225w, https:\/\/files.katinkaskitchen.com\/fullsizeoutput_3277-113x150.jpeg 113w, https:\/\/files.katinkaskitchen.com\/fullsizeoutput_3277-1152x1536.jpeg 1152w, https:\/\/files.katinkaskitchen.com\/fullsizeoutput_3277-1536x2048.jpeg 1536w, https:\/\/files.katinkaskitchen.com\/fullsizeoutput_3277-scaled.jpeg 1920w\" sizes=\"auto, (max-width: 384px) 100vw, 384px\" \/><figcaption class=\"wp-element-caption\">Sveriges M\u00e4sterkock &#8211; uttagning T\u00e4by Centrum<br>Mitt framtr\u00e4dande \u00e4r klart, smaks\u00e4kra Mischa Billing ska snart g\u00e5 upp p\u00e5 scen med de andra i juryn<\/figcaption><\/figure>\n\n\n\n<figure class=\"wp-block-image size-large is-resized\"><img loading=\"lazy\" decoding=\"async\" src=\"http:\/\/files.katinkaskitchen.com\/fullsizeoutput_3278-1024x768.jpeg\" alt=\"\" class=\"wp-image-32153\" style=\"width:512px;height:384px\" width=\"512\" height=\"384\" srcset=\"https:\/\/files.katinkaskitchen.com\/fullsizeoutput_3278-1024x768.jpeg 1024w, https:\/\/files.katinkaskitchen.com\/fullsizeoutput_3278-300x225.jpeg 300w, https:\/\/files.katinkaskitchen.com\/fullsizeoutput_3278-150x113.jpeg 150w, https:\/\/files.katinkaskitchen.com\/fullsizeoutput_3278-768x576.jpeg 768w, https:\/\/files.katinkaskitchen.com\/fullsizeoutput_3278-1536x1152.jpeg 1536w, https:\/\/files.katinkaskitchen.com\/fullsizeoutput_3278-2048x1536.jpeg 2048w\" sizes=\"auto, (max-width: 512px) 100vw, 512px\" \/><figcaption class=\"wp-element-caption\">Sveriges M\u00e4sterkock &#8211; Uttagning i T\u00e4by Centrum<br>Jurymedlemmarna delar med sig av sina kunskaper till allm\u00e4nheten och programmets producent Tina Graffman pratar med Leif<\/figcaption><\/figure>\n\n\n\n<p>Med v\u00e4nliga matglada h\u00e4lsningar fr\u00e5n<strong> <\/strong>Katinkas Kitchen! <\/p>\n\n\n\n<p>Katinka Hammarski\u00f6ld<\/p>\n\n\n\n<p>katinka.hammarskiold@hotmail.com<\/p>\n\n\n\n<p>www.katinkaskitchen.com<\/p>\n\n\n\n<figure class=\"wp-block-image size-large is-resized\"><img loading=\"lazy\" decoding=\"async\" src=\"http:\/\/files.katinkaskitchen.com\/fullsizeoutput_328f-1024x768.jpeg\" alt=\"\" class=\"wp-image-32133\" style=\"width:512px;height:384px\" width=\"512\" height=\"384\" srcset=\"https:\/\/files.katinkaskitchen.com\/fullsizeoutput_328f-1024x768.jpeg 1024w, https:\/\/files.katinkaskitchen.com\/fullsizeoutput_328f-300x225.jpeg 300w, https:\/\/files.katinkaskitchen.com\/fullsizeoutput_328f-150x113.jpeg 150w, https:\/\/files.katinkaskitchen.com\/fullsizeoutput_328f-768x576.jpeg 768w, https:\/\/files.katinkaskitchen.com\/fullsizeoutput_328f-1536x1152.jpeg 1536w, https:\/\/files.katinkaskitchen.com\/fullsizeoutput_328f-2048x1536.jpeg 2048w\" sizes=\"auto, (max-width: 512px) 100vw, 512px\" \/><figcaption class=\"wp-element-caption\">Auditionr\u00e4tten &#8211; test 1<\/figcaption><\/figure>\n\n\n\n<figure class=\"wp-block-image size-large is-resized\"><img loading=\"lazy\" decoding=\"async\" src=\"http:\/\/files.katinkaskitchen.com\/fullsizeoutput_3290-1024x768.jpeg\" alt=\"\" class=\"wp-image-32134\" style=\"width:512px;height:384px\" width=\"512\" height=\"384\" srcset=\"https:\/\/files.katinkaskitchen.com\/fullsizeoutput_3290-1024x768.jpeg 1024w, https:\/\/files.katinkaskitchen.com\/fullsizeoutput_3290-300x225.jpeg 300w, https:\/\/files.katinkaskitchen.com\/fullsizeoutput_3290-150x113.jpeg 150w, https:\/\/files.katinkaskitchen.com\/fullsizeoutput_3290-768x576.jpeg 768w, https:\/\/files.katinkaskitchen.com\/fullsizeoutput_3290-1536x1152.jpeg 1536w, https:\/\/files.katinkaskitchen.com\/fullsizeoutput_3290-2048x1536.jpeg 2048w\" sizes=\"auto, (max-width: 512px) 100vw, 512px\" \/><figcaption class=\"wp-element-caption\">Auditionr\u00e4tten &#8211; test 2<\/figcaption><\/figure>\n\n\n\n<figure class=\"wp-block-image size-large is-resized\"><img loading=\"lazy\" decoding=\"async\" src=\"http:\/\/files.katinkaskitchen.com\/fullsizeoutput_328e-1024x768.jpeg\" alt=\"\" class=\"wp-image-32119\" style=\"width:512px;height:384px\" width=\"512\" height=\"384\" srcset=\"https:\/\/files.katinkaskitchen.com\/fullsizeoutput_328e-1024x768.jpeg 1024w, https:\/\/files.katinkaskitchen.com\/fullsizeoutput_328e-300x225.jpeg 300w, https:\/\/files.katinkaskitchen.com\/fullsizeoutput_328e-150x113.jpeg 150w, https:\/\/files.katinkaskitchen.com\/fullsizeoutput_328e-768x576.jpeg 768w, https:\/\/files.katinkaskitchen.com\/fullsizeoutput_328e-1536x1152.jpeg 1536w, https:\/\/files.katinkaskitchen.com\/fullsizeoutput_328e-2048x1536.jpeg 2048w\" sizes=\"auto, (max-width: 512px) 100vw, 512px\" \/><figcaption class=\"wp-element-caption\">Auditionr\u00e4tten &#8211; test 3<br>R\u00e4tten som presenterades f\u00f6r juryn liknade den h\u00e4r &#8211; som en korsning mellan denna och tallriken \u00f6verst vill jag minnas, tyv\u00e4rr gl\u00f6mde jag i stressen och nervositeten att fota&#8230;<\/figcaption><\/figure>\n\n\n\n<figure class=\"wp-block-image size-large is-resized\"><img loading=\"lazy\" decoding=\"async\" src=\"http:\/\/files.katinkaskitchen.com\/fullsizeoutput_3291-1024x768.jpeg\" alt=\"\" class=\"wp-image-32136\" style=\"width:512px;height:384px\" width=\"512\" height=\"384\" srcset=\"https:\/\/files.katinkaskitchen.com\/fullsizeoutput_3291-1024x768.jpeg 1024w, https:\/\/files.katinkaskitchen.com\/fullsizeoutput_3291-300x225.jpeg 300w, https:\/\/files.katinkaskitchen.com\/fullsizeoutput_3291-150x112.jpeg 150w, https:\/\/files.katinkaskitchen.com\/fullsizeoutput_3291-768x576.jpeg 768w, https:\/\/files.katinkaskitchen.com\/fullsizeoutput_3291-1536x1152.jpeg 1536w, https:\/\/files.katinkaskitchen.com\/fullsizeoutput_3291-2048x1536.jpeg 2048w\" sizes=\"auto, (max-width: 512px) 100vw, 512px\" \/><figcaption class=\"wp-element-caption\">Auditionr\u00e4tten &#8211; test 4<\/figcaption><\/figure>\n\n\n\n<figure class=\"wp-block-image size-large is-resized\"><img loading=\"lazy\" decoding=\"async\" src=\"http:\/\/files.katinkaskitchen.com\/fullsizeoutput_3292-1024x768.jpeg\" alt=\"\" class=\"wp-image-32137\" style=\"width:512px;height:384px\" width=\"512\" height=\"384\" srcset=\"https:\/\/files.katinkaskitchen.com\/fullsizeoutput_3292-1024x768.jpeg 1024w, https:\/\/files.katinkaskitchen.com\/fullsizeoutput_3292-300x225.jpeg 300w, https:\/\/files.katinkaskitchen.com\/fullsizeoutput_3292-150x113.jpeg 150w, https:\/\/files.katinkaskitchen.com\/fullsizeoutput_3292-768x576.jpeg 768w, https:\/\/files.katinkaskitchen.com\/fullsizeoutput_3292-1536x1152.jpeg 1536w, https:\/\/files.katinkaskitchen.com\/fullsizeoutput_3292-2048x1536.jpeg 2048w\" sizes=\"auto, (max-width: 512px) 100vw, 512px\" \/><figcaption class=\"wp-element-caption\">Auditionr\u00e4tten &#8211; test 5<\/figcaption><\/figure>\n\n\n\n<figure class=\"wp-block-image size-large is-resized\"><img loading=\"lazy\" decoding=\"async\" src=\"http:\/\/files.katinkaskitchen.com\/fullsizeoutput_3293-1024x768.jpeg\" alt=\"\" class=\"wp-image-32138\" style=\"width:512px;height:384px\" width=\"512\" height=\"384\" srcset=\"https:\/\/files.katinkaskitchen.com\/fullsizeoutput_3293-1024x768.jpeg 1024w, https:\/\/files.katinkaskitchen.com\/fullsizeoutput_3293-300x225.jpeg 300w, https:\/\/files.katinkaskitchen.com\/fullsizeoutput_3293-150x113.jpeg 150w, https:\/\/files.katinkaskitchen.com\/fullsizeoutput_3293-768x576.jpeg 768w, https:\/\/files.katinkaskitchen.com\/fullsizeoutput_3293-1536x1152.jpeg 1536w, https:\/\/files.katinkaskitchen.com\/fullsizeoutput_3293-2048x1536.jpeg 2048w\" sizes=\"auto, (max-width: 512px) 100vw, 512px\" \/><figcaption class=\"wp-element-caption\">Auditionr\u00e4tten &#8211; test 6<\/figcaption><\/figure>\n\n\n\n<figure class=\"wp-block-image size-large is-resized\"><img loading=\"lazy\" decoding=\"async\" src=\"http:\/\/files.katinkaskitchen.com\/fullsizeoutput_3294-1024x768.jpeg\" alt=\"\" class=\"wp-image-32139\" style=\"width:512px;height:384px\" width=\"512\" height=\"384\" srcset=\"https:\/\/files.katinkaskitchen.com\/fullsizeoutput_3294-1024x768.jpeg 1024w, https:\/\/files.katinkaskitchen.com\/fullsizeoutput_3294-300x225.jpeg 300w, https:\/\/files.katinkaskitchen.com\/fullsizeoutput_3294-150x113.jpeg 150w, https:\/\/files.katinkaskitchen.com\/fullsizeoutput_3294-768x576.jpeg 768w, https:\/\/files.katinkaskitchen.com\/fullsizeoutput_3294-1536x1152.jpeg 1536w, https:\/\/files.katinkaskitchen.com\/fullsizeoutput_3294-2048x1536.jpeg 2048w\" sizes=\"auto, (max-width: 512px) 100vw, 512px\" \/><figcaption class=\"wp-element-caption\">Auditionr\u00e4tten &#8211; test 7<\/figcaption><\/figure>\n\n\n\n<figure class=\"wp-block-image size-large is-resized\"><img loading=\"lazy\" decoding=\"async\" src=\"http:\/\/files.katinkaskitchen.com\/fullsizeoutput_3295-1024x768.jpeg\" alt=\"\" class=\"wp-image-32140\" style=\"width:512px;height:384px\" width=\"512\" height=\"384\" srcset=\"https:\/\/files.katinkaskitchen.com\/fullsizeoutput_3295-1024x768.jpeg 1024w, https:\/\/files.katinkaskitchen.com\/fullsizeoutput_3295-300x225.jpeg 300w, https:\/\/files.katinkaskitchen.com\/fullsizeoutput_3295-150x113.jpeg 150w, https:\/\/files.katinkaskitchen.com\/fullsizeoutput_3295-768x576.jpeg 768w, https:\/\/files.katinkaskitchen.com\/fullsizeoutput_3295-1536x1152.jpeg 1536w, https:\/\/files.katinkaskitchen.com\/fullsizeoutput_3295-2048x1536.jpeg 2048w\" sizes=\"auto, (max-width: 512px) 100vw, 512px\" \/><figcaption class=\"wp-element-caption\">Auditionr\u00e4tten &#8211; test 8<\/figcaption><\/figure>\n\n\n\n<figure class=\"wp-block-image size-large is-resized\"><img loading=\"lazy\" decoding=\"async\" src=\"http:\/\/files.katinkaskitchen.com\/fullsizeoutput_3296-1024x768.jpeg\" alt=\"\" class=\"wp-image-32141\" style=\"width:512px;height:384px\" width=\"512\" height=\"384\" srcset=\"https:\/\/files.katinkaskitchen.com\/fullsizeoutput_3296-1024x768.jpeg 1024w, https:\/\/files.katinkaskitchen.com\/fullsizeoutput_3296-300x225.jpeg 300w, https:\/\/files.katinkaskitchen.com\/fullsizeoutput_3296-150x113.jpeg 150w, https:\/\/files.katinkaskitchen.com\/fullsizeoutput_3296-768x576.jpeg 768w, https:\/\/files.katinkaskitchen.com\/fullsizeoutput_3296-1536x1152.jpeg 1536w, https:\/\/files.katinkaskitchen.com\/fullsizeoutput_3296-2048x1536.jpeg 2048w\" sizes=\"auto, (max-width: 512px) 100vw, 512px\" \/><figcaption class=\"wp-element-caption\">Auditionr\u00e4tten &#8211; test 9<\/figcaption><\/figure>\n","protected":false},"excerpt":{"rendered":"<p>N\u00e4r man ska f\u00f6rs\u00f6ka t\u00e4vla i Sveriges M\u00e4sterkock g\u00e5r det \u00e5t mycket fundering och planering f\u00f6r att f\u00e5 fram en l\u00e4mplig t\u00e4vlingsr\u00e4tt. Den ska sedan provlagas om och om igen, och s\u00e5 ska uppl\u00e4ggningen testas fram och tillbaka tills r\u00e4tten k\u00e4nns klar att presentera. Dessutom har man ynka 45 minuter [&hellip;]<\/p>\n","protected":false},"author":5,"featured_media":32119,"comment_status":"open","ping_status":"closed","sticky":false,"template":"","format":"standard","meta":{"footnotes":""},"categories":[11825,4024,11805,11790,11810,96,4030,131],"tags":[],"class_list":["post-32115","post","type-post","status-publish","format-standard","has-post-thumbnail","hentry","category-enbar","category-festmiddagar","category-hjortkott","category-paron","category-persiljerot","category-selleri","category-vilt","category-zucchini"],"_links":{"self":[{"href":"https:\/\/katinkaskitchen.com\/index.php?rest_route=\/wp\/v2\/posts\/32115","targetHints":{"allow":["GET"]}}],"collection":[{"href":"https:\/\/katinkaskitchen.com\/index.php?rest_route=\/wp\/v2\/posts"}],"about":[{"href":"https:\/\/katinkaskitchen.com\/index.php?rest_route=\/wp\/v2\/types\/post"}],"author":[{"embeddable":true,"href":"https:\/\/katinkaskitchen.com\/index.php?rest_route=\/wp\/v2\/users\/5"}],"replies":[{"embeddable":true,"href":"https:\/\/katinkaskitchen.com\/index.php?rest_route=%2Fwp%2Fv2%2Fcomments&post=32115"}],"version-history":[{"count":19,"href":"https:\/\/katinkaskitchen.com\/index.php?rest_route=\/wp\/v2\/posts\/32115\/revisions"}],"predecessor-version":[{"id":37021,"href":"https:\/\/katinkaskitchen.com\/index.php?rest_route=\/wp\/v2\/posts\/32115\/revisions\/37021"}],"wp:featuredmedia":[{"embeddable":true,"href":"https:\/\/katinkaskitchen.com\/index.php?rest_route=\/wp\/v2\/media\/32119"}],"wp:attachment":[{"href":"https:\/\/katinkaskitchen.com\/index.php?rest_route=%2Fwp%2Fv2%2Fmedia&parent=32115"}],"wp:term":[{"taxonomy":"category","embeddable":true,"href":"https:\/\/katinkaskitchen.com\/index.php?rest_route=%2Fwp%2Fv2%2Fcategories&post=32115"},{"taxonomy":"post_tag","embeddable":true,"href":"https:\/\/katinkaskitchen.com\/index.php?rest_route=%2Fwp%2Fv2%2Ftags&post=32115"}],"curies":[{"name":"wp","href":"https:\/\/api.w.org\/{rel}","templated":true}]}}